{"id":183436,"date":"2014-07-28T00:04:02","date_gmt":"2014-07-28T05:04:02","guid":{"rendered":"http:\/\/www.diarioimagen.net\/?p=183436"},"modified":"2014-07-28T02:59:57","modified_gmt":"2014-07-28T07:59:57","slug":"intentan-comprar-su-silencio","status":"publish","type":"post","link":"https:\/\/www.diarioimagen.net\/?p=183436","title":{"rendered":"Intentan comprar su silencio"},"content":{"rendered":"<h2>Punto por punto<\/h2>\n<h5>Augusto Corro<\/h5>\n<p>&nbsp;<\/p>\n<p>Elia Tamayo Montes acus\u00f3 al gobierno de Rafael Moreno Valle de intentar comprar su silencio. Dijo que le ofrecieron dinero y apoyos en especie para que declarara que su hijo Jos\u00e9 Luis Alberto Tehuatlie Tamayo, de 13 a\u00f1os, hab\u00eda sido herido por un cohet\u00f3n de los manifestantes.<\/p>\n<p>El 9 de julio pasado, la polic\u00eda agredi\u00f3 a habitantes de San Bernardino Chalchihuapan que protestaban en la autopista Puebla-Atlixco.<\/p>\n<p>Tehuatlie Tamayo sufri\u00f3 una herida en la cabeza al ser alcanzado por una bala de goma, seg\u00fan versi\u00f3n de los testigos.<\/p>\n<p>El ni\u00f1o muri\u00f3 y las autoridades poblanas intentaron deslindarse de los hechos violentos y salvar la imagen del gobernador Rafael Moreno Valle.<\/p>\n<p>Sin embargo, elementos de la polic\u00eda dijeron al peri\u00f3dico que fue la intolerancia surgida en la represi\u00f3n contra los chalchihuapanenses cuando dispararon cartuchos de gas lacrim\u00f3geno caducos, que, al no estallar, se convirtieron en proyectiles contundentes al punto de herir a los manifestantes.<\/p>\n<p>La se\u00f1ora Tamayo Montes dijo que el gobernador Moreno Valle es culpable por la muerte de Jos\u00e9 Luis.<\/p>\n<p>Tambi\u00e9n denunci\u00f3 que hace varios d\u00edas funcionarios estatales la hostigaron para que firmara una declaraci\u00f3n para exculpar a los polic\u00edas de la agresi\u00f3n que sufri\u00f3 el menor y que en cambio acusara a los manifestantes.<\/p>\n<p>Por cierto, los pobladores de San Bernardino Chalchihuapan se\u00f1alaron que el d\u00eda del operativo policiaco, desde un helic\u00f3ptero los polic\u00edas les arrojaban cartuchos de gas lacrim\u00f3geno y balas de goma.<\/p>\n<p>El conflicto empez\u00f3 porque las autoridades estatales intentaron dejar al pueblo mencionado sin oficina de Registro Civil.<\/p>\n<p style=\"text-align: center;\"><strong>BLA, BLA, BLA<\/strong><\/p>\n<p>Contin\u00faa en la incertidumbre total la suerte de los ni\u00f1os migrantes que viajan sin compa\u00f1\u00eda.<\/p>\n<p>El viernes pasado, el presidente Barack Obama se reuni\u00f3 con los mandatarios Otto P\u00e9rez, de Guatemala; Salvador S\u00e1nchez Cer\u00e9n, de El Salvador; y Juan Orlando Hern\u00e1ndez, de Honduras.<\/p>\n<p>La migraci\u00f3n de los ni\u00f1os solos fue el tema central que trataron los funcionarios. Obama fue directo al asunto.<\/p>\n<p>Dijo que su pa\u00eds tiene \u201cgran compasi\u00f3n\u201d por dichos menores, pero que aquellos que no tienen razones para permanecer en EU ser\u00e1n deportados.<\/p>\n<p>Se trat\u00f3 de una reuni\u00f3n sin resultados concretos. El conflicto de los migrantes no se solucionar\u00e1 con buenas intenciones.<\/p>\n<p>Por ejemplo, en los pa\u00edses centroamericanos desde hace varios a\u00f1os la poblaci\u00f3n se encuentra marginada, afectada por la pobreza y la violencia.<\/p>\n<p>Millones de habitantes de los mencionados pa\u00edses no tuvieron otro destino que abandonar sus lugares de origen para buscar mejores condiciones de vida.<\/p>\n<p>Se esperaba que de la reuni\u00f3n citada surgieran programas de desarrollo social, por ejemplo, que estimularan la permanencia de la gente en su propia tierra. A las naciones centroamericanas les urgen las inversiones para generar empleos y progreso.<\/p>\n<p>Sin embargo, los salvadore\u00f1os, hondure\u00f1os y guatemaltecos son v\u00edctimas de la violencia que los obliga a abandonar su pa\u00eds.<\/p>\n<p>La crisis humanitaria alcanz\u00f3 a los ni\u00f1os y adolescentes que buscan a sus padres en EU o huyen de la violencia generada por toda clase de organizaciones criminales de extorsionadores, narcos y secuestradores.<\/p>\n<p>Cuando se conoci\u00f3 que m\u00e1s de 50 mil ni\u00f1os se encuentran en EU y que este problema amenazaba la tranquilidad de EU, se pens\u00f3 que los gobiernos buscar\u00edan medidas para solucionarla o atenuarla. No ocurri\u00f3 tal.<\/p>\n<p>El flujo migratorio de los ni\u00f1os, que viajan solos, as\u00ed como los adultos en busca de empleo continuar\u00e1 indefinidamente, porque ya vemos que no hay intenci\u00f3n de frenarlo.<\/p>\n<p style=\"text-align: center;\"><strong>DE SOBRA SE SABE QUE\u2026<\/strong><\/p>\n<p>Los dirigentes sindicales desde hace muchos a\u00f1os se volvieron c\u00ednicos. No les import\u00f3 ser criticados por propios y extra\u00f1os debido a sus manifestaciones groseras de riquezas mal habidas. El rasero es parejo. No hay l\u00edder sindical pobre. Al contrario, todos tienen sus fortunas amasadas con las cuotas de los trabajadores.<\/p>\n<p>El movimiento obrero los ha aceptado con resignaci\u00f3n porque no ha tenido manera de echarlos a la calle. En estas l\u00edneas nos vamos a referir al diputado, Ricardo Aldana, quien luce, sin recato alguno, un reloj de lujo cuyo precio es de 123 mil pesos, modelo Luminor Chrono Daylght Titanium.<\/p>\n<p>Frente a sus interlocutores lo primero que hace es mostrar su reloj, lucir su costosa joya.<\/p>\n<p>Por cierto, Aldana adem\u00e1s de legislador es el tesorero del sindicato petrolero.<\/p>\n<p>De sobra se sabe que el mencionado sindicato siempre fue un nido de delincuentes que, amparados por el poder, no solamente saquearon a la empresa, sino que aprovecharon sus privilegios para desarrollar sus negocios personales.<\/p>\n<p>Aldana fue uno de los principales personajes del llamado Pemexgate, que consisti\u00f3 en el desv\u00edo de fondos sindicales para la campa\u00f1a pol\u00edtica de Francisco Labastida Ochoa.<\/p>\n<p>El diputado y dirigente es un imitador de su jefe, el senador Carlos Romero Deschamps, el jefe petrolero mexicano, cuya riqueza le permiti\u00f3 regalarle a su primog\u00e9nito un Ferrari Enzo rojo de 25 millones de pesos. Este \u201cl\u00edder\u201d usa un reloj Rolex de oro, como gran jefe.<\/p>\n<p>Ambos sujetos, Ricardo y Carlos, lograron enriquecerse il\u00edcitamente sin el temor de enfrentar a la justicia, pues para eso siempre han sido protegidos por el fuero legislativo, como diputados o senadores. Saben usar muy bien el trampol\u00edn para saltar de un lado a otro.<\/p>\n<p><em><a href=\"mailto:aco2742@hotmail.com\" target=\"_blank\">aco2742@hotmail.com<\/a><\/em><\/p>\n","protected":false},"excerpt":{"rendered":"<p><span style=\"color: #005497;\"><strong>Augusto Corro<\/strong><\/span><\/p>\n","protected":false},"author":3,"featured_media":0,"comment_status":"open","ping_status":"open","sticky":false,"template":"","format":"standard","meta":{"_monsterinsights_skip_tracking":false,"_monsterinsights_sitenote_active":false,"_monsterinsights_sitenote_note":"","_monsterinsights_sitenote_category":0,"footnotes":""},"categories":[157],"tags":[43686,43674,11515],"class_list":["post-183436","post","type-post","status-publish","format-standard","hentry","category-augusto-corro","tag-augusto-corro","tag-opinion","tag-punto-por-punto"],"_links":{"self":[{"href":"https:\/\/www.diarioimagen.net\/index.php?rest_route=\/wp\/v2\/posts\/183436","targetHints":{"allow":["GET"]}}],"collection":[{"href":"https:\/\/www.diarioimagen.net\/index.php?rest_route=\/wp\/v2\/posts"}],"about":[{"href":"https:\/\/www.diarioimagen.net\/index.php?rest_route=\/wp\/v2\/types\/post"}],"author":[{"embeddable":true,"href":"https:\/\/www.diarioimagen.net\/index.php?rest_route=\/wp\/v2\/users\/3"}],"replies":[{"embeddable":true,"href":"https:\/\/www.diarioimagen.net\/index.php?rest_route=%2Fwp%2Fv2%2Fcomments&post=183436"}],"version-history":[{"count":0,"href":"https:\/\/www.diarioimagen.net\/index.php?rest_route=\/wp\/v2\/posts\/183436\/revisions"}],"wp:attachment":[{"href":"https:\/\/www.diarioimagen.net\/index.php?rest_route=%2Fwp%2Fv2%2Fmedia&parent=183436"}],"wp:term":[{"taxonomy":"category","embeddable":true,"href":"https:\/\/www.diarioimagen.net\/index.php?rest_route=%2Fwp%2Fv2%2Fcategories&post=183436"},{"taxonomy":"post_tag","embeddable":true,"href":"https:\/\/www.diarioimagen.net\/index.php?rest_route=%2Fwp%2Fv2%2Ftags&post=183436"}],"curies":[{"name":"wp","href":"https:\/\/api.w.org\/{rel}","templated":true}]}}