{"id":183442,"date":"2014-07-28T00:05:17","date_gmt":"2014-07-28T05:05:17","guid":{"rendered":"http:\/\/www.diarioimagen.net\/?p=183442"},"modified":"2014-07-29T05:01:10","modified_gmt":"2014-07-29T10:01:10","slug":"aumentara-la-cooperacion-con-japon-pena-nieto","status":"publish","type":"post","link":"https:\/\/www.diarioimagen.net\/?p=183442","title":{"rendered":"Aumentar\u00e1 la cooperaci\u00f3n con Jap\u00f3n: Pe\u00f1a Nieto"},"content":{"rendered":"<ul>\n<li><strong><em>El primer ministro japon\u00e9s fue despedido en el hangar presidencial por el titular de la Secretar\u00eda de Relaciones Exteriores, Jos\u00e9 Antonio Meade<\/em><\/strong><\/li>\n<\/ul>\n<div id=\"attachment_183488\" style=\"width: 430px\" class=\"wp-caption aligncenter\"><a href=\"http:\/\/www.diarioimagen.net\/wp-content\/uploads\/2014\/07\/japon-mexico-2408.jpg\"><img loading=\"lazy\" decoding=\"async\" aria-describedby=\"caption-attachment-183488\" class=\"wp-image-183488 size-large\" src=\"http:\/\/www.diarioimagen.net\/wp-content\/uploads\/2014\/07\/japon-mexico-2408-420x300.jpg\" alt=\"El primer ministro de Jap\u00f3n, Shinzo Abe,\u00a0fue despedido por el secretario de Relaciones Exteriores, Jos\u00e9 Antonio Meade.\" width=\"420\" height=\"300\" srcset=\"https:\/\/www.diarioimagen.net\/wp-content\/uploads\/2014\/07\/japon-mexico-2408-420x300.jpg 420w, https:\/\/www.diarioimagen.net\/wp-content\/uploads\/2014\/07\/japon-mexico-2408-240x171.jpg 240w, https:\/\/www.diarioimagen.net\/wp-content\/uploads\/2014\/07\/japon-mexico-2408-90x65.jpg 90w, https:\/\/www.diarioimagen.net\/wp-content\/uploads\/2014\/07\/japon-mexico-2408.jpg 1200w\" sizes=\"auto, (max-width: 420px) 100vw, 420px\" \/><\/a><p id=\"caption-attachment-183488\" class=\"wp-caption-text\">El primer ministro de Jap\u00f3n, Shinzo Abe,\u00a0fue despedido por el secretario de Relaciones Exteriores, Jos\u00e9 Antonio Meade.<\/p><\/div>\n<p>La visita del primer ministro japon\u00e9s, Shinzo Abe, \u201cnos permiti\u00f3 reafirmar varios de los instrumentos que ya tenemos; creo que vamos a seguir avanzando, que vamos a crecer en esa ruta, y yo espero que el comercio, la cooperaci\u00f3n y la colaboraci\u00f3n con Jap\u00f3n se incrementen en los pr\u00f3ximos a\u00f1os\u201d.<\/p>\n<p>El presidente Enrique Pe\u00f1a Nieto expres\u00f3 lo anterior al terminar el recorrido por las pir\u00e1mides de Teotihuac\u00e1n que realiz\u00f3 el s\u00e1bado pasado con el jefe de gobierno visitante.<\/p>\n<p>Mencion\u00f3 que \u00e9sta ha sido la quinta ocasi\u00f3n en que tiene oportunidad de reunirse con el primer ministro de Jap\u00f3n, lo que permiti\u00f3 afianzar la relaci\u00f3n personal entre ambos pa\u00edses.<\/p>\n<p>El primer ministro de Jap\u00f3n, Shinzo Abe, concluy\u00f3 ayer su visita oficial de trabajo a M\u00e9xico, durante la cual acord\u00f3 con el presidente Enrique Pe\u00f1a Nieto colaborar con \u201cmiras a la pronta firma\u201d del Acuerdo de Asociaci\u00f3n Transpac\u00edfico (TPP).<\/p>\n<p>Abe fue despedido en el hangar presidencial del Aeropuerto Internacional de la Ciudad de M\u00e9xico por el secretario de Relaciones Exteriores, Jos\u00e9 Antonio Meade.<\/p>\n<p>Abe y Pe\u00f1a Nieto acordaron colaborar para sellar pronto el TPP, que negocian 12 econom\u00edas de la Cuenca del Pac\u00edfico.<\/p>\n<p>Adem\u00e1s, los dos gobernantes atestiguaron la firma de 14 acuerdos de cooperaci\u00f3n en los sectores petrolero, educativo, sanitario y agr\u00edcola, as\u00ed como en materia de protecci\u00f3n al medio ambiente e impulso de energ\u00edas renovables.<\/p>\n","protected":false},"excerpt":{"rendered":"<p>La visita del primer ministro japon\u00e9s, Shinzo Abe, \u201cnos permiti\u00f3 reafirmar varios de los instrumentos que ya tenemos; creo que vamos a seguir avanzando, que vamos a crecer en esa ruta, y yo espero que el comercio, la cooperaci\u00f3n y la colaboraci\u00f3n con Jap\u00f3n se incrementen en los pr\u00f3ximos a\u00f1os\u201d.<\/p>\n","protected":false},"author":3,"featured_media":183488,"comment_status":"open","ping_status":"open","sticky":false,"template":"","format":"standard","meta":{"_monsterinsights_skip_tracking":false,"_monsterinsights_sitenote_active":false,"_monsterinsights_sitenote_note":"","_monsterinsights_sitenote_category":0,"footnotes":""},"categories":[3],"tags":[32052,18,847,44],"class_list":["post-183442","post","type-post","status-publish","format-standard","has-post-thumbnail","hentry","category-nacional","tag-cooperacion","tag-enrique-pena-nieto","tag-japon","tag-mexico"],"_links":{"self":[{"href":"https:\/\/www.diarioimagen.net\/index.php?rest_route=\/wp\/v2\/posts\/183442","targetHints":{"allow":["GET"]}}],"collection":[{"href":"https:\/\/www.diarioimagen.net\/index.php?rest_route=\/wp\/v2\/posts"}],"about":[{"href":"https:\/\/www.diarioimagen.net\/index.php?rest_route=\/wp\/v2\/types\/post"}],"author":[{"embeddable":true,"href":"https:\/\/www.diarioimagen.net\/index.php?rest_route=\/wp\/v2\/users\/3"}],"replies":[{"embeddable":true,"href":"https:\/\/www.diarioimagen.net\/index.php?rest_route=%2Fwp%2Fv2%2Fcomments&post=183442"}],"version-history":[{"count":0,"href":"https:\/\/www.diarioimagen.net\/index.php?rest_route=\/wp\/v2\/posts\/183442\/revisions"}],"wp:featuredmedia":[{"embeddable":true,"href":"https:\/\/www.diarioimagen.net\/index.php?rest_route=\/wp\/v2\/media\/183488"}],"wp:attachment":[{"href":"https:\/\/www.diarioimagen.net\/index.php?rest_route=%2Fwp%2Fv2%2Fmedia&parent=183442"}],"wp:term":[{"taxonomy":"category","embeddable":true,"href":"https:\/\/www.diarioimagen.net\/index.php?rest_route=%2Fwp%2Fv2%2Fcategories&post=183442"},{"taxonomy":"post_tag","embeddable":true,"href":"https:\/\/www.diarioimagen.net\/index.php?rest_route=%2Fwp%2Fv2%2Ftags&post=183442"}],"curies":[{"name":"wp","href":"https:\/\/api.w.org\/{rel}","templated":true}]}}