{"id":183467,"date":"2014-07-28T00:09:56","date_gmt":"2014-07-28T05:09:56","guid":{"rendered":"http:\/\/www.diarioimagen.net\/?p=183467"},"modified":"2014-07-28T02:58:00","modified_gmt":"2014-07-28T07:58:00","slug":"el-fmi-reconoce-a-mexico-por-reformas-estructurales","status":"publish","type":"post","link":"https:\/\/www.diarioimagen.net\/?p=183467","title":{"rendered":"El FMI reconoce a M\u00e9xico por reformas estructurales"},"content":{"rendered":"<ul>\n<li><strong><em>El organismo financiero internacional se\u00f1ala que la naci\u00f3n lo hace sin la presi\u00f3n de una crisis econ\u00f3mica<\/em><\/strong><\/li>\n<\/ul>\n<div id=\"attachment_183509\" style=\"width: 250px\" class=\"wp-caption alignleft\"><a href=\"http:\/\/www.diarioimagen.net\/wp-content\/uploads\/2014\/07\/Robert-Rennhack-2408.jpg\"><img loading=\"lazy\" decoding=\"async\" aria-describedby=\"caption-attachment-183509\" class=\"size-medium wp-image-183509\" src=\"http:\/\/www.diarioimagen.net\/wp-content\/uploads\/2014\/07\/Robert-Rennhack-2408-240x168.jpg\" alt=\"El subdirector del departamento de las Am\u00e9ricas del Fondo Monetario Internacional,\u00a0Robert Rennhack, afirma que ning\u00fan pa\u00eds ha logrado las reformas que ya tiene M\u00e9xico.\" width=\"240\" height=\"168\" srcset=\"https:\/\/www.diarioimagen.net\/wp-content\/uploads\/2014\/07\/Robert-Rennhack-2408-240x168.jpg 240w, https:\/\/www.diarioimagen.net\/wp-content\/uploads\/2014\/07\/Robert-Rennhack-2408-420x294.jpg 420w, https:\/\/www.diarioimagen.net\/wp-content\/uploads\/2014\/07\/Robert-Rennhack-2408.jpg 500w\" sizes=\"auto, (max-width: 240px) 100vw, 240px\" \/><\/a><p id=\"caption-attachment-183509\" class=\"wp-caption-text\">El subdirector del departamento de las Am\u00e9ricas del Fondo Monetario Internacional,\u00a0Robert Rennhack, afirma que ning\u00fan pa\u00eds ha logrado las reformas que ya tiene M\u00e9xico.<\/p><\/div>\n<p>M\u00e9xico es un pa\u00eds \u00fanico en el mundo al lograr un paquete de varias reformas estructurales sin la presi\u00f3n de una crisis econ\u00f3mica, asegur\u00f3 el subdirector del departamento de las Am\u00e9ricas del Fondo Monetario Internacional (FMI), Robert Rennhack.<\/p>\n<p>Dijo que es muy dif\u00edcil que una naci\u00f3n lleve a cabo un proceso de esta magnitud y muy pocos pa\u00edses en el mundo logran hacer lo que M\u00e9xico en el \u00faltimo a\u00f1o, que se debi\u00f3 a la voluntad de los partidos pol\u00edticos y la determinaci\u00f3n del gobierno federal.<\/p>\n<p>\u201cM\u00e9xico es \u00fanico al aprobar un paquete reformas en educaci\u00f3n, mercado laboral, energ\u00eda, telecomunicaciones, antimonopolio, en \u00e1reas muy importantes, y creo que hay muy pocos pa\u00edses que lo han hecho y que lo han hecho sin una crisis\u201d , dijo.<\/p>\n<p>Destac\u00f3 que el gobierno federal ahora tiene la presi\u00f3n, aunque de manera positiva, de implementar dichos cambios para ver los resultados de los mismos, y para ello se requiere tener todo el apoyo pol\u00edtico.<\/p>\n<p>El encargado de los informes sobre la econom\u00eda mexicana consider\u00f3 que hasta ahora todo el proceso de las reformas es bueno, pues el Congreso aprob\u00f3 las leyes secundarias de una manera muy r\u00e1pida, aun con la complejidad de las transformaciones.<\/p>\n<p>\u201cEso es una importante se\u00f1al, ahora el gobierno tiene que poner en marcha los reglamentos, y seguir con la implementaci\u00f3n de las reformas, pero soy optimista de que las reformas van a tener \u00e9xito\u201d .<\/p>\n<p>En particular, continu\u00f3, las medidas adoptadas con la reforma energ\u00e9tica indican que el sector privado podr\u00e1 invertir sin muchas complicaciones, lo que llevar\u00e1 a que para 2015 o 2016 se observe un aumento de inversi\u00f3n en este sector.<\/p>\n<p>El especialista del FMI previ\u00f3 que las inversiones en el sector energ\u00e9tico podr\u00edan incrementarse en un rango de entre 10 mil y 20 mil millones de d\u00f3lares al a\u00f1o, aunque esto depender\u00e1 de cada proyecto.<\/p>\n<p>Respecto a las reformas en telecomunicaciones y antimonopolio, resalt\u00f3 que, una vez aprobadas, el gobierno y el pa\u00eds en su conjunto deben darle el espacio a la Comisi\u00f3n Federal de Competencia Econ\u00f3mica y al Instituto Federal de Telecomunicaciones de hacer su trabajo.<\/p>\n<p>\u201cSon muy buenas ideas y si tienen \u00e9xito pueden introducir m\u00e1s competencia en los mercados en M\u00e9xico que va implicar menores precios para el consumidor y m\u00e1s eficiencia y productividad en las empresas\u201d , consider\u00f3.<\/p>\n<p>Para Rennhack, M\u00e9xico tambi\u00e9n est\u00e1 en una posici\u00f3n fuerte \u201cporque tiene un marco de pol\u00edticas bastante cre\u00edble, tiene la confianza de los mercados\u201d, lo cual se demostr\u00f3 en que el Banco de M\u00e9xico tuvo espacio para bajar la tasa de inter\u00e9s sin gran efecto en el peso.<\/p>\n<p>Destac\u00f3 que, adem\u00e1s, el pa\u00eds tiene reservas adecuadas, una deuda p\u00fablica y una posici\u00f3n fiscal bastante manejables, lo que lo hace diferente a otros pa\u00edses emergentes donde las pol\u00edticas no tienen la misma calidad.<\/p>\n<p>Lo anterior, abund\u00f3, hacer que el pa\u00eds est\u00e9 muy bien preparado para el eventual proceso de ajuste de las pol\u00edticas monetarias alrededor del mundo.<\/p>\n<p>En este sentido, consider\u00f3 que el incremento en las tasas de inter\u00e9s de la Reserva Federal de Estados Unidos podr\u00eda generar una salida de capitales del pa\u00eds.<\/p>\n<p>Sin embargo, ese proceso de ajuste en tasas tambi\u00e9n es un indicador de que la principal econom\u00eda del mundo mejora y M\u00e9xico se beneficiar\u00e1 de ello con un mayor crecimiento, lo que atraer\u00e1 a otros capitales, por lo que el proceso podr\u00eda equilibrarse.<\/p>\n","protected":false},"excerpt":{"rendered":"<p>M\u00e9xico es un pa\u00eds \u00fanico en el mundo al lograr un paquete de varias reformas estructurales sin la presi\u00f3n de una crisis econ\u00f3mica, asegur\u00f3 el subdirector del departamento de las Am\u00e9ricas del Fondo Monetario Internacional (FMI), Robert Rennhack.<\/p>\n","protected":false},"author":3,"featured_media":183509,"comment_status":"open","ping_status":"open","sticky":false,"template":"","format":"standard","meta":{"_monsterinsights_skip_tracking":false,"_monsterinsights_sitenote_active":false,"_monsterinsights_sitenote_note":"","_monsterinsights_sitenote_category":0,"footnotes":""},"categories":[3],"tags":[1481,1480,44],"class_list":["post-183467","post","type-post","status-publish","format-standard","has-post-thumbnail","hentry","category-nacional","tag-fmi","tag-fondo-monetario-internacional","tag-mexico"],"_links":{"self":[{"href":"https:\/\/www.diarioimagen.net\/index.php?rest_route=\/wp\/v2\/posts\/183467","targetHints":{"allow":["GET"]}}],"collection":[{"href":"https:\/\/www.diarioimagen.net\/index.php?rest_route=\/wp\/v2\/posts"}],"about":[{"href":"https:\/\/www.diarioimagen.net\/index.php?rest_route=\/wp\/v2\/types\/post"}],"author":[{"embeddable":true,"href":"https:\/\/www.diarioimagen.net\/index.php?rest_route=\/wp\/v2\/users\/3"}],"replies":[{"embeddable":true,"href":"https:\/\/www.diarioimagen.net\/index.php?rest_route=%2Fwp%2Fv2%2Fcomments&post=183467"}],"version-history":[{"count":0,"href":"https:\/\/www.diarioimagen.net\/index.php?rest_route=\/wp\/v2\/posts\/183467\/revisions"}],"wp:featuredmedia":[{"embeddable":true,"href":"https:\/\/www.diarioimagen.net\/index.php?rest_route=\/wp\/v2\/media\/183509"}],"wp:attachment":[{"href":"https:\/\/www.diarioimagen.net\/index.php?rest_route=%2Fwp%2Fv2%2Fmedia&parent=183467"}],"wp:term":[{"taxonomy":"category","embeddable":true,"href":"https:\/\/www.diarioimagen.net\/index.php?rest_route=%2Fwp%2Fv2%2Fcategories&post=183467"},{"taxonomy":"post_tag","embeddable":true,"href":"https:\/\/www.diarioimagen.net\/index.php?rest_route=%2Fwp%2Fv2%2Ftags&post=183467"}],"curies":[{"name":"wp","href":"https:\/\/api.w.org\/{rel}","templated":true}]}}