{"id":183891,"date":"2014-07-31T00:09:42","date_gmt":"2014-07-31T05:09:42","guid":{"rendered":"http:\/\/www.diarioimagen.net\/?p=183891"},"modified":"2014-07-31T03:30:45","modified_gmt":"2014-07-31T08:30:45","slug":"economia-informal-aporta-26-al-pib","status":"publish","type":"post","link":"https:\/\/www.diarioimagen.net\/?p=183891","title":{"rendered":"Econom\u00eda informal aporta 26% al PIB"},"content":{"rendered":"<ul>\n<li><strong><em>Por vez primera el INEGI la mide<\/em><\/strong><\/li>\n<\/ul>\n<div id=\"attachment_183940\" style=\"width: 250px\" class=\"wp-caption alignleft\"><a href=\"http:\/\/www.diarioimagen.net\/wp-content\/uploads\/2014\/07\/INFORMAL-2411.jpg\"><img loading=\"lazy\" decoding=\"async\" aria-describedby=\"caption-attachment-183940\" class=\"size-medium wp-image-183940\" src=\"http:\/\/www.diarioimagen.net\/wp-content\/uploads\/2014\/07\/INFORMAL-2411-240x135.jpg\" alt=\"El INEGI midi\u00f3 por vez primera qu\u00e9 porcentaje aporta al PIB la econom\u00eda informal.\" width=\"240\" height=\"135\" srcset=\"https:\/\/www.diarioimagen.net\/wp-content\/uploads\/2014\/07\/INFORMAL-2411-240x135.jpg 240w, https:\/\/www.diarioimagen.net\/wp-content\/uploads\/2014\/07\/INFORMAL-2411-420x236.jpg 420w, https:\/\/www.diarioimagen.net\/wp-content\/uploads\/2014\/07\/INFORMAL-2411-480x270.jpg 480w, https:\/\/www.diarioimagen.net\/wp-content\/uploads\/2014\/07\/INFORMAL-2411-235x132.jpg 235w, https:\/\/www.diarioimagen.net\/wp-content\/uploads\/2014\/07\/INFORMAL-2411-202x114.jpg 202w, https:\/\/www.diarioimagen.net\/wp-content\/uploads\/2014\/07\/INFORMAL-2411-350x196.jpg 350w, https:\/\/www.diarioimagen.net\/wp-content\/uploads\/2014\/07\/INFORMAL-2411-220x123.jpg 220w, https:\/\/www.diarioimagen.net\/wp-content\/uploads\/2014\/07\/INFORMAL-2411-237x132.jpg 237w, https:\/\/www.diarioimagen.net\/wp-content\/uploads\/2014\/07\/INFORMAL-2411.jpg 700w\" sizes=\"auto, (max-width: 240px) 100vw, 240px\" \/><\/a><p id=\"caption-attachment-183940\" class=\"wp-caption-text\">El INEGI midi\u00f3 por vez primera qu\u00e9 porcentaje aporta al PIB la econom\u00eda informal.<\/p><\/div>\n<p>En el periodo 2003-2012, la econom\u00eda informal contribuy\u00f3 con 26 por ciento del Producto Interno Bruto (PIB) del pa\u00eds, inform\u00f3 el Instituto Nacional de Estad\u00edstica y Geograf\u00eda (INEGI).<\/p>\n<p>Al presentar por primera vez los resultados sobre la \u201cMedici\u00f3n de la Econom\u00eda Informal 2003-2012, Base 2008\u201d, expuso que la contribuci\u00f3n m\u00e1s alta se dio en los a\u00f1os 2003 y 2009, con 27.2 y 26.9 por ciento, en ese orden.<\/p>\n<p>Para el \u00faltimo a\u00f1o de an\u00e1lisis, es decir, 2012, la medici\u00f3n arroja que 25 por ciento del PIB es informal y se genera por 59.8 por ciento de la poblaci\u00f3n ocupada en condiciones de informalidad.<\/p>\n<p>Arturo Blancas, director general de Estad\u00edsticas Econ\u00f3micas del Instituto, detall\u00f3 que, de ese 25 por ciento, 10.8 puntos porcentuales corresponden al sector informal que incluye a aquellos negocios no registrados dedicados a la producci\u00f3n de bienes o servicios.<\/p>\n<p>En tanto, 14.2 puntos son de otras modalidades de la informalidad, las cuales se refieren a todo trabajo que, aun cuando se encuentra fuera de los micronegocios no registrados, no cuenta con el amparo del marco legal e institucional, por lo que carece de seguridad social y otras prestaciones.<\/p>\n<p>El objetivo de estos nuevos resultados es la medici\u00f3n del Valor Agregado Bruto de la Econom\u00eda Informal para conocer tanto su comportamiento como su contribuci\u00f3n al PIB del pa\u00eds, refiere el organismo.<\/p>\n","protected":false},"excerpt":{"rendered":"<p>En el periodo 2003-2012, la econom\u00eda informal contribuy\u00f3 con 26 por ciento del Producto Interno Bruto (PIB) del pa\u00eds, inform\u00f3 el Instituto Nacional de Estad\u00edstica y Geograf\u00eda (INEGI).<\/p>\n","protected":false},"author":3,"featured_media":183940,"comment_status":"open","ping_status":"open","sticky":false,"template":"","format":"standard","meta":{"_monsterinsights_skip_tracking":false,"_monsterinsights_sitenote_active":false,"_monsterinsights_sitenote_note":"","_monsterinsights_sitenote_category":0,"footnotes":""},"categories":[3],"tags":[2807,43673,2806],"class_list":["post-183891","post","type-post","status-publish","format-standard","has-post-thumbnail","hentry","category-nacional","tag-instituto-nacional-de-estadistica-y-geografia","tag-nacional","tag-pib"],"_links":{"self":[{"href":"https:\/\/www.diarioimagen.net\/index.php?rest_route=\/wp\/v2\/posts\/183891","targetHints":{"allow":["GET"]}}],"collection":[{"href":"https:\/\/www.diarioimagen.net\/index.php?rest_route=\/wp\/v2\/posts"}],"about":[{"href":"https:\/\/www.diarioimagen.net\/index.php?rest_route=\/wp\/v2\/types\/post"}],"author":[{"embeddable":true,"href":"https:\/\/www.diarioimagen.net\/index.php?rest_route=\/wp\/v2\/users\/3"}],"replies":[{"embeddable":true,"href":"https:\/\/www.diarioimagen.net\/index.php?rest_route=%2Fwp%2Fv2%2Fcomments&post=183891"}],"version-history":[{"count":0,"href":"https:\/\/www.diarioimagen.net\/index.php?rest_route=\/wp\/v2\/posts\/183891\/revisions"}],"wp:featuredmedia":[{"embeddable":true,"href":"https:\/\/www.diarioimagen.net\/index.php?rest_route=\/wp\/v2\/media\/183940"}],"wp:attachment":[{"href":"https:\/\/www.diarioimagen.net\/index.php?rest_route=%2Fwp%2Fv2%2Fmedia&parent=183891"}],"wp:term":[{"taxonomy":"category","embeddable":true,"href":"https:\/\/www.diarioimagen.net\/index.php?rest_route=%2Fwp%2Fv2%2Fcategories&post=183891"},{"taxonomy":"post_tag","embeddable":true,"href":"https:\/\/www.diarioimagen.net\/index.php?rest_route=%2Fwp%2Fv2%2Ftags&post=183891"}],"curies":[{"name":"wp","href":"https:\/\/api.w.org\/{rel}","templated":true}]}}