{"id":184002,"date":"2014-07-31T23:59:05","date_gmt":"2014-08-01T04:59:05","guid":{"rendered":"http:\/\/www.diarioimagen.net\/?p=184002"},"modified":"2014-08-04T03:26:46","modified_gmt":"2014-08-04T08:26:46","slug":"estado-debe-esclarecer-los-pasivos-laborales-en-pemex","status":"publish","type":"post","link":"https:\/\/www.diarioimagen.net\/?p=184002","title":{"rendered":"Estado debe esclarecer los pasivos laborales en Pemex"},"content":{"rendered":"<ul>\n<li><strong><em>Tambi\u00e9n tiene que aclarar juicios contra la empresa, que suman $21,725 millones<\/em><\/strong><\/li>\n<\/ul>\n<div id=\"attachment_184003\" style=\"width: 250px\" class=\"wp-caption alignleft\"><img loading=\"lazy\" decoding=\"async\" aria-describedby=\"caption-attachment-184003\" class=\"wp-image-184003 size-medium\" src=\"http:\/\/www.diarioimagen.net\/wp-content\/uploads\/2014\/07\/cardenas-portal-240x135.jpg\" alt=\"El ingeniero C\u00e1rdenas demand\u00f3 al gobierno federal dar a conocer a los responsables del c\u00famulo de pasivos que enfrenta Pemex. \" width=\"240\" height=\"135\" srcset=\"https:\/\/www.diarioimagen.net\/wp-content\/uploads\/2014\/07\/cardenas-portal-240x135.jpg 240w, https:\/\/www.diarioimagen.net\/wp-content\/uploads\/2014\/07\/cardenas-portal-420x236.jpg 420w, https:\/\/www.diarioimagen.net\/wp-content\/uploads\/2014\/07\/cardenas-portal-235x132.jpg 235w, https:\/\/www.diarioimagen.net\/wp-content\/uploads\/2014\/07\/cardenas-portal-202x114.jpg 202w, https:\/\/www.diarioimagen.net\/wp-content\/uploads\/2014\/07\/cardenas-portal-350x196.jpg 350w, https:\/\/www.diarioimagen.net\/wp-content\/uploads\/2014\/07\/cardenas-portal-220x123.jpg 220w, https:\/\/www.diarioimagen.net\/wp-content\/uploads\/2014\/07\/cardenas-portal-237x132.jpg 237w, https:\/\/www.diarioimagen.net\/wp-content\/uploads\/2014\/07\/cardenas-portal.jpg 480w\" sizes=\"auto, (max-width: 240px) 100vw, 240px\" \/><p id=\"caption-attachment-184003\" class=\"wp-caption-text\">El ex dirigente nacional del PRD, Cuauht\u00e9moc C\u00e1rdenas Sol\u00f3rzano, demand\u00f3 que se hagan precisiones acerca de los pasivos laborales de Pemex y los juicios y demandas.<\/p><\/div>\n<p>El ingeniero Cuauht\u00e9moc C\u00e1rdenas asegur\u00f3 que el Estado tiene la obligaci\u00f3n de esclarecer lo relativo a los pasivos laborales en Petr\u00f3leos Mexicanos y, en su caso, fincar las responsabilidad correspondientes. Consider\u00f3 que deben darse a conocer los nombres y apellidos de los implicados y \u201ctendr\u00eda que esclarecerse por qu\u00e9 no tiene Pemex las reservas en su tesorer\u00eda y en sus propias contabilidades\u201d.<\/p>\n<p>Tambi\u00e9n exigi\u00f3 que el gobierno federal deslinde responsabilidades y aclare los juicios de arbitraje, civiles, penales, agrarios, administrativos y fiscales que enfrentan Pemex y sus subsidiarias y que suman 21 mil 725 millones de pesos.<\/p>\n<p>C\u00e1rdenas afirm\u00f3 que \u201clos laudos reflejan que tiene que aclararse y concluirse lo que corresponda y fincar las responsabilidades individuales que en su caso correspondan\u201d. Pemex y sus subsidiarias enfrentan nueve juicios con el Sistema de Administraci\u00f3n Tributaria (SAT), por un monto de 21 mil 725 millones de pesos, cuya resoluci\u00f3n se encuentra pendiente.<\/p>\n<p>En tanto, la Comisi\u00f3n Federal de Electricidad tiene en su haber 28 mil 88 juicios y procedimientos administrativos, sin que se ofrezca detalle de los monto comprometidos. El monto de los laudos pendientes de Pemex se desprenden de su reporte anual presentado ante la Bolsa Mexicana de Valores.<\/p>\n<p>C\u00e1rdenas Sol\u00f3rzano demand\u00f3 al gobierno federal dar a conocer a los responsables del c\u00famulo de pasivos que enfrenta Pemex. \u201cTendr\u00eda que esclarecerse por qu\u00e9 no est\u00e1 en poder de Pemex las reservas para atender sus pasivos laborales. Lo que hay que ver son los nombres y apellidos de los responsables y desde cu\u00e1ndo. El Estado tiene la obligaci\u00f3n de dar esa informaci\u00f3n\u201d.<\/p>\n","protected":false},"excerpt":{"rendered":"<p>El ingeniero Cuauht\u00e9moc C\u00e1rdenas asegur\u00f3 que el Estado tiene la obligaci\u00f3n de esclarecer lo relativo a los pasivos laborales en Petr\u00f3leos Mexicanos y, en su caso, fincar las responsabilidad correspondientes. Consider\u00f3 que deben darse a conocer los nombres y apellidos de los implicados y \u201ctendr\u00eda que esclarecerse por qu\u00e9 no tiene Pemex las reservas en su tesorer\u00eda y en sus propias contabilidades\u201d.<\/p>\n","protected":false},"author":5,"featured_media":184003,"comment_status":"open","ping_status":"open","sticky":false,"template":"","format":"standard","meta":{"_monsterinsights_skip_tracking":false,"_monsterinsights_sitenote_active":false,"_monsterinsights_sitenote_note":"","_monsterinsights_sitenote_category":0,"footnotes":""},"categories":[3],"tags":[267,292,5043],"class_list":["post-184002","post","type-post","status-publish","format-standard","has-post-thumbnail","hentry","category-nacional","tag-cuauhtemoc-cardenas-solorzano","tag-pemex","tag-sistema-de-administracion-tributaria"],"_links":{"self":[{"href":"https:\/\/www.diarioimagen.net\/index.php?rest_route=\/wp\/v2\/posts\/184002","targetHints":{"allow":["GET"]}}],"collection":[{"href":"https:\/\/www.diarioimagen.net\/index.php?rest_route=\/wp\/v2\/posts"}],"about":[{"href":"https:\/\/www.diarioimagen.net\/index.php?rest_route=\/wp\/v2\/types\/post"}],"author":[{"embeddable":true,"href":"https:\/\/www.diarioimagen.net\/index.php?rest_route=\/wp\/v2\/users\/5"}],"replies":[{"embeddable":true,"href":"https:\/\/www.diarioimagen.net\/index.php?rest_route=%2Fwp%2Fv2%2Fcomments&post=184002"}],"version-history":[{"count":0,"href":"https:\/\/www.diarioimagen.net\/index.php?rest_route=\/wp\/v2\/posts\/184002\/revisions"}],"wp:featuredmedia":[{"embeddable":true,"href":"https:\/\/www.diarioimagen.net\/index.php?rest_route=\/wp\/v2\/media\/184003"}],"wp:attachment":[{"href":"https:\/\/www.diarioimagen.net\/index.php?rest_route=%2Fwp%2Fv2%2Fmedia&parent=184002"}],"wp:term":[{"taxonomy":"category","embeddable":true,"href":"https:\/\/www.diarioimagen.net\/index.php?rest_route=%2Fwp%2Fv2%2Fcategories&post=184002"},{"taxonomy":"post_tag","embeddable":true,"href":"https:\/\/www.diarioimagen.net\/index.php?rest_route=%2Fwp%2Fv2%2Ftags&post=184002"}],"curies":[{"name":"wp","href":"https:\/\/api.w.org\/{rel}","templated":true}]}}