{"id":184363,"date":"2014-08-05T00:06:50","date_gmt":"2014-08-05T05:06:50","guid":{"rendered":"http:\/\/www.diarioimagen.net\/?p=184363"},"modified":"2014-08-05T04:07:15","modified_gmt":"2014-08-05T09:07:15","slug":"esperando-a-mr-marshall","status":"publish","type":"post","link":"https:\/\/www.diarioimagen.net\/?p=184363","title":{"rendered":"Esperando a Mr. Marshall"},"content":{"rendered":"<h2>\u00cdndice pol\u00edtico<\/h2>\n<h5>Francisco Rodr\u00edguez<\/h5>\n<p>&nbsp;<\/p>\n<p>\u201cBienvenido Mister Marshall\u201d, la cinta de Luis Garc\u00eda Berlanga que inmortaliz\u00f3 el aperturismo sin remilgos del franquismo \u2014de la posguerra\u2014 a los EEUU, es, posiblemente el \u00edcono viviente de la cr\u00edtica mordaz hacia quienes creen que ser\u00e1n salvados por el imperialismo y a la mera hora, ni siquiera los \u201cfuman\u201d.<\/p>\n<p>En la historia, el pueblo de Guadalix de la Sierra se prepara para recibir la visita del Gral. Marshall, el que oper\u00f3 el plan para levantar las econom\u00edas europeas devastadas por los EEUU y aliados, con pr\u00e9stamos que rebasaban las expectativas.<\/p>\n<p>Las \u201cfuerzas vivas\u201d del pueblo, el cura, el comandante, el alcalde y los campesinos, se engalanan para darle el recibimiento que se merece al representante del capital que, casi con su sola presencia, cambiar\u00e1 el destino del pueblo.<\/p>\n<p>Pero&#8230; como nunca llega el Gral., el director Berlanga, se \u201cvenga\u201d hundiendo en el lodo la bandera \u201cde los huesos y las calaveras\u200e\u201d \u2014Mark Twain dixit\u2014.<\/p>\n<p>La cinta es de 1953, premiada en casi toda Europa, por su despiadada visi\u00f3n de los \u201cmetecos\u201d, pero podr\u00eda haber sido hecha ayer para hacer cera y pabilo a los gobernantes de por aqu\u00ed que creen que el man\u00e1 del cielo est\u00e1 por caer, gracias a las \u201creformas estructurales\u201d, \u00a1y nada m\u00e1s!<\/p>\n<p>Pareciera, pues, que los gobernantes mexicanos est\u00e1n esperando a Mr. Marshall. \u00bfY si no llega?<\/p>\n<p style=\"text-align: center;\"><strong>DOS AMPAROS, DOS<\/strong><\/p>\n<p>\u00a0El sentido com\u00fan de caballo \u2014horse common sense\u2014 indica a las claras que dos amparos est\u00e1n en el caldero. Los dos juicios ineludibles ser\u00e1n un indicador efectivo del sentido com\u00fan de la clase dirigente para defender la integridad del Estado o para derrochar sus \u00faltimos saldos.<\/p>\n<p>Primero, el que interpondr\u00e1 el sindicato petrolero para responder al avasallamiento contra natura que se intenta hacer en el Legislativo al apoyar, con la aplastante mayor\u00eda, una aberraci\u00f3n jur\u00eddica: que desde el Congreso se pretenda revisar un contrato colectivo que, por Constituci\u00f3n, leyes vigentes y tratados internacionales, s\u00f3lo corresponde a los trabajadores (petroleros) y a la empresa (Pemex).\u200e Cualquier estudiante de leyes con dos dedos de frente sabe que el amparo se conceder\u00e1 a las partes contratantes. La controversia ser\u00e1 perdida por las C\u00e1maras.<\/p>\n<p>Segundo, el que debe incoar la Junta de Coordinaci\u00f3n Pol\u00edtica de la C\u00e1mara de Diputados para que se impida que el \u201clisto\u201d Dante Delgado y el zacatecano Ricardo Monreal pretendan que, con los pluris del MC se forme la fracci\u00f3n de Morena en San L\u00e1zaro. Es una aberraci\u00f3n marca mundial, toda vez que esos diputados (si dicen que son 15, unos le fueron asignados a MC y otros a PRD y al PT) y de ninguna manera se puede formar en la C\u00e1mara una fracci\u00f3n&#8230; perteneciente a un nuevo \u201cpartido\u201d que no ha ganado una sola elecci\u00f3n, y por ende, no ha podido merecer siquiera un pluri.<\/p>\n<p>Lo anterior es lo que se\u00f1alan la Constituci\u00f3n, la ley y el sentido com\u00fan para ambos casos. Ahora que si nadie reclama, se trata de una farsa y un atropello m\u00e1s a la precaria estabilidad jur\u00eddico-pol\u00edtica de un verdadero Estado blandengue y, ahora s\u00ed, superfallido.<\/p>\n<p>Si de eso se trata, que entreguen de una vez las llaves, que bajen la cortina y que se los coma no un caballo, sino \u00a1un burro!<\/p>\n<p style=\"text-align: center;\"><strong>VERIFICENTROS, CLAUSURA P\u00cdRRICA<\/strong><\/p>\n<p>\u00a0Es, por decir lo menos, de mal gusto, que el gobierno perredista del DF se ufane de haber hecho la herc\u00falea tarea de&#8230; \u00a1clausurar trece verificentros!, por las diversas anomal\u00edas, violaciones legales, \u201cmoches\u201d y trastupijes que se escenifican a diario, con el pretexto del programa de verificaci\u00f3n de las emisiones de gases de los automotores a diesel y gasolina.<\/p>\n<p>En estricto sentido, deber\u00edan haber clausurado todos. La corrupci\u00f3n en los verificentros, no es m\u00e1s que la comprobaci\u00f3n de un negocio del gobierno defe\u00f1o que naci\u00f3 podrido, confeccionado para enriquecer bestialmente a unos cuantos \u2014la familia de Jorge Kahwagi que se rob\u00f3 varios de los que en realidad le hab\u00edan dado a la Canacintra\u2014, que despu\u00e9s, ardidos, abandonaron el partido que los hizo descaradamente ricos, para hacer otro que dur\u00f3 lo que tardaron en embolsarse las prerrogativas tranzadas con el \u201ch\u00e9roe civil\u201d Pepe Woldenberg.<\/p>\n<p>Desde que se le ocurri\u00f3 al \u201cpadre de la patria\u201d Manuel Camacho y desde que los \u201carm\u00f3 \u201c su paniaguada Alejandra Moreno Toscano, los verificentros han sido una mina de oro, al margen y en contra de la ley.<\/p>\n<p>As\u00ed es que no venga superMan-cera a decir que est\u00e1 defendiendo la ley. \u00c9se cuento ya se le acab\u00f3. Para defender la ley, los hubiera clausurado todos. Incluidos los de los Kahwagi.<\/p>\n<p><strong><em>\u00cdndice Flam\u00edgero<\/em><\/strong>: A los personajes que act\u00faan o han pasado por las actividades pol\u00edticas, les cuelgan muchos sambenitos. Los m\u00e1s recurrentes son la falta de honradez, la escasez de entendederas o las muchas flaquezas y debilidades humanas, propias de seres que viven presos de sus pasiones o rodeados de afectos imposibles. Viene a cuento por el descomunal desastre de la L\u00ednea 12 del Metro, a la que podr\u00edamos rebautizar como la L\u00ednea del Amor, pues entre los conocedores se han desatado las m\u00e1s febriles especulaciones sobre las verdaderas causas de la concesi\u00f3n y franca donaci\u00f3n de negocios transexenales \u2014expiran hasta el 2028\u2014\u200e con los que el anterior titular del GDF obsequiaba a sus parejas sentimentales. Mucha gente tach\u00f3 de absurdas esas disquisiciones period\u00edsticas, pero como al final todo se sabe, atando cabos y yendo de Roma a Santiago, el periodista descubri\u00f3 con sus propios ojos el t\u00e1lamo, con arreglos y decoraciones propias de un aposento del Califato, donde se escenificada el desenfreno y la prevaricaci\u00f3n. Para colmo, se trata de un inmueble, alquilado por el GDF y, por ende, patrimonio p\u00fablico, sufragado con impuestos de los ciudadanos, que se ubica en el \u2014tome nota, por favor\u2014 quinto piso del edificio de la calle Netzahualc\u00f3yotl, casi esquina con Isabel la Cat\u00f3lica, en el mismo lugar donde despacha&#8230; \u00a1\u00a1el coordinador del Sistema de Aguas de la Ciudad de M\u00e9xico!! Desvergonzados. Ahora ya sabemos qui\u00e9n era en esta historia de la vida real, \u00a1el Capit\u00e1n Tormenta!<\/p>\n<p><em><a href=\"http:\/\/www.indicepolitico.com\/\" target=\"_blank\"><em>www.indicepolitico.com<\/em><\/a><br \/>\n<\/em><em><a href=\"mailto:pacorodriguez@journalist.com\" target=\"_blank\">pacorodriguez@journalist.com<\/a><\/em><\/p>\n","protected":false},"excerpt":{"rendered":"<p><span style=\"color: #005497;\"><strong>Francisco Rodr\u00edguez<\/strong><\/span><\/p>\n","protected":false},"author":3,"featured_media":0,"comment_status":"open","ping_status":"open","sticky":false,"template":"","format":"standard","meta":{"_monsterinsights_skip_tracking":false,"_monsterinsights_sitenote_active":false,"_monsterinsights_sitenote_note":"","_monsterinsights_sitenote_category":0,"footnotes":""},"categories":[549],"tags":[2786,43674,3432],"class_list":["post-184363","post","type-post","status-publish","format-standard","hentry","category-francisco-rodriguez","tag-eu","tag-opinion","tag-rodriguez"],"_links":{"self":[{"href":"https:\/\/www.diarioimagen.net\/index.php?rest_route=\/wp\/v2\/posts\/184363","targetHints":{"allow":["GET"]}}],"collection":[{"href":"https:\/\/www.diarioimagen.net\/index.php?rest_route=\/wp\/v2\/posts"}],"about":[{"href":"https:\/\/www.diarioimagen.net\/index.php?rest_route=\/wp\/v2\/types\/post"}],"author":[{"embeddable":true,"href":"https:\/\/www.diarioimagen.net\/index.php?rest_route=\/wp\/v2\/users\/3"}],"replies":[{"embeddable":true,"href":"https:\/\/www.diarioimagen.net\/index.php?rest_route=%2Fwp%2Fv2%2Fcomments&post=184363"}],"version-history":[{"count":0,"href":"https:\/\/www.diarioimagen.net\/index.php?rest_route=\/wp\/v2\/posts\/184363\/revisions"}],"wp:attachment":[{"href":"https:\/\/www.diarioimagen.net\/index.php?rest_route=%2Fwp%2Fv2%2Fmedia&parent=184363"}],"wp:term":[{"taxonomy":"category","embeddable":true,"href":"https:\/\/www.diarioimagen.net\/index.php?rest_route=%2Fwp%2Fv2%2Fcategories&post=184363"},{"taxonomy":"post_tag","embeddable":true,"href":"https:\/\/www.diarioimagen.net\/index.php?rest_route=%2Fwp%2Fv2%2Ftags&post=184363"}],"curies":[{"name":"wp","href":"https:\/\/api.w.org\/{rel}","templated":true}]}}