{"id":184874,"date":"2014-08-08T00:08:04","date_gmt":"2014-08-08T05:08:04","guid":{"rendered":"http:\/\/www.diarioimagen.net\/?p=184874"},"modified":"2014-08-08T04:18:37","modified_gmt":"2014-08-08T09:18:37","slug":"capufe-analiza-sancionar-a-dos-operadoras-de-cobro","status":"publish","type":"post","link":"https:\/\/www.diarioimagen.net\/?p=184874","title":{"rendered":"Capufe analiza sancionar a dos operadoras de cobro"},"content":{"rendered":"<ul>\n<li><strong><em>Benito Neme Sastr\u00e9 asume ante senadores su responsabilidad por falta de informaci\u00f3n al cambiar sistemas de telepeaje<\/em><\/strong><\/li>\n<\/ul>\n<div id=\"attachment_184940\" style=\"width: 250px\" class=\"wp-caption alignleft\"><a href=\"http:\/\/www.diarioimagen.net\/wp-content\/uploads\/2014\/08\/neme-2417.jpg\"><img loading=\"lazy\" decoding=\"async\" aria-describedby=\"caption-attachment-184940\" class=\"size-medium wp-image-184940\" src=\"http:\/\/www.diarioimagen.net\/wp-content\/uploads\/2014\/08\/neme-2417-240x135.jpg\" alt=\"Benito Neme Sastr\u00e9,\u00a0director general de Caminos y Puentes Federales.\" width=\"240\" height=\"135\" srcset=\"https:\/\/www.diarioimagen.net\/wp-content\/uploads\/2014\/08\/neme-2417-240x135.jpg 240w, https:\/\/www.diarioimagen.net\/wp-content\/uploads\/2014\/08\/neme-2417-420x236.jpg 420w, https:\/\/www.diarioimagen.net\/wp-content\/uploads\/2014\/08\/neme-2417-235x132.jpg 235w, https:\/\/www.diarioimagen.net\/wp-content\/uploads\/2014\/08\/neme-2417-202x114.jpg 202w, https:\/\/www.diarioimagen.net\/wp-content\/uploads\/2014\/08\/neme-2417-350x196.jpg 350w, https:\/\/www.diarioimagen.net\/wp-content\/uploads\/2014\/08\/neme-2417-220x123.jpg 220w, https:\/\/www.diarioimagen.net\/wp-content\/uploads\/2014\/08\/neme-2417-237x132.jpg 237w, https:\/\/www.diarioimagen.net\/wp-content\/uploads\/2014\/08\/neme-2417.jpg 480w\" sizes=\"auto, (max-width: 240px) 100vw, 240px\" \/><\/a><p id=\"caption-attachment-184940\" class=\"wp-caption-text\">Benito Neme Sastr\u00e9,\u00a0director general de Caminos y Puentes Federales.<\/p><\/div>\n<p>El director de Caminos y Puentes Federales (Capufe), Benito Neme Sastr\u00e9, anunci\u00f3 que, si corresponde, se aplicar\u00e1n sanciones a las dos empresas operadoras del cobro en autopistas, la saliente y la entrante, por las fallas registradas en d\u00edas pasados.<\/p>\n<p>Al comparecer ante la Comisi\u00f3n de Comunicaciones y Transportes del Senado, el funcionario federal asumi\u00f3 la responsabilidad por la poca informaci\u00f3n que se brind\u00f3 a los usuarios por el cambio en los sistemas de telepeaje de las carreteras de cuota.<\/p>\n<p>Benito Neme Sastr\u00e9 manifest\u00f3 que el anterior operador del cobro de autopistas, la empresa I+D, y el nuevo, Impulsora de Servicios Terrestres, ser\u00e1n penalizados en caso de comprobarse que incurrieron en responsabilidades en esta etapa de transici\u00f3n para contar con un nuevo Tag.<\/p>\n<p>Agreg\u00f3 que \u201cestamos evaluando si su comercializaci\u00f3n era correcta, si sus equipos fueron adecuados en ese momento y el porqu\u00e9 de este caos vehicular y esta molestia a los ciudadanos ese d\u00eda\u201d, agreg\u00f3.<\/p>\n<p>El director de Capufe coment\u00f3 que el objetivo era que la transici\u00f3n en el sistema de telepeaje se llevara a cabo el 1 de agosto, pero que los concesionarios no se pusieron de acuerdo.<\/p>\n<p>M\u00e1s adelante, Neme Sastr\u00e9 revel\u00f3 que la empresa I+D, recibi\u00f3 multas por alrededor de 70 millones de pesos durante los nueve a\u00f1os que prest\u00f3 servicios a Capufe, pero \u201ccontinuamos con algunos procesos con ellos\u201d.<\/p>\n<p>Precis\u00f3 que el nuevo consorcio del sistema de telepeaje cuenta con operadores de amplia experiencia en Chile y Espa\u00f1a y se contar\u00e1 con casi 700 carriles de telepeaje en las carreteras del pa\u00eds.<\/p>\n","protected":false},"excerpt":{"rendered":"<p>El director de Caminos y Puentes Federales (Capufe), Benito Neme Sastr\u00e9, anunci\u00f3 que, si corresponde, se aplicar\u00e1n sanciones a las dos empresas operadoras del cobro en autopistas, la saliente y la entrante, por las fallas registradas en d\u00edas pasados.<\/p>\n","protected":false},"author":3,"featured_media":184940,"comment_status":"open","ping_status":"open","sticky":false,"template":"","format":"standard","meta":{"_monsterinsights_skip_tracking":false,"_monsterinsights_sitenote_active":false,"_monsterinsights_sitenote_note":"","_monsterinsights_sitenote_category":0,"footnotes":""},"categories":[3],"tags":[7157,2926,43673],"class_list":["post-184874","post","type-post","status-publish","format-standard","has-post-thumbnail","hentry","category-nacional","tag-caminos-y-puentes-federales","tag-capufe","tag-nacional"],"_links":{"self":[{"href":"https:\/\/www.diarioimagen.net\/index.php?rest_route=\/wp\/v2\/posts\/184874","targetHints":{"allow":["GET"]}}],"collection":[{"href":"https:\/\/www.diarioimagen.net\/index.php?rest_route=\/wp\/v2\/posts"}],"about":[{"href":"https:\/\/www.diarioimagen.net\/index.php?rest_route=\/wp\/v2\/types\/post"}],"author":[{"embeddable":true,"href":"https:\/\/www.diarioimagen.net\/index.php?rest_route=\/wp\/v2\/users\/3"}],"replies":[{"embeddable":true,"href":"https:\/\/www.diarioimagen.net\/index.php?rest_route=%2Fwp%2Fv2%2Fcomments&post=184874"}],"version-history":[{"count":0,"href":"https:\/\/www.diarioimagen.net\/index.php?rest_route=\/wp\/v2\/posts\/184874\/revisions"}],"wp:featuredmedia":[{"embeddable":true,"href":"https:\/\/www.diarioimagen.net\/index.php?rest_route=\/wp\/v2\/media\/184940"}],"wp:attachment":[{"href":"https:\/\/www.diarioimagen.net\/index.php?rest_route=%2Fwp%2Fv2%2Fmedia&parent=184874"}],"wp:term":[{"taxonomy":"category","embeddable":true,"href":"https:\/\/www.diarioimagen.net\/index.php?rest_route=%2Fwp%2Fv2%2Fcategories&post=184874"},{"taxonomy":"post_tag","embeddable":true,"href":"https:\/\/www.diarioimagen.net\/index.php?rest_route=%2Fwp%2Fv2%2Ftags&post=184874"}],"curies":[{"name":"wp","href":"https:\/\/api.w.org\/{rel}","templated":true}]}}