{"id":184900,"date":"2014-08-08T00:09:33","date_gmt":"2014-08-08T05:09:33","guid":{"rendered":"http:\/\/www.diarioimagen.net\/?p=184900"},"modified":"2014-08-08T04:16:27","modified_gmt":"2014-08-08T09:16:27","slug":"en-dos-anos-bajara-costo-de-electricidad","status":"publish","type":"post","link":"https:\/\/www.diarioimagen.net\/?p=184900","title":{"rendered":"En dos a\u00f1os bajar\u00e1 costo de electricidad"},"content":{"rendered":"<ul>\n<li><strong><em>Reconoce que el primer reto es cambiar el tipo de combustible usado para generarla, pues el actual es m\u00e1s caro que el gas natural<\/em><\/strong><\/li>\n<\/ul>\n<div id=\"attachment_184937\" style=\"width: 250px\" class=\"wp-caption alignleft\"><a href=\"http:\/\/www.diarioimagen.net\/wp-content\/uploads\/2014\/08\/ochoa-reza-2417.jpg\"><img loading=\"lazy\" decoding=\"async\" aria-describedby=\"caption-attachment-184937\" class=\"size-medium wp-image-184937\" src=\"http:\/\/www.diarioimagen.net\/wp-content\/uploads\/2014\/08\/ochoa-reza-2417-240x135.jpg\" alt=\"Enrique Ochoa Reza,\u00a0director de la CFE, reconoce que las tarifas tardar\u00e1n por lo menos dos a\u00f1os para iniciar su reducci\u00f3n.\" width=\"240\" height=\"135\" srcset=\"https:\/\/www.diarioimagen.net\/wp-content\/uploads\/2014\/08\/ochoa-reza-2417-240x135.jpg 240w, https:\/\/www.diarioimagen.net\/wp-content\/uploads\/2014\/08\/ochoa-reza-2417-420x237.jpg 420w, https:\/\/www.diarioimagen.net\/wp-content\/uploads\/2014\/08\/ochoa-reza-2417-480x270.jpg 480w, https:\/\/www.diarioimagen.net\/wp-content\/uploads\/2014\/08\/ochoa-reza-2417-235x132.jpg 235w, https:\/\/www.diarioimagen.net\/wp-content\/uploads\/2014\/08\/ochoa-reza-2417-202x114.jpg 202w, https:\/\/www.diarioimagen.net\/wp-content\/uploads\/2014\/08\/ochoa-reza-2417-350x196.jpg 350w, https:\/\/www.diarioimagen.net\/wp-content\/uploads\/2014\/08\/ochoa-reza-2417-220x123.jpg 220w, https:\/\/www.diarioimagen.net\/wp-content\/uploads\/2014\/08\/ochoa-reza-2417-237x132.jpg 237w, https:\/\/www.diarioimagen.net\/wp-content\/uploads\/2014\/08\/ochoa-reza-2417.jpg 645w\" sizes=\"auto, (max-width: 240px) 100vw, 240px\" \/><\/a><p id=\"caption-attachment-184937\" class=\"wp-caption-text\">Enrique Ochoa Reza,\u00a0director de la CFE, reconoce que las tarifas tardar\u00e1n por lo menos dos a\u00f1os para iniciar su reducci\u00f3n.<\/p><\/div>\n<p>Una vez aprobada la reforma energ\u00e9tica, ser\u00e1 en un promedio de dos a\u00f1os cuando empiecen las reducciones en el costo de la energ\u00eda el\u00e9ctrica, de acuerdo con el director general de la Comisi\u00f3n Federal de Electricidad (CFE), Enrique Ochoa Reza.<\/p>\n<p>Al llegar a la junta nacional de la Confederaci\u00f3n Patronal de la Rep\u00fablica Mexicana (Coparmex), el funcionario indic\u00f3 que el primer reto es cambiar el combust\u00f3leo, combustible cuatro veces m\u00e1s caro que el gas natural y 68 por ciento m\u00e1s contaminante.<\/p>\n<p>Para ello, abund\u00f3, se requiere infraestructura de gasoductos y nuevas centrales de ciclo combinado.<\/p>\n<p>\u201cA partir de la aprobaci\u00f3n de la reforma energ\u00e9tica y con toda la construcci\u00f3n de la infraestructura que nos permita sustituir el combust\u00f3leo por gas natural, esperamos ver en dos a\u00f1os beneficios concretos\u201d, expuso.<\/p>\n<p>Entre los compromisos y beneficios de la reforma energ\u00e9tica est\u00e1 la reducci\u00f3n de los costos de la energ\u00eda el\u00e9ctrica, lo que se constituye al sustituir el combust\u00f3leo por gas natural e invertir en reducir p\u00e9rdidas en las redes de transmisi\u00f3n y distribuci\u00f3n.<\/p>\n<p>Por otra parte, el director de CFE reconoci\u00f3 el trabajo de los legisladores en el Congreso de la Uni\u00f3n por el debate que result\u00f3 en la aprobaci\u00f3n de la reforma energ\u00e9tica, \u201cnecesaria para el pa\u00eds y que fortalecer\u00e1 a la CFE\u201d.<\/p>\n<p>Record\u00f3 que la licitaci\u00f3n para el desarrollo de dicha infraestructura ya fue anunciada por el secretario de Energ\u00eda, Pedro Joaquin Coldwell, e inici\u00f3 hace tres semanas.<\/p>\n<p>Agreg\u00f3 que la organizaci\u00f3n Transparencia Mexicana supervisar\u00e1 el proceso como testigo social o en calidad de acompa\u00f1amiento.<\/p>\n<p>A su vez, el presidente de la Coparmex, Juan Pablo Casta\u00f1\u00f3n, dijo que el sector empresarial qued\u00f3 satisfecho por lo aprobado en el Congreso pero consider\u00f3 que hay asuntos de mejora y temas pendientes como la emisi\u00f3n de los criterios con los cuales se van a hacer las licitaciones y el establecimiento de medidas de control para que las inversiones empiecen a darse.<\/p>\n","protected":false},"excerpt":{"rendered":"<p>Una vez aprobada la reforma energ\u00e9tica, ser\u00e1 en un promedio de dos a\u00f1os cuando empiecen las reducciones en el costo de la energ\u00eda el\u00e9ctrica, de acuerdo con el director general de la Comisi\u00f3n Federal de Electricidad (CFE), Enrique Ochoa Reza.<\/p>\n","protected":false},"author":3,"featured_media":184937,"comment_status":"open","ping_status":"open","sticky":false,"template":"","format":"standard","meta":{"_monsterinsights_skip_tracking":false,"_monsterinsights_sitenote_active":false,"_monsterinsights_sitenote_note":"","_monsterinsights_sitenote_category":0,"footnotes":""},"categories":[3],"tags":[139,138,26200,27947,43673],"class_list":["post-184900","post","type-post","status-publish","format-standard","has-post-thumbnail","hentry","category-nacional","tag-cfe","tag-comision-federal-de-electricidad","tag-costo","tag-enrique-ochoa-reza","tag-nacional"],"_links":{"self":[{"href":"https:\/\/www.diarioimagen.net\/index.php?rest_route=\/wp\/v2\/posts\/184900","targetHints":{"allow":["GET"]}}],"collection":[{"href":"https:\/\/www.diarioimagen.net\/index.php?rest_route=\/wp\/v2\/posts"}],"about":[{"href":"https:\/\/www.diarioimagen.net\/index.php?rest_route=\/wp\/v2\/types\/post"}],"author":[{"embeddable":true,"href":"https:\/\/www.diarioimagen.net\/index.php?rest_route=\/wp\/v2\/users\/3"}],"replies":[{"embeddable":true,"href":"https:\/\/www.diarioimagen.net\/index.php?rest_route=%2Fwp%2Fv2%2Fcomments&post=184900"}],"version-history":[{"count":0,"href":"https:\/\/www.diarioimagen.net\/index.php?rest_route=\/wp\/v2\/posts\/184900\/revisions"}],"wp:featuredmedia":[{"embeddable":true,"href":"https:\/\/www.diarioimagen.net\/index.php?rest_route=\/wp\/v2\/media\/184937"}],"wp:attachment":[{"href":"https:\/\/www.diarioimagen.net\/index.php?rest_route=%2Fwp%2Fv2%2Fmedia&parent=184900"}],"wp:term":[{"taxonomy":"category","embeddable":true,"href":"https:\/\/www.diarioimagen.net\/index.php?rest_route=%2Fwp%2Fv2%2Fcategories&post=184900"},{"taxonomy":"post_tag","embeddable":true,"href":"https:\/\/www.diarioimagen.net\/index.php?rest_route=%2Fwp%2Fv2%2Ftags&post=184900"}],"curies":[{"name":"wp","href":"https:\/\/api.w.org\/{rel}","templated":true}]}}