{"id":185021,"date":"2014-08-11T00:09:29","date_gmt":"2014-08-11T05:09:29","guid":{"rendered":"http:\/\/www.diarioimagen.net\/?p=185021"},"modified":"2014-08-11T02:19:37","modified_gmt":"2014-08-11T07:19:37","slug":"profepa-sancionara-a-minera-que-derramo-acido-en-2-rios-de-sonora","status":"publish","type":"post","link":"https:\/\/www.diarioimagen.net\/?p=185021","title":{"rendered":"Profepa sancionar\u00e1 a minera que derram\u00f3 \u00e1cido en 2 r\u00edos de Sonora"},"content":{"rendered":"<ul>\n<li><strong><em>Fueron 40 mil metros c\u00fabicos de \u00e1cido sulf\u00farico<\/em><\/strong><\/li>\n<\/ul>\n<div id=\"attachment_185022\" style=\"width: 250px\" class=\"wp-caption alignleft\"><img loading=\"lazy\" decoding=\"async\" aria-describedby=\"caption-attachment-185022\" class=\"wp-image-185022 size-medium\" src=\"http:\/\/www.diarioimagen.net\/wp-content\/uploads\/2014\/08\/acido-portal-240x135.jpg\" alt=\"Buenavista del Cobre, antes llamada Mexicana de Cananea, es parte de Grupo M\u00e9xico del empresario  Germ\u00e1n Larrea, el cual maneja diversas minas en el norte del pa\u00eds, incluida la famosa Pasta de Conchos, Coahuila, donde 65 mineros quedaron atrapados por una explosi\u00f3n de gas en 2006.\" width=\"240\" height=\"135\" srcset=\"https:\/\/www.diarioimagen.net\/wp-content\/uploads\/2014\/08\/acido-portal-240x135.jpg 240w, https:\/\/www.diarioimagen.net\/wp-content\/uploads\/2014\/08\/acido-portal-420x236.jpg 420w, https:\/\/www.diarioimagen.net\/wp-content\/uploads\/2014\/08\/acido-portal-235x132.jpg 235w, https:\/\/www.diarioimagen.net\/wp-content\/uploads\/2014\/08\/acido-portal-202x114.jpg 202w, https:\/\/www.diarioimagen.net\/wp-content\/uploads\/2014\/08\/acido-portal-350x196.jpg 350w, https:\/\/www.diarioimagen.net\/wp-content\/uploads\/2014\/08\/acido-portal-220x123.jpg 220w, https:\/\/www.diarioimagen.net\/wp-content\/uploads\/2014\/08\/acido-portal-237x132.jpg 237w, https:\/\/www.diarioimagen.net\/wp-content\/uploads\/2014\/08\/acido-portal.jpg 480w\" sizes=\"auto, (max-width: 240px) 100vw, 240px\" \/><p id=\"caption-attachment-185022\" class=\"wp-caption-text\">La empresa Buenavista de Cobre fue sancionada por la Profepa, que orden\u00f3 aplicar el Plan de Remediaci\u00f3n Total, al comprobar que el agua de dos r\u00edos fue contaminada con \u00e1cido sulf\u00farico de la mina de Cananea.<\/p><\/div>\n<p>La Procuradur\u00eda Federal de Protecci\u00f3n al Ambiente (Profepa) anunci\u00f3 que inici\u00f3 un procedimiento para aplicar sanciones contra Buenavista del Cobre por el derrame de 40 mil metros c\u00fabicos de \u00e1cido sulf\u00farico en los r\u00edos Bacanuchi y Sonora.<\/p>\n<p>Tambi\u00e9n orden\u00f3 a la empresa aplicar un Plan de Remediaci\u00f3n Total, tras el derrame de 40 mil metros c\u00fabicos de \u00e1cido sulf\u00farico a los r\u00edos Bacanuchi y Sonora, proveniente de la mina de Cananea, ubicada en el estado de Sonora.<\/p>\n<p>En un comunicado explic\u00f3 que debido a las lluvias, el pasado jueves ocurri\u00f3 un derrame de una de las represas de jales que conten\u00edan esta sustancia y escurri\u00f3 hasta llegar a los afluentes del r\u00edo Bacanuchi y posteriormente al r\u00edo Sonora, afectando con ello adem\u00e1s de Cananea, los municipios de Arizpe, Ban\u00e1michi, Bavi\u00e1cora, Aconchi y Ures.<\/p>\n<p>Agreg\u00f3 que desde ese d\u00eda se instal\u00f3 el Protocolo de Contingencia del Comit\u00e9 de Operaciones de Atenci\u00f3n a Emergencias Ambientales (COATEA) en el que participan la Profepa, la Comisi\u00f3n Nacional del Agua (Conagua) y las unidades municipales y estatal de Protecci\u00f3n Civil, as\u00ed como cuerpos de rescate y de la misma empresa responsable.<\/p>\n<p>Las acciones que se implementaron fueron: la neutralizaci\u00f3n del \u00e1cido sulf\u00farico por medio de cal, la construcci\u00f3n de represos para evitar mayores escurrimientos, el rebombeo del agua contenida, y el an\u00e1lisis de los niveles de agua contaminados, entre otras.<\/p>\n<p>Buenavista del Cobre, antes llamada Mexicana de Cananea, es parte de Grupo M\u00e9xico del empresario Germ\u00e1n Larrea, el cual maneja diversas minas en el norte del pa\u00eds, incluida la famosa Pasta de Conchos, Coahuila, donde 65 mineros quedaron atrapados por una explosi\u00f3n de gas en 2006.<\/p>\n","protected":false},"excerpt":{"rendered":"<p>La Procuradur\u00eda Federal de Protecci\u00f3n al Ambiente (Profepa) anunci\u00f3 que inici\u00f3 un procedimiento para aplicar sanciones contra Buenavista del Cobre por el derrame de 40 mil metros c\u00fabicos de \u00e1cido sulf\u00farico en los r\u00edos Bacanuchi y Sonora.<\/p>\n","protected":false},"author":5,"featured_media":185022,"comment_status":"open","ping_status":"open","sticky":false,"template":"","format":"standard","meta":{"_monsterinsights_skip_tracking":false,"_monsterinsights_sitenote_active":false,"_monsterinsights_sitenote_note":"","_monsterinsights_sitenote_category":0,"footnotes":""},"categories":[3],"tags":[19129,12631,49],"class_list":["post-185021","post","type-post","status-publish","format-standard","has-post-thumbnail","hentry","category-nacional","tag-profepa","tag-rios","tag-sonora"],"_links":{"self":[{"href":"https:\/\/www.diarioimagen.net\/index.php?rest_route=\/wp\/v2\/posts\/185021","targetHints":{"allow":["GET"]}}],"collection":[{"href":"https:\/\/www.diarioimagen.net\/index.php?rest_route=\/wp\/v2\/posts"}],"about":[{"href":"https:\/\/www.diarioimagen.net\/index.php?rest_route=\/wp\/v2\/types\/post"}],"author":[{"embeddable":true,"href":"https:\/\/www.diarioimagen.net\/index.php?rest_route=\/wp\/v2\/users\/5"}],"replies":[{"embeddable":true,"href":"https:\/\/www.diarioimagen.net\/index.php?rest_route=%2Fwp%2Fv2%2Fcomments&post=185021"}],"version-history":[{"count":0,"href":"https:\/\/www.diarioimagen.net\/index.php?rest_route=\/wp\/v2\/posts\/185021\/revisions"}],"wp:featuredmedia":[{"embeddable":true,"href":"https:\/\/www.diarioimagen.net\/index.php?rest_route=\/wp\/v2\/media\/185022"}],"wp:attachment":[{"href":"https:\/\/www.diarioimagen.net\/index.php?rest_route=%2Fwp%2Fv2%2Fmedia&parent=185021"}],"wp:term":[{"taxonomy":"category","embeddable":true,"href":"https:\/\/www.diarioimagen.net\/index.php?rest_route=%2Fwp%2Fv2%2Fcategories&post=185021"},{"taxonomy":"post_tag","embeddable":true,"href":"https:\/\/www.diarioimagen.net\/index.php?rest_route=%2Fwp%2Fv2%2Ftags&post=185021"}],"curies":[{"name":"wp","href":"https:\/\/api.w.org\/{rel}","templated":true}]}}