{"id":185054,"date":"2014-08-11T00:07:59","date_gmt":"2014-08-11T05:07:59","guid":{"rendered":"http:\/\/www.diarioimagen.net\/?p=185054"},"modified":"2014-08-12T04:17:51","modified_gmt":"2014-08-12T09:17:51","slug":"enrique-pena-nieto-promulga-hoy-leyes-energeticas","status":"publish","type":"post","link":"https:\/\/www.diarioimagen.net\/?p=185054","title":{"rendered":"Enrique Pe\u00f1a Nieto promulga hoy leyes energ\u00e9ticas"},"content":{"rendered":"<ul>\n<li><strong><em>Seg\u00fan Hacienda y Cr\u00e9dito P\u00fablico, la reforma permitir\u00e1 ampliar la oferta, atraer\u00e1 inversiones e impulsar\u00e1 las actividades productivas del pa\u00eds<br \/>\n<\/em><\/strong><\/li>\n<\/ul>\n<h6>Jos\u00e9 Luis Monta\u00f1ez<\/h6>\n<p><span><\/p>\n<div id=\"attachment_185092\" style=\"width: 250px\" class=\"wp-caption alignleft\"><a href=\"http:\/\/www.diarioimagen.net\/wp-content\/uploads\/2014\/08\/Congreso-2418.jpg\"><img loading=\"lazy\" decoding=\"async\" aria-describedby=\"caption-attachment-185092\" class=\"size-medium wp-image-185092\" src=\"http:\/\/www.diarioimagen.net\/wp-content\/uploads\/2014\/08\/Congreso-2418-240x135.jpg\" alt=\"El presidente Enrique Pe\u00f1a Nieto\u00a0promulga hoy las leyes secundarias de la reforma energ\u00e9tica que, dice Hacienda, traer\u00e1n m\u00e1s inversiones y generar\u00e1n empleos.\" width=\"240\" height=\"135\" srcset=\"https:\/\/www.diarioimagen.net\/wp-content\/uploads\/2014\/08\/Congreso-2418-240x135.jpg 240w, https:\/\/www.diarioimagen.net\/wp-content\/uploads\/2014\/08\/Congreso-2418-420x236.jpg 420w, https:\/\/www.diarioimagen.net\/wp-content\/uploads\/2014\/08\/Congreso-2418-480x270.jpg 480w, https:\/\/www.diarioimagen.net\/wp-content\/uploads\/2014\/08\/Congreso-2418-235x132.jpg 235w, https:\/\/www.diarioimagen.net\/wp-content\/uploads\/2014\/08\/Congreso-2418-202x114.jpg 202w, https:\/\/www.diarioimagen.net\/wp-content\/uploads\/2014\/08\/Congreso-2418-350x196.jpg 350w, https:\/\/www.diarioimagen.net\/wp-content\/uploads\/2014\/08\/Congreso-2418-220x123.jpg 220w, https:\/\/www.diarioimagen.net\/wp-content\/uploads\/2014\/08\/Congreso-2418-237x132.jpg 237w, https:\/\/www.diarioimagen.net\/wp-content\/uploads\/2014\/08\/Congreso-2418.jpg 1200w\" sizes=\"auto, (max-width: 240px) 100vw, 240px\" \/><\/a><p id=\"caption-attachment-185092\" class=\"wp-caption-text\">El presidente Enrique Pe\u00f1a Nieto\u00a0promulga hoy las leyes secundarias de la reforma energ\u00e9tica que, dice Hacienda, traer\u00e1n m\u00e1s inversiones y generar\u00e1n empleos.<\/p><\/div>\n<p>En un hecho hist\u00f3rico, el Presidente de la Rep\u00fablica promulga hoy en Palacio Nacional las leyes secundarias de la reforma energ\u00e9tica.<\/p>\n<p>El acto, programado para las 11:00 horas representa la culminaci\u00f3n de un proceso legislativo hist\u00f3rico para la transformaci\u00f3n de M\u00e9xico, destac\u00f3 la (SHCP) .<\/p>\n<p>La dependencia apunta que, en particular, esta reforma permitir\u00e1 ampliar la oferta de energ\u00e9ticos que requiere el pa\u00eds para atraer m\u00e1s inversiones, impulsar el desarrollo de las actividades productivas, y la generaci\u00f3n de em\u00adpleos\u00ad y as\u00ed mejorar el bienestar de las familias mexicanas.<\/p>\n<p>Se\u00f1ala que el gobierno de la Rep\u00fablica reconoce la labor del Poder Legislativo en la construcci\u00f3n de acuerdos que permitieron aprobar las reformas tan necesarias para alcanzar el potencial de crecimiento y desarrollo econ\u00f3mico del pa\u00eds.<\/p>\n<p>Asimismo, refrenda su compromiso de implementarlas de forma \u00e1gil para que sus beneficios se materialicen y se reflejen en los bolsillos de los mexicanos, expuso en el Informe Semanal de su Vocer\u00eda.<\/p>\n<p>Indica que despu\u00e9s de poco m\u00e1s de tres meses de intenso trabajo legislativo, el pasado 6 de agosto qued\u00f3 aprobada la legislaci\u00f3n secundaria en materia energ\u00e9tica que delinea y regula los cambios constitucionales aprobados a finales del a\u00f1o pasado.<\/p>\n<p>Se trata de nueve legislaciones nuevas y 12 vigentes que fueron modificadas y que regular\u00e1n la apertura de los sectores petrolero, gas y el\u00e9ctrico mexicanos a la inversi\u00f3n privada, afirma el Ejecutivo.<\/p>\n<p>Entre los dict\u00e1menes discutidos y aprobados, se establecieron de forma clara y precisa, los recursos que recibir\u00e1 el Estado por la exploraci\u00f3n y extracci\u00f3n de hidrocarburos, y el uso que se dar\u00e1 a dichos ingresos.<\/span><\/p>\n","protected":false},"excerpt":{"rendered":"<p><span style=\"color: #005497;\"><strong>Jos\u00e9 Luis Monta\u00f1ez<\/strong><\/span><br \/>\n<br \/>\nEn un hecho hist\u00f3rico, el Presidente de la Rep\u00fablica promulga hoy en Palacio Nacional las leyes secundarias de la reforma energ\u00e9tica.<\/p>\n","protected":false},"author":3,"featured_media":185092,"comment_status":"open","ping_status":"open","sticky":false,"template":"","format":"standard","meta":{"_monsterinsights_skip_tracking":false,"_monsterinsights_sitenote_active":false,"_monsterinsights_sitenote_note":"","_monsterinsights_sitenote_category":0,"footnotes":""},"categories":[3],"tags":[18,32855,373,1101],"class_list":["post-185054","post","type-post","status-publish","format-standard","has-post-thumbnail","hentry","category-nacional","tag-enrique-pena-nieto","tag-leyes-energeticas","tag-palacio-nacional","tag-secretaria-de-hacienda-y-credito-publico"],"_links":{"self":[{"href":"https:\/\/www.diarioimagen.net\/index.php?rest_route=\/wp\/v2\/posts\/185054","targetHints":{"allow":["GET"]}}],"collection":[{"href":"https:\/\/www.diarioimagen.net\/index.php?rest_route=\/wp\/v2\/posts"}],"about":[{"href":"https:\/\/www.diarioimagen.net\/index.php?rest_route=\/wp\/v2\/types\/post"}],"author":[{"embeddable":true,"href":"https:\/\/www.diarioimagen.net\/index.php?rest_route=\/wp\/v2\/users\/3"}],"replies":[{"embeddable":true,"href":"https:\/\/www.diarioimagen.net\/index.php?rest_route=%2Fwp%2Fv2%2Fcomments&post=185054"}],"version-history":[{"count":0,"href":"https:\/\/www.diarioimagen.net\/index.php?rest_route=\/wp\/v2\/posts\/185054\/revisions"}],"wp:featuredmedia":[{"embeddable":true,"href":"https:\/\/www.diarioimagen.net\/index.php?rest_route=\/wp\/v2\/media\/185092"}],"wp:attachment":[{"href":"https:\/\/www.diarioimagen.net\/index.php?rest_route=%2Fwp%2Fv2%2Fmedia&parent=185054"}],"wp:term":[{"taxonomy":"category","embeddable":true,"href":"https:\/\/www.diarioimagen.net\/index.php?rest_route=%2Fwp%2Fv2%2Fcategories&post=185054"},{"taxonomy":"post_tag","embeddable":true,"href":"https:\/\/www.diarioimagen.net\/index.php?rest_route=%2Fwp%2Fv2%2Ftags&post=185054"}],"curies":[{"name":"wp","href":"https:\/\/api.w.org\/{rel}","templated":true}]}}