{"id":186256,"date":"2014-08-20T00:13:43","date_gmt":"2014-08-20T05:13:43","guid":{"rendered":"http:\/\/www.diarioimagen.net\/?p=186256"},"modified":"2014-08-20T01:54:09","modified_gmt":"2014-08-20T06:54:09","slug":"eav-apuesta-por-calidad-educativa","status":"publish","type":"post","link":"https:\/\/www.diarioimagen.net\/?p=186256","title":{"rendered":"EAV apuesta por calidad educativa"},"content":{"rendered":"<h2>Arco Norte<\/h2>\n<h5>Jos\u00e9 Luis Monta\u00f1ez Aguilar<\/h5>\n<p>&nbsp;<\/p>\n<div id=\"attachment_186321\" style=\"width: 250px\" class=\"wp-caption alignleft\"><a href=\"http:\/\/www.diarioimagen.net\/wp-content\/uploads\/2014\/08\/arco-2425.jpg\"><img loading=\"lazy\" decoding=\"async\" aria-describedby=\"caption-attachment-186321\" class=\"size-medium wp-image-186321\" src=\"http:\/\/www.diarioimagen.net\/wp-content\/uploads\/2014\/08\/arco-2425-240x159.jpg\" alt=\"El gobernador Eruviel \u00c1vila Villegas inaugur\u00f3 el Centro de Educaci\u00f3n a Distancia de la Universidad Digital y una telesecundaria en el albergue infantil del Sistema para el Desarrollo Integral de la Familia del Estado de M\u00e9xico (DIFEM).\" width=\"240\" height=\"159\" srcset=\"https:\/\/www.diarioimagen.net\/wp-content\/uploads\/2014\/08\/arco-2425-240x159.jpg 240w, https:\/\/www.diarioimagen.net\/wp-content\/uploads\/2014\/08\/arco-2425-420x279.jpg 420w, https:\/\/www.diarioimagen.net\/wp-content\/uploads\/2014\/08\/arco-2425.jpg 700w\" sizes=\"auto, (max-width: 240px) 100vw, 240px\" \/><\/a><p id=\"caption-attachment-186321\" class=\"wp-caption-text\">El gobernador Eruviel \u00c1vila Villegas inaugur\u00f3 el Centro de Educaci\u00f3n a Distancia de la Universidad Digital y una telesecundaria en el albergue infantil del Sistema para el Desarrollo Integral de la Familia del Estado de M\u00e9xico (DIFEM).<\/p><\/div>\n<p>El gobernador del Estado de M\u00e9xico, Eruviel \u00c1vila Villegas, destac\u00f3 que su administraci\u00f3n apuesta por una mejor educaci\u00f3n y un alto nivel acad\u00e9mico, para lo cual se esfuerza por brindar los mejores servicios a los menores. Al inaugurar el Centro de Educaci\u00f3n a Distancia de la Universidad Digital y una telesecundaria en el albergue del Sistema para el Desarrollo Integral de la Familia del Estado de M\u00e9xico (DIFEM) se\u00f1al\u00f3: \u201cEstamos entregando una biblioteca digital y el sistema de telesecundaria para que nuestras ni\u00f1as, nuestros ni\u00f1os se puedan preparar aqu\u00ed en el albergue. Hay que reconocer que no ten\u00edamos este sistema, no ten\u00edamos estas herramientas tecnol\u00f3gicas, y esto nos va a permitir que se puedan preparar para cerrar la brecha digital, contribuyendo a la alfabetizaci\u00f3n digital y tecnol\u00f3gica. Todas las ni\u00f1as, todos los ni\u00f1os del Estado de M\u00e9xico merecen crecer felices y tener las mismas posibilidades y oportunidades de desarrollo para salir adelante\u201d, expres\u00f3. El centro de educaci\u00f3n y la telesecundaria inician actividades en el ciclo escolar 2014-2015. En una primera etapa beneficiar\u00e1n a m\u00e1s de 120 menores, el equipamiento de estos espacios cont\u00f3 con una inversi\u00f3n cercana a los 800 mil pesos, con lo que el DIFEM se distingue como el primer sistema en el pa\u00eds en ofrecer la posibilidad de cursar estudios de preparatoria, licenciatura, maestr\u00edas y doctorados, a quienes habitan en un albergue, en convenio con universidades de prestigio nacional. Eruviel \u00c1vila y la presidenta honoraria del DIFEM, Isis \u00c1vila Mu\u00f1oz, firmaron como testigos de honor el convenio de colaboraci\u00f3n entre la Universidad Digital del Estado de M\u00e9xico y el Sistema DIF estatal.<\/p>\n","protected":false},"excerpt":{"rendered":"<p><span style=\"color: #005497;\"><strong>Jos\u00e9 Luis Monta\u00f1ez Aguilar<\/strong><\/span><br \/>\n<br \/>\nEl gobernador del Estado de M\u00e9xico, Eruviel \u00c1vila Villegas, destac\u00f3 que su administraci\u00f3n apuesta por una mejor educaci\u00f3n y un alto nivel acad\u00e9mico, para lo cual se esfuerza por brindar los mejores servicios a los menores. Al inaugurar el Centro de Educaci\u00f3n a Distancia de la Universidad Digital y una telesecundaria en el albergue del Sistema para el Desarrollo Integral de la Familia del Estado de M\u00e9xico&#8230;<\/p>\n","protected":false},"author":3,"featured_media":186321,"comment_status":"open","ping_status":"open","sticky":false,"template":"","format":"standard","meta":{"_monsterinsights_skip_tracking":false,"_monsterinsights_sitenote_active":false,"_monsterinsights_sitenote_note":"","_monsterinsights_sitenote_category":0,"footnotes":""},"categories":[5],"tags":[43675],"class_list":["post-186256","post","type-post","status-publish","format-standard","has-post-thumbnail","hentry","category-estado-de-mexico","tag-estado-de-mexico"],"_links":{"self":[{"href":"https:\/\/www.diarioimagen.net\/index.php?rest_route=\/wp\/v2\/posts\/186256","targetHints":{"allow":["GET"]}}],"collection":[{"href":"https:\/\/www.diarioimagen.net\/index.php?rest_route=\/wp\/v2\/posts"}],"about":[{"href":"https:\/\/www.diarioimagen.net\/index.php?rest_route=\/wp\/v2\/types\/post"}],"author":[{"embeddable":true,"href":"https:\/\/www.diarioimagen.net\/index.php?rest_route=\/wp\/v2\/users\/3"}],"replies":[{"embeddable":true,"href":"https:\/\/www.diarioimagen.net\/index.php?rest_route=%2Fwp%2Fv2%2Fcomments&post=186256"}],"version-history":[{"count":0,"href":"https:\/\/www.diarioimagen.net\/index.php?rest_route=\/wp\/v2\/posts\/186256\/revisions"}],"wp:featuredmedia":[{"embeddable":true,"href":"https:\/\/www.diarioimagen.net\/index.php?rest_route=\/wp\/v2\/media\/186321"}],"wp:attachment":[{"href":"https:\/\/www.diarioimagen.net\/index.php?rest_route=%2Fwp%2Fv2%2Fmedia&parent=186256"}],"wp:term":[{"taxonomy":"category","embeddable":true,"href":"https:\/\/www.diarioimagen.net\/index.php?rest_route=%2Fwp%2Fv2%2Fcategories&post=186256"},{"taxonomy":"post_tag","embeddable":true,"href":"https:\/\/www.diarioimagen.net\/index.php?rest_route=%2Fwp%2Fv2%2Ftags&post=186256"}],"curies":[{"name":"wp","href":"https:\/\/api.w.org\/{rel}","templated":true}]}}