{"id":186966,"date":"2014-08-26T00:01:08","date_gmt":"2014-08-26T05:01:08","guid":{"rendered":"http:\/\/www.diarioimagen.net\/?p=186966"},"modified":"2014-08-26T17:32:31","modified_gmt":"2014-08-26T22:32:31","slug":"en-el-espejo-del-otro-enigmatica-historia-de-beatriz-graf-de-ediciones-b","status":"publish","type":"post","link":"https:\/\/www.diarioimagen.net\/?p=186966","title":{"rendered":"\u201cEn el espejo de otro\u201d, enigm\u00e1tica historia de Beatriz Graf, de Ediciones B"},"content":{"rendered":"<h2>En la ruta de las letras<\/h2>\n<h6>Patricia Correa<\/h6>\n<p>&nbsp;<\/p>\n<p><a href=\"http:\/\/www.diarioimagen.net\/wp-content\/uploads\/2014\/08\/en-la-ruta-de-las-letras-2429.jpg\"><img loading=\"lazy\" decoding=\"async\" class=\"alignleft  wp-image-187012\" src=\"http:\/\/www.diarioimagen.net\/wp-content\/uploads\/2014\/08\/en-la-ruta-de-las-letras-2429-280x420.jpg\" alt=\"en-la-ruta-de-las-letras-2429\" width=\"254\" height=\"381\" \/><\/a>La escritora Beatriz Graf nos presenta su nueva novela \u201cEn el espejo de otro\u201d, una enigm\u00e1tica historia de dos gemelos que tras el maltrato de su padre huyen de Suecia y llegan al puerto de Veracruz en el siglo XX. En entrevista exclusiva para <strong>DIARIO IMAGEN<\/strong> la escritora revel\u00f3 m\u00e1s detalles:<\/p>\n<p><strong>-\u00bfPor qu\u00e9 el t\u00edtulo \u201cEn el espejo de otro\u201d?<\/strong><\/p>\n<p>\u201cYo pienso que todos los seres humanos tenemos una parte luz y una parte sombra, pero esa parte sombra no la vemos, la \u00fanica manera como la podemos ver es reflej\u00e1ndonos en el espejo de otro, si a m\u00ed me causa coraje algo que dijo alguien, es porque yo me estoy identificando con eso, y m\u00e1s viniendo de hermanos, los espejos aqu\u00ed tienen un simbolismo muy grande, los hermanos se dan cuenta de sus errores por el reflejo que le da el otro hermano Erik, a la hora que se ve en el espejo se da cuenta que se parece a su padre\u201d.<\/p>\n<p><strong>-Cuatro generaciones marcadas por el destino; h\u00e1blanos de los gemelos Erik y Oskar Nilssen\u2026<\/strong><\/p>\n<p>\u201cSon dos hermanos que viven una infancia con una madre cari\u00f1osa, pero sumisa y un padre muy severo. Erik padece m\u00e1s por su rebeld\u00eda, un d\u00eda decide huir de su padre junto con Oskar y llegan a Veracruz, quedan deslumbrados por M\u00e9xico, ellos siguen siendo diferentes de manera de ser y se separan\u201d.<\/p>\n<p><strong>-\u00bfEs suerte o destino para ellos, Erik al llegar a M\u00e9xico y al casarse con Mar\u00eda Juana administra una gran fortuna, y Oskar llegar a vivir a casa de Isidro Luna y Luna?<\/strong><\/p>\n<p>\u201cEs destino, las cosas son porque tienen que ser, es lo que les tocaba vivir, Erik lo busca y en cambio Oskar que es m\u00e1s generoso si le toc\u00f3 ese destino, Erik no quiere tener hijos, porque no quiere hacer con ellos lo que su pap\u00e1 hizo con \u00e9l. Oskar quiere ser el mejor padre del mundo, por lo cual tiene una familia muy grande, yo quise probar que aunque sean hermanos gemelos tienen su propia su vida y sus propios pensamientos\u201d.<\/p>\n<p><strong>-Mar\u00eda Juana, una mujer que para la \u00e9poca rompi\u00f3 todos los estereotipos con su rebeld\u00eda e independencia, h\u00e1blanos de este personaje:<\/strong><\/p>\n<p>\u201cMe gusta mucho este personaje por rebelde, a causa de que sus padres se adoraban y la dejaban en segundo plano, se vio despechada por ellos y quiso lograr su independencia, se casa con Erik por conveniencia y a la hora que tiene un hijo lo deja para irse a Europa, porque tiene que buscar su lugar en la vida\u201d.<\/p>\n<p><strong>-En la novela se narra la \u201cDecena tr\u00e1gica\u201d, miles de muertes y sobre todo lo que afecta a los Nilssen este movimiento armado, \u00bfPor qu\u00e9 decidiste incluir esta parte de la historia de M\u00e9xico?<\/strong><\/p>\n<p>\u201cA m\u00ed siempre me hab\u00eda causado sorpresa cuando derrocaron a Madero, c\u00f3mo es posible que despu\u00e9s de haber llegado a la democracia pasa esto, me puse a estudiar la historia, lo que estaba sucediendo, que hac\u00edan las familias y la gente normal, de que estaban enterados, llega la \u201cDecena tr\u00e1gica\u201d y todos los que viven en el centro lo padecen, y yo quise expresar lo que a la familia Nilssen le pasa durante este movimiento\u201d.<\/p>\n<p><strong><img loading=\"lazy\" decoding=\"async\" class=\"alignleft size-medium wp-image-187034\" src=\"http:\/\/www.diarioimagen.net\/wp-content\/uploads\/2014\/08\/profecia-portal-152x240.jpg\" alt=\"profecia-portal\" width=\"152\" height=\"240\" \/>\u201cPROFEC\u00cdA\u201d\u00a0-SANDRO VERONESI<\/strong><\/p>\n<p><strong><em>Editorial Anagrama<\/em><\/strong><\/p>\n<p>Veronesi plasma en este libro tres relatos (<em>Profec\u00eda, Muerto por algo, Lo que ha sido ser\u00e1<\/em>), textos nost\u00e1lgicos y tristes sobre el acontecer de la vida y la convalecencia de sus padres, narrado con proeza literaria a manera de mon\u00f3logo prof\u00e9tico dirigido a alguien que en el futuro tendr\u00e1 que cuidar de su padre enfermo. Una reflexi\u00f3n del propio autor sobre su propia vida.<\/p>\n<p>Al enfrentamiento a la enfermedad de su padre, Alessandro Veronesi se vuelve un gu\u00eda para su progenitor, a la vez que el hijo se enfrenta a la burocracia asociada a la enfermedad, la hipocres\u00eda de una eutanasia que oculta su nombre, la dif\u00edcil selecci\u00f3n de cuidadores, los destellos de humor del moribundo y una desgarradora paranoia.<\/p>\n<p>Completan este volumen otros dos relatos, <em>Muerto por algo<\/em> y <em>Lo que ha sido ser\u00e1<\/em>, mismos que narran relaciones paterno-filiales como tema principal. El primero cuenta la historia de un joven que pretende darle un sentido p\u00f3stumo a la muerte de su padre, mientras que el segundo sit\u00faa al lector ante los conflictos m\u00e1s graves de dos j\u00f3venes en el microcosmos de las peque\u00f1as tragedias cotidianas.<\/p>\n<p><a href=\"mailto:%20patolina22@hotmail.com\" target=\"_blank\"><em>patolina22@hotmail.com<\/em><\/a><\/p>\n","protected":false},"excerpt":{"rendered":"<p>La escritora Beatriz Graf nos presenta su nueva novela \u201cEn el espejo de otro\u201d, una enigm\u00e1tica historia de dos gemelos que tras el maltrato de su padre huyen de Suecia y llegan al puerto de Veracruz en el siglo XX. En entrevista exclusiva para <strong>DIARIO IMAGEN<\/strong> la escritora revel\u00f3 m\u00e1s detalles:<\/p>\n","protected":false},"author":3,"featured_media":0,"comment_status":"open","ping_status":"open","sticky":false,"template":"","format":"standard","meta":{"_monsterinsights_skip_tracking":false,"footnotes":""},"categories":[156],"tags":[43685,31104,43674,11392],"class_list":["post-186966","post","type-post","status-publish","format-standard","hentry","category-cultura","tag-cultura","tag-en-la-ruta-de-las-letras","tag-opinion","tag-patricia-correa"],"_links":{"self":[{"href":"https:\/\/www.diarioimagen.net\/index.php?rest_route=\/wp\/v2\/posts\/186966","targetHints":{"allow":["GET"]}}],"collection":[{"href":"https:\/\/www.diarioimagen.net\/index.php?rest_route=\/wp\/v2\/posts"}],"about":[{"href":"https:\/\/www.diarioimagen.net\/index.php?rest_route=\/wp\/v2\/types\/post"}],"author":[{"embeddable":true,"href":"https:\/\/www.diarioimagen.net\/index.php?rest_route=\/wp\/v2\/users\/3"}],"replies":[{"embeddable":true,"href":"https:\/\/www.diarioimagen.net\/index.php?rest_route=%2Fwp%2Fv2%2Fcomments&post=186966"}],"version-history":[{"count":0,"href":"https:\/\/www.diarioimagen.net\/index.php?rest_route=\/wp\/v2\/posts\/186966\/revisions"}],"wp:attachment":[{"href":"https:\/\/www.diarioimagen.net\/index.php?rest_route=%2Fwp%2Fv2%2Fmedia&parent=186966"}],"wp:term":[{"taxonomy":"category","embeddable":true,"href":"https:\/\/www.diarioimagen.net\/index.php?rest_route=%2Fwp%2Fv2%2Fcategories&post=186966"},{"taxonomy":"post_tag","embeddable":true,"href":"https:\/\/www.diarioimagen.net\/index.php?rest_route=%2Fwp%2Fv2%2Ftags&post=186966"}],"curies":[{"name":"wp","href":"https:\/\/api.w.org\/{rel}","templated":true}]}}