{"id":187358,"date":"2014-08-29T00:13:13","date_gmt":"2014-08-29T05:13:13","guid":{"rendered":"http:\/\/www.diarioimagen.net\/?p=187358"},"modified":"2014-08-29T03:46:24","modified_gmt":"2014-08-29T08:46:24","slug":"seguridad-la-prioridad-en-el-edomex","status":"publish","type":"post","link":"https:\/\/www.diarioimagen.net\/?p=187358","title":{"rendered":"Seguridad, la prioridad en el Edomex"},"content":{"rendered":"<h2>Arco Norte<\/h2>\n<h5>Jos\u00e9 Luis Monta\u00f1ez Aguilar<\/h5>\n<p>&nbsp;<\/p>\n<div id=\"attachment_187434\" style=\"width: 250px\" class=\"wp-caption alignleft\"><a href=\"http:\/\/www.diarioimagen.net\/wp-content\/uploads\/2014\/08\/aro-2432.jpg\"><img loading=\"lazy\" decoding=\"async\" aria-describedby=\"caption-attachment-187434\" class=\"size-medium wp-image-187434\" src=\"http:\/\/www.diarioimagen.net\/wp-content\/uploads\/2014\/08\/aro-2432-240x135.jpg\" alt=\"El gobernador Eruviel \u00c1vila Villegas exhort\u00f3 a todos los sectores de la sociedad a cerrar filas para que las reformas estructurales, impulsadas por el presidente Enrique Pe\u00f1a Nieto y aprobadas por el Congreso de la Uni\u00f3n, trasciendan y se pongan en acci\u00f3n.\" width=\"240\" height=\"135\" srcset=\"https:\/\/www.diarioimagen.net\/wp-content\/uploads\/2014\/08\/aro-2432-240x135.jpg 240w, https:\/\/www.diarioimagen.net\/wp-content\/uploads\/2014\/08\/aro-2432-420x236.jpg 420w, https:\/\/www.diarioimagen.net\/wp-content\/uploads\/2014\/08\/aro-2432-235x132.jpg 235w, https:\/\/www.diarioimagen.net\/wp-content\/uploads\/2014\/08\/aro-2432-202x114.jpg 202w, https:\/\/www.diarioimagen.net\/wp-content\/uploads\/2014\/08\/aro-2432-350x196.jpg 350w, https:\/\/www.diarioimagen.net\/wp-content\/uploads\/2014\/08\/aro-2432-220x123.jpg 220w, https:\/\/www.diarioimagen.net\/wp-content\/uploads\/2014\/08\/aro-2432-237x132.jpg 237w, https:\/\/www.diarioimagen.net\/wp-content\/uploads\/2014\/08\/aro-2432.jpg 480w\" sizes=\"auto, (max-width: 240px) 100vw, 240px\" \/><\/a><p id=\"caption-attachment-187434\" class=\"wp-caption-text\">El gobernador Eruviel \u00c1vila Villegas exhort\u00f3 a todos los sectores de la sociedad a cerrar filas para que las reformas estructurales, impulsadas por el presidente Enrique Pe\u00f1a Nieto y aprobadas por el Congreso de la Uni\u00f3n, trasciendan y se pongan en acci\u00f3n.<\/p><\/div>\n<p>El gobernador Eruviel \u00c1vila Villegas se\u00f1al\u00f3 que su administraci\u00f3n contin\u00faa trabajando de manera coordinada con el gobierno federal para garantizar y fortalecer la seguridad de los mexiquenses y combatir a la delincuencia, por lo que destac\u00f3 la llegada de la Gendarmer\u00eda al municipio de Valle de Bravo, regi\u00f3n donde se est\u00e1n reforzando las acciones en esta materia. \u201cQuiero agradecerle al se\u00f1or presidente de la Rep\u00fablica, Enrique Pe\u00f1a Nieto; al secretario de Gobernaci\u00f3n, Miguel \u00c1ngel Osorio Chong; a la Polic\u00eda Federal, porque est\u00e1n estrenando la Gendarmer\u00eda aqu\u00ed en el Estado de M\u00e9xico, especialmente en Valle de Bravo. \u201cAqu\u00ed un mensaje muy claro a los delincuentes: aqu\u00ed no vamos a permitir que hagan base, definitivamente no. Hoy por hoy estamos deteniendo a m\u00e1s personas relacionadas con la comisi\u00f3n de delitos. Hoy estamos incrementando el n\u00famero de sentenciados, de personas que cometieron alg\u00fan delito de alto impacto; es decir, aqu\u00ed en el Estado de M\u00e9xico estamos combatiendo la impunidad\u201d, afirm\u00f3. Durante la inauguraci\u00f3n\u00a0 del Primer Foro de Infraestructura Centro Pa\u00eds de la C\u00e1mara Mexicana de la Industria de la Construcci\u00f3n (CMIC), Eruviel \u00c1vila indic\u00f3 que entre algunas de las acciones que su administraci\u00f3n est\u00e1 llevando a cabo en el rubro de seguridad, es el reclutamiento de quienes formar\u00e1n la Fuerza Especial de Seguridad, cuerpo que contar\u00e1 con 2 mil elementos con nivel acad\u00e9mico de licenciatura,\u00a0 de los cuales 300 se encuentran ya en proceso de adiestramiento. Aunado a ello, el mandatario anunci\u00f3 que en pr\u00f3ximos d\u00edas se dar\u00e1 a conocer un programa de c\u00e1maras de videovigilancia para los municipios m\u00e1s poblados del Estado de M\u00e9xico,\u00a0e inform\u00f3 que en la entidad increment\u00f3 el n\u00famero de sentencias por delitos de alto impacto, en comparaci\u00f3n con el a\u00f1o pasado.<\/p>\n<p><em><a href=\"mailto:montanezaguilar@gmail.com\" target=\"_blank\">montanezaguilar@gmail.com<\/a><\/em><\/p>\n","protected":false},"excerpt":{"rendered":"<p><span style=\"color: #005497;\"><strong>Jos\u00e9 Luis Monta\u00f1ez Aguilar<\/strong><\/span><br \/>\n<br \/>\nEl gobernador Eruviel \u00c1vila Villegas se\u00f1al\u00f3 que su administraci\u00f3n contin\u00faa trabajando de manera coordinada con el gobierno federal para garantizar y fortalecer la seguridad de los mexiquenses y combatir a la delincuencia, por lo que destac\u00f3 la llegada de la Gendarmer\u00eda al municipio de Valle de Bravo, regi\u00f3n donde se est\u00e1n reforzando las acciones en esta materia.<\/p>\n","protected":false},"author":3,"featured_media":187434,"comment_status":"open","ping_status":"open","sticky":false,"template":"","format":"standard","meta":{"_monsterinsights_skip_tracking":false,"_monsterinsights_sitenote_active":false,"_monsterinsights_sitenote_note":"","_monsterinsights_sitenote_category":0,"footnotes":""},"categories":[5],"tags":[13284,18,5828,43704,43674],"class_list":["post-187358","post","type-post","status-publish","format-standard","has-post-thumbnail","hentry","category-estado-de-mexico","tag-arco-norte","tag-enrique-pena-nieto","tag-eruviel-avila-villegas","tag-jose-luis-montanez-aguilar","tag-opinion"],"_links":{"self":[{"href":"https:\/\/www.diarioimagen.net\/index.php?rest_route=\/wp\/v2\/posts\/187358","targetHints":{"allow":["GET"]}}],"collection":[{"href":"https:\/\/www.diarioimagen.net\/index.php?rest_route=\/wp\/v2\/posts"}],"about":[{"href":"https:\/\/www.diarioimagen.net\/index.php?rest_route=\/wp\/v2\/types\/post"}],"author":[{"embeddable":true,"href":"https:\/\/www.diarioimagen.net\/index.php?rest_route=\/wp\/v2\/users\/3"}],"replies":[{"embeddable":true,"href":"https:\/\/www.diarioimagen.net\/index.php?rest_route=%2Fwp%2Fv2%2Fcomments&post=187358"}],"version-history":[{"count":0,"href":"https:\/\/www.diarioimagen.net\/index.php?rest_route=\/wp\/v2\/posts\/187358\/revisions"}],"wp:featuredmedia":[{"embeddable":true,"href":"https:\/\/www.diarioimagen.net\/index.php?rest_route=\/wp\/v2\/media\/187434"}],"wp:attachment":[{"href":"https:\/\/www.diarioimagen.net\/index.php?rest_route=%2Fwp%2Fv2%2Fmedia&parent=187358"}],"wp:term":[{"taxonomy":"category","embeddable":true,"href":"https:\/\/www.diarioimagen.net\/index.php?rest_route=%2Fwp%2Fv2%2Fcategories&post=187358"},{"taxonomy":"post_tag","embeddable":true,"href":"https:\/\/www.diarioimagen.net\/index.php?rest_route=%2Fwp%2Fv2%2Ftags&post=187358"}],"curies":[{"name":"wp","href":"https:\/\/api.w.org\/{rel}","templated":true}]}}