{"id":187508,"date":"2014-09-01T00:02:23","date_gmt":"2014-09-01T05:02:23","guid":{"rendered":"http:\/\/www.diarioimagen.net\/?p=187508"},"modified":"2014-09-02T03:41:41","modified_gmt":"2014-09-02T08:41:41","slug":"segundo-informe-marca-nueva-etapa-en-las-reformas-beltrones","status":"publish","type":"post","link":"https:\/\/www.diarioimagen.net\/?p=187508","title":{"rendered":"Beltrones: 20 meses de reformas marcaron parteaguas en el pa\u00eds"},"content":{"rendered":"<ul>\n<li><em><strong>Viene an\u00e1lisis del paquete econ\u00f3mico del 2015 para echar a andar los cambios<\/strong><\/em><\/li>\n<\/ul>\n<div id=\"attachment_187509\" style=\"width: 250px\" class=\"wp-caption alignleft\"><img loading=\"lazy\" decoding=\"async\" aria-describedby=\"caption-attachment-187509\" class=\"wp-image-187509 size-medium\" src=\"http:\/\/www.diarioimagen.net\/wp-content\/uploads\/2014\/08\/INFORME-PORTAL-240x135.jpg\" alt=\"Manlio Fabio Beltrones.\" width=\"240\" height=\"135\" srcset=\"https:\/\/www.diarioimagen.net\/wp-content\/uploads\/2014\/08\/INFORME-PORTAL-240x135.jpg 240w, https:\/\/www.diarioimagen.net\/wp-content\/uploads\/2014\/08\/INFORME-PORTAL-420x236.jpg 420w, https:\/\/www.diarioimagen.net\/wp-content\/uploads\/2014\/08\/INFORME-PORTAL-235x132.jpg 235w, https:\/\/www.diarioimagen.net\/wp-content\/uploads\/2014\/08\/INFORME-PORTAL-202x114.jpg 202w, https:\/\/www.diarioimagen.net\/wp-content\/uploads\/2014\/08\/INFORME-PORTAL-350x196.jpg 350w, https:\/\/www.diarioimagen.net\/wp-content\/uploads\/2014\/08\/INFORME-PORTAL-220x123.jpg 220w, https:\/\/www.diarioimagen.net\/wp-content\/uploads\/2014\/08\/INFORME-PORTAL-237x132.jpg 237w, https:\/\/www.diarioimagen.net\/wp-content\/uploads\/2014\/08\/INFORME-PORTAL.jpg 480w\" sizes=\"auto, (max-width: 240px) 100vw, 240px\" \/><p id=\"caption-attachment-187509\" class=\"wp-caption-text\">El coordinador de los diputados pri\u00edstas en San L\u00e1zaro, Manlio Fabio Beltrones Rivera, habl\u00f3 sobre el Segundo Informe de Gobierno del presidente Pe\u00f1a Nieto.<\/p><\/div>\n<p>El Ejecutivo federal har\u00e1 del Segundo Informe de Gobierno una ponderaci\u00f3n objetiva de los logros y retos del pa\u00eds, a partir de su propuesta transformadora y de su decisi\u00f3n de abrir a los mexicanos un mejor horizonte de progreso y bienestar, afirm\u00f3 el coordinador de los diputados del Partido Revolucionario Institucional (PRI), Manlio Fabio Beltrones Rivera,<\/p>\n<p>Mencion\u00f3 en un comunicado que en 20 meses se han aprobado reformas que marcan un parteaguas en la vida del pa\u00eds y se abre una nueva era en el desarrollo nacional.<\/p>\n<p>Beltrones Rivera asegur\u00f3 que hay grandes oportunidades y retos para M\u00e9xico y que es necesario fortalecer la transparencia y aplicaci\u00f3n eficiente del gasto, por lo que la C\u00e1mara de Diputados ser\u00e1 ejemplo de control y racionalidad del gasto.<\/p>\n<p>En espera del Segundo Informe de Gobierno del presidente Enrique Pe\u00f1a Nieto, los pri\u00edstas esperan una nueva etapa en su administraci\u00f3n, en la que se instrumentar\u00e1n las reformas que abrir\u00e1n una nueva era en el desarrollo nacional.<\/p>\n<p>\u201cEstamos listos para comenzar las tareas inmediatas del a\u00f1o legislativo que se inicia el 1 de septiembre, al recibir el informe del Presidente y despu\u00e9s realizar la glosa del mismo, adem\u00e1s de prepararnos para abordar el an\u00e1lisis de la propuesta del paquete econ\u00f3mico para 2015, que recibiremos a m\u00e1s tardar el 8 de septiembre\u201d, dijo Beltrones.<\/p>\n<p>Record\u00f3 que el paquete est\u00e1 integrado por los Criterios Generales de Pol\u00edtica Econ\u00f3mica, la Ley de Ingresos y el Presupuesto de Egresos de la Federaci\u00f3n para el a\u00f1o entrante, los cuales ser\u00e1n clave para la puesta en pr\u00e1ctica de las reformas constitucionales aprobadas en la presente legislatura.<\/p>\n","protected":false},"excerpt":{"rendered":"<p>El Ejecutivo federal har\u00e1 del Segundo Informe de Gobierno una ponderaci\u00f3n objetiva de los logros y retos del pa\u00eds, a partir de su propuesta transformadora y de su decisi\u00f3n de abrir a los mexicanos un mejor horizonte de progreso y bienestar, afirm\u00f3 el coordinador de los diputados del Partido Revolucionario Institucional (PRI), Manlio Fabio Beltrones Rivera,<\/p>\n","protected":false},"author":5,"featured_media":187509,"comment_status":"open","ping_status":"open","sticky":false,"template":"","format":"standard","meta":{"_monsterinsights_skip_tracking":false,"_monsterinsights_sitenote_active":false,"_monsterinsights_sitenote_note":"","_monsterinsights_sitenote_category":0,"footnotes":""},"categories":[3],"tags":[18],"class_list":["post-187508","post","type-post","status-publish","format-standard","has-post-thumbnail","hentry","category-nacional","tag-enrique-pena-nieto"],"_links":{"self":[{"href":"https:\/\/www.diarioimagen.net\/index.php?rest_route=\/wp\/v2\/posts\/187508","targetHints":{"allow":["GET"]}}],"collection":[{"href":"https:\/\/www.diarioimagen.net\/index.php?rest_route=\/wp\/v2\/posts"}],"about":[{"href":"https:\/\/www.diarioimagen.net\/index.php?rest_route=\/wp\/v2\/types\/post"}],"author":[{"embeddable":true,"href":"https:\/\/www.diarioimagen.net\/index.php?rest_route=\/wp\/v2\/users\/5"}],"replies":[{"embeddable":true,"href":"https:\/\/www.diarioimagen.net\/index.php?rest_route=%2Fwp%2Fv2%2Fcomments&post=187508"}],"version-history":[{"count":0,"href":"https:\/\/www.diarioimagen.net\/index.php?rest_route=\/wp\/v2\/posts\/187508\/revisions"}],"wp:featuredmedia":[{"embeddable":true,"href":"https:\/\/www.diarioimagen.net\/index.php?rest_route=\/wp\/v2\/media\/187509"}],"wp:attachment":[{"href":"https:\/\/www.diarioimagen.net\/index.php?rest_route=%2Fwp%2Fv2%2Fmedia&parent=187508"}],"wp:term":[{"taxonomy":"category","embeddable":true,"href":"https:\/\/www.diarioimagen.net\/index.php?rest_route=%2Fwp%2Fv2%2Fcategories&post=187508"},{"taxonomy":"post_tag","embeddable":true,"href":"https:\/\/www.diarioimagen.net\/index.php?rest_route=%2Fwp%2Fv2%2Ftags&post=187508"}],"curies":[{"name":"wp","href":"https:\/\/api.w.org\/{rel}","templated":true}]}}