{"id":187530,"date":"2014-09-01T00:06:34","date_gmt":"2014-09-01T05:06:34","guid":{"rendered":"http:\/\/www.diarioimagen.net\/?p=187530"},"modified":"2014-09-02T03:43:18","modified_gmt":"2014-09-02T08:43:18","slug":"gem-protege-cultivos-contra-fenomenos-meteorologicos","status":"publish","type":"post","link":"https:\/\/www.diarioimagen.net\/?p=187530","title":{"rendered":"GEM protege cultivos contra fen\u00f3menos meteorol\u00f3gicos"},"content":{"rendered":"<ul>\n<li><strong><em>Eduardo Gasca Pliego, titular de la Sedagro, precisa que durante este a\u00f1o se aseguraron alrededor de 500 mil hect\u00e1reas de ma\u00edz<\/em><\/strong><\/li>\n<\/ul>\n<div id=\"attachment_187615\" style=\"width: 250px\" class=\"wp-caption alignleft\"><a href=\"http:\/\/www.diarioimagen.net\/wp-content\/uploads\/2014\/09\/edomex-2433.jpg\"><img loading=\"lazy\" decoding=\"async\" aria-describedby=\"caption-attachment-187615\" class=\"size-medium wp-image-187615\" src=\"http:\/\/www.diarioimagen.net\/wp-content\/uploads\/2014\/09\/edomex-2433-240x135.jpg\" alt=\"Eduardo Gasca Pliego, secretario de Desarrollo Agropecuario, al inaugurar la Segunda Expo Feria Hort\u00edcola 2014, anunci\u00f3 que el gobierno estatal aportar\u00e1 un mill\u00f3n de pesos como capital semilla para establecer un fondo de aseguramiento de los cultivos hort\u00edcolas contra fen\u00f3menos climatol\u00f3gicos.\" width=\"240\" height=\"135\" srcset=\"https:\/\/www.diarioimagen.net\/wp-content\/uploads\/2014\/09\/edomex-2433-240x135.jpg 240w, https:\/\/www.diarioimagen.net\/wp-content\/uploads\/2014\/09\/edomex-2433-420x236.jpg 420w, https:\/\/www.diarioimagen.net\/wp-content\/uploads\/2014\/09\/edomex-2433-235x132.jpg 235w, https:\/\/www.diarioimagen.net\/wp-content\/uploads\/2014\/09\/edomex-2433-202x114.jpg 202w, https:\/\/www.diarioimagen.net\/wp-content\/uploads\/2014\/09\/edomex-2433-350x196.jpg 350w, https:\/\/www.diarioimagen.net\/wp-content\/uploads\/2014\/09\/edomex-2433-220x123.jpg 220w, https:\/\/www.diarioimagen.net\/wp-content\/uploads\/2014\/09\/edomex-2433-237x132.jpg 237w, https:\/\/www.diarioimagen.net\/wp-content\/uploads\/2014\/09\/edomex-2433.jpg 480w\" sizes=\"auto, (max-width: 240px) 100vw, 240px\" \/><\/a><p id=\"caption-attachment-187615\" class=\"wp-caption-text\">Eduardo Gasca Pliego, secretario de Desarrollo Agropecuario, al inaugurar la Segunda Expo Feria Hort\u00edcola 2014, anunci\u00f3 que el gobierno estatal aportar\u00e1 un mill\u00f3n de pesos como capital semilla para establecer un fondo de aseguramiento de los cultivos hort\u00edcolas contra fen\u00f3menos climatol\u00f3gicos.<\/p><\/div>\n<p><strong>Tenango del Valle, Estado de M\u00e9xico<\/strong>.- El gobierno del Estado de M\u00e9xico aportar\u00e1 un mill\u00f3n de pesos como capital semilla para establecer un fondo de aseguramiento de los cultivos hort\u00edcolas contra fen\u00f3menos climatol\u00f3gicos, inform\u00f3 Eduardo Gasca Pliego, secretario de Desarrollo Agropecuario, al inaugurar la Segunda Expo Feria Hort\u00edcola 2014.<\/p>\n<p>Precis\u00f3 que este a\u00f1o se aseguraron m\u00e1s de 500 mil hect\u00e1reas de ma\u00edz, 5 mil de trigo y 17 mil de cebada, por lo que ante lo impredecible del temporal, es importante asegurar los cultivos hort\u00edcolas, y para ello los tres niveles de gobierno trabajar\u00e1n estrechamente para apoyar a los horticultores.<\/p>\n<p>Cabe destacar, que en la comunidad Santa Mar\u00eda Jajalpa, de este municipio, en una superficie de 498 hect\u00e1reas se cultivan alrededor de 16 hortalizas, como lechuga, espinaca, coliflor, br\u00f3coli, acelga, haba, ch\u00edcharo, apio, cilantro, entre otras, y la Uni\u00f3n de Productores y Comerciantes de la comunidad est\u00e1 integrada por 320 horticultores, quienes comercializan su producci\u00f3n en las Centrales de Abasto del Distrito Federal, Toluca, y tianguis de la regi\u00f3n.<\/p>\n<p>Posteriormente, acompa\u00f1ado de V\u00edctor Manuel Aguilar Talavera, presidente municipal de Tenango del Valle, el titular de la Sedagro, entreg\u00f3 un tractor, una cultivadora rotativa, un arado de tres puntas, bombas aspersoras motorizadas y manuales, paquetes de herramientas agr\u00edcolas, molinos de martillos, 20 certificados de obras hidroagr\u00edcolas terminadas y 200 paquetes de pollas de postura, con una inversi\u00f3n superior a 3.4 millones de pesos.<\/p>\n","protected":false},"excerpt":{"rendered":"<p>El gobierno del Estado de M\u00e9xico aportar\u00e1 un mill\u00f3n de pesos como capital semilla para establecer un fondo de aseguramiento de los cultivos hort\u00edcolas contra fen\u00f3menos climatol\u00f3gicos, inform\u00f3 Eduardo Gasca Pliego, secretario de Desarrollo Agropecuario, al inaugurar la Segunda Expo Feria Hort\u00edcola 2014.<\/p>\n","protected":false},"author":3,"featured_media":187615,"comment_status":"open","ping_status":"open","sticky":false,"template":"","format":"standard","meta":{"_monsterinsights_skip_tracking":false,"_monsterinsights_sitenote_active":false,"_monsterinsights_sitenote_note":"","_monsterinsights_sitenote_category":0,"footnotes":""},"categories":[5],"tags":[5828,43675,1720,8232],"class_list":["post-187530","post","type-post","status-publish","format-standard","has-post-thumbnail","hentry","category-estado-de-mexico","tag-eruviel-avila-villegas","tag-estado-de-mexico","tag-gem","tag-tenango-del-valle"],"_links":{"self":[{"href":"https:\/\/www.diarioimagen.net\/index.php?rest_route=\/wp\/v2\/posts\/187530","targetHints":{"allow":["GET"]}}],"collection":[{"href":"https:\/\/www.diarioimagen.net\/index.php?rest_route=\/wp\/v2\/posts"}],"about":[{"href":"https:\/\/www.diarioimagen.net\/index.php?rest_route=\/wp\/v2\/types\/post"}],"author":[{"embeddable":true,"href":"https:\/\/www.diarioimagen.net\/index.php?rest_route=\/wp\/v2\/users\/3"}],"replies":[{"embeddable":true,"href":"https:\/\/www.diarioimagen.net\/index.php?rest_route=%2Fwp%2Fv2%2Fcomments&post=187530"}],"version-history":[{"count":0,"href":"https:\/\/www.diarioimagen.net\/index.php?rest_route=\/wp\/v2\/posts\/187530\/revisions"}],"wp:featuredmedia":[{"embeddable":true,"href":"https:\/\/www.diarioimagen.net\/index.php?rest_route=\/wp\/v2\/media\/187615"}],"wp:attachment":[{"href":"https:\/\/www.diarioimagen.net\/index.php?rest_route=%2Fwp%2Fv2%2Fmedia&parent=187530"}],"wp:term":[{"taxonomy":"category","embeddable":true,"href":"https:\/\/www.diarioimagen.net\/index.php?rest_route=%2Fwp%2Fv2%2Fcategories&post=187530"},{"taxonomy":"post_tag","embeddable":true,"href":"https:\/\/www.diarioimagen.net\/index.php?rest_route=%2Fwp%2Fv2%2Ftags&post=187530"}],"curies":[{"name":"wp","href":"https:\/\/api.w.org\/{rel}","templated":true}]}}