{"id":187548,"date":"2014-09-01T00:05:19","date_gmt":"2014-09-01T05:05:19","guid":{"rendered":"http:\/\/www.diarioimagen.net\/?p=187548"},"modified":"2014-09-01T04:26:18","modified_gmt":"2014-09-01T09:26:18","slug":"cambio-de-formas","status":"publish","type":"post","link":"https:\/\/www.diarioimagen.net\/?p=187548","title":{"rendered":"Cambio de formas"},"content":{"rendered":"<h2>De frente y de perfil<\/h2>\n<h5>Ram\u00f3n Zurita Sahag\u00fan<\/h5>\n<p>&nbsp;<\/p>\n<p>Carlos Salinas de Gortari recibi\u00f3 una y otra vez el rechazo de la diputaci\u00f3n de izquierda en el Congreso de la Uni\u00f3n, mediante leyendas escritas en carteles y mostr\u00e1ndole la espalda, mientras recetaba el resumen de su a\u00f1o de gobierno.<\/p>\n<p>Hoy, la izquierda, representada por el PRD, presidir\u00e1 las dos c\u00e1maras en el inicio de sus actividades anuales, en que el Presidente de la Rep\u00fablica env\u00eda su informe de gobierno.<\/p>\n<p>Los tiempos han cambiado, el avance democr\u00e1tico es una realidad, sin que hubiese necesidad de que un partido sea mayor\u00eda en el Congreso para que pudiese presidir la mesa directiva.<\/p>\n<p>Silvano Aureoles y Miguel Barbosa presidir\u00e1n los respectivos trabajos de diputados y senadores en el a\u00f1o legislativo que inicia hoy.<\/p>\n<p>Lo relevante de esto es que desde las instancias del poder se perdi\u00f3 el miedo a que la entrega de las presidencias a la izquierda produjera condiciones adversas para el trabajo a desahogar.<\/p>\n<p>Aquellos tiempos como los relatados al inicio de la columna en que el enfrentamiento entre la izquierda y los hombres del poder gubernamental quedaron en el pasado, para proyectar una relaci\u00f3n civilizada entre gobierno y oposici\u00f3n.<\/p>\n<p>M\u00e1s de 20 a\u00f1os transcurrieron desde la irrupci\u00f3n del PRD como partido s\u00f3lido de izquierda, dispuesto a competir en igualdad de condiciones por el poder p\u00fablico, sin tener que atenerse solamente al reparto de diputaciones de partido o plurinominales.<\/p>\n<p>El acercamiento mantenido con las otras fuerzas pol\u00edticas y con el gobierno federal que encabeza el presidente Enrique Pe\u00f1a Nieto, mediante el Pacto por M\u00e9xico, mostr\u00f3 otra faceta del partido de izquierda que durante muchos a\u00f1os mantuvo la imagen de partido de confrontaci\u00f3n.<\/p>\n<p>Algunos ven ese acercamiento como la muestra de la docilidad del partido que es encabezado por el grupo de \u201cLos Chuchos\u201d, por lo que se les recompensa con la entrega de presidir ambas mesas directivas.<\/p>\n<p>Sin embargo, gran parte de esta decisi\u00f3n parte del acuerdo entre las fracciones legislativas que coordinan respectivamente el senador Miguel Barbosa y el diputado Silvano Aureoles y no de alguna negociaci\u00f3n por parte del presidente del partido Jes\u00fas Zambrano.<\/p>\n<p>Ambos legisladores forman parte del nuevo rostro que pretende presentar la izquierda, lejano de aquel bronco, agresivo, tomador de tribuna y que hasta irrump\u00eda en el Congreso por la fuerza.<\/p>\n<p>Existen varios antecedentes del manejo de legisladores perredistas en los trabajos camerales y destaca la pulcra conducci\u00f3n de la mesa directiva por parte de Porfirio Mu\u00f1oz Ledo, siendo el primer diputado de oposici\u00f3n que respond\u00eda un informe de gobierno.<\/p>\n<p>Por varias d\u00e9cadas los pri\u00edstas que hac\u00edan mayor\u00eda absoluta en la C\u00e1mara de Diputados presidieron los trabajos de los legisladores y ser elegido presidente de la C\u00e1mara de Diputados para responder un informe de gobierno era la advertencia de un futuro promisorio.<\/p>\n<p>Los diputados que lo hac\u00edan sab\u00edan que ser\u00edan candidatos a gobernadores en sus respectivos estados y que hasta pod\u00edan formar parte del gabinete presidencial, si es que formaban parte del grupo de apoyo del que ser\u00eda candidato del PRI.<\/p>\n<p>Ah\u00ed radicaba la importancia de presidir la C\u00e1mara de Diputados durante un Informe de Gobierno y en su papel de presidente de debates responder al mismo.<\/p>\n<p>Las formas se han modificado y hoy ser presidente no redunda en una candidatura a gobernador, aunque en esta ocasi\u00f3n, para Silvano Aureoles s\u00ed lo representa.<\/p>\n<p>Silvano aspira a la candidatura de su partido (PRD) al gobierno de Michoac\u00e1n y requer\u00eda de una plataforma de lanzamiento como la que tendr\u00e1 a partir del primero de septiembre y en la que tendr\u00e1 los reflectores encima durante, cuando menos, tres meses, antes de solicitar licencia.<\/p>\n<p>Claro que a diferencia de los pri\u00edstas del pasado, Aureoles no va en caballo de hacienda hacia la gubernatura de su estado natal, ya que tendr\u00e1 que competir en unos comicios que se consideran cerrados con los candidatos que postule el PRI (partido en el gobierno) y el PAN, que aspira a gobernar por vez primera esa entidad.<\/p>\n<p>Curiosamente, su antecesor en el cargo, el panista Jos\u00e9 Gonz\u00e1lez Morf\u00edn, es tambi\u00e9n michoacano, aunque no se le considera como prospecto para competir por el gobierno de su entidad natal, ya que antes de \u00e9l existen otros nombres de compa\u00f1eros de partido mejor posicionados.<\/p>\n<p>Salvador Vega Casillas, Luisa Mar\u00eda Calder\u00f3n y Marko Cort\u00e9s, son catalogados como mejores prospectos que Gonz\u00e1lez Morf\u00edn para competir como candidatos panistas al gobierno de Michoac\u00e1n.<\/p>\n<p>Pero quien presidi\u00f3 los trabajos de la C\u00e1mara de Diputados en la presentaci\u00f3n del Primer Informe de Gobierno del Presidente Enrique Pe\u00f1a Nieto fue Ricardo Anaya, quien s\u00ed se encuentra en franca competencia por la candidatura panista al gobierno de Quer\u00e9taro.<\/p>\n<p>Anaya est\u00e1 situado en la actualidad como secretario general del Comit\u00e9 Ejecutivo Nacional del Partido Acci\u00f3n Nacional, es decir el segundo en el mando del organismo pol\u00edtico, despu\u00e9s del presidente Gustavo E. Madero Mu\u00f1oz.<\/p>\n<p>Sin embargo, fue el pri\u00edsta Francisco Arroyo el primer presidente de la LXII legislatura de la C\u00e1mara de Diputados y si acaso quiere competir por el gobierno de su estado (Guanajuato) tendr\u00e1 que aguantar otros tres a\u00f1os.<\/p>\n<p style=\"text-align: center;\"><strong>QUER\u00c9TARO<\/strong><\/p>\n<p>Quer\u00e9taro, municipio gobernado por el pri\u00edsta Roberto Loyola Vera (rescatado despu\u00e9s de varias administraciones panistas), se encuentra ubicado como uno de los cinco primeros a nivel nacional en lo referente a mejora regulatoria, gobernabilidad y buen gobierno.<\/p>\n<p>De acuerdo a una encuesta del Centro de Estudios Econ\u00f3micos del Sector Privado, ha dado buen resultado la decisi\u00f3n del presidente municipal de aliarse con la sociedad, lo que redunda en buenos resultados.<\/p>\n<p><em><a href=\"mailto:ramonzurita44@hotmail.com\" target=\"_blank\">ramonzurita44@hotmail.com<\/a><\/em><br \/>\n<a href=\"mailto:%20zurita_sahagun@hotmail.com\" target=\"_blank\"><em>zurita_sahagun@hotmail.com<\/em><\/a><\/p>\n","protected":false},"excerpt":{"rendered":"<p><span style=\"color: #005497;\"><strong>Ram\u00f3n Zurita Sahag\u00fan<\/strong><\/span><\/p>\n","protected":false},"author":3,"featured_media":0,"comment_status":"open","ping_status":"open","sticky":false,"template":"","format":"standard","meta":{"_monsterinsights_skip_tracking":false,"_monsterinsights_sitenote_active":false,"_monsterinsights_sitenote_note":"","_monsterinsights_sitenote_category":0,"footnotes":""},"categories":[234],"tags":[304,43674,211,43687],"class_list":["post-187548","post","type-post","status-publish","format-standard","hentry","category-ramon-zurita-sahagun","tag-de-frente-y-de-perfil","tag-opinion","tag-prd","tag-ramon-zurita-sahagun"],"_links":{"self":[{"href":"https:\/\/www.diarioimagen.net\/index.php?rest_route=\/wp\/v2\/posts\/187548","targetHints":{"allow":["GET"]}}],"collection":[{"href":"https:\/\/www.diarioimagen.net\/index.php?rest_route=\/wp\/v2\/posts"}],"about":[{"href":"https:\/\/www.diarioimagen.net\/index.php?rest_route=\/wp\/v2\/types\/post"}],"author":[{"embeddable":true,"href":"https:\/\/www.diarioimagen.net\/index.php?rest_route=\/wp\/v2\/users\/3"}],"replies":[{"embeddable":true,"href":"https:\/\/www.diarioimagen.net\/index.php?rest_route=%2Fwp%2Fv2%2Fcomments&post=187548"}],"version-history":[{"count":0,"href":"https:\/\/www.diarioimagen.net\/index.php?rest_route=\/wp\/v2\/posts\/187548\/revisions"}],"wp:attachment":[{"href":"https:\/\/www.diarioimagen.net\/index.php?rest_route=%2Fwp%2Fv2%2Fmedia&parent=187548"}],"wp:term":[{"taxonomy":"category","embeddable":true,"href":"https:\/\/www.diarioimagen.net\/index.php?rest_route=%2Fwp%2Fv2%2Fcategories&post=187548"},{"taxonomy":"post_tag","embeddable":true,"href":"https:\/\/www.diarioimagen.net\/index.php?rest_route=%2Fwp%2Fv2%2Ftags&post=187548"}],"curies":[{"name":"wp","href":"https:\/\/api.w.org\/{rel}","templated":true}]}}