{"id":187603,"date":"2014-09-01T00:06:45","date_gmt":"2014-09-01T05:06:45","guid":{"rendered":"http:\/\/www.diarioimagen.net\/?p=187603"},"modified":"2014-09-01T04:46:15","modified_gmt":"2014-09-01T09:46:15","slug":"convocan-al-concurso-senorita-huixquilucan","status":"publish","type":"post","link":"https:\/\/www.diarioimagen.net\/?p=187603","title":{"rendered":"Convocan al concurso Se\u00f1orita Huixquilucan"},"content":{"rendered":"<ul>\n<li><strong><em>Jovencitas de 18 a 25 a\u00f1os<\/em><\/strong><\/li>\n<\/ul>\n<div id=\"attachment_187639\" style=\"width: 250px\" class=\"wp-caption alignleft\"><a href=\"http:\/\/www.diarioimagen.net\/wp-content\/uploads\/2014\/09\/HUIXQUILUCAN-2433.jpg\"><img loading=\"lazy\" decoding=\"async\" aria-describedby=\"caption-attachment-187639\" class=\"size-medium wp-image-187639\" src=\"http:\/\/www.diarioimagen.net\/wp-content\/uploads\/2014\/09\/HUIXQUILUCAN-2433-240x135.jpg\" alt=\"El ayuntamiento de Huixquilucan lanz\u00f3 la convocatoria para elegir a quien encabezar\u00e1 las fiestas patrias.\" width=\"240\" height=\"135\" srcset=\"https:\/\/www.diarioimagen.net\/wp-content\/uploads\/2014\/09\/HUIXQUILUCAN-2433-240x135.jpg 240w, https:\/\/www.diarioimagen.net\/wp-content\/uploads\/2014\/09\/HUIXQUILUCAN-2433-420x236.jpg 420w, https:\/\/www.diarioimagen.net\/wp-content\/uploads\/2014\/09\/HUIXQUILUCAN-2433-235x132.jpg 235w, https:\/\/www.diarioimagen.net\/wp-content\/uploads\/2014\/09\/HUIXQUILUCAN-2433-202x114.jpg 202w, https:\/\/www.diarioimagen.net\/wp-content\/uploads\/2014\/09\/HUIXQUILUCAN-2433-350x196.jpg 350w, https:\/\/www.diarioimagen.net\/wp-content\/uploads\/2014\/09\/HUIXQUILUCAN-2433-220x123.jpg 220w, https:\/\/www.diarioimagen.net\/wp-content\/uploads\/2014\/09\/HUIXQUILUCAN-2433-237x132.jpg 237w, https:\/\/www.diarioimagen.net\/wp-content\/uploads\/2014\/09\/HUIXQUILUCAN-2433.jpg 480w\" sizes=\"auto, (max-width: 240px) 100vw, 240px\" \/><\/a><p id=\"caption-attachment-187639\" class=\"wp-caption-text\">El ayuntamiento de Huixquilucan lanz\u00f3 la convocatoria para elegir a quien encabezar\u00e1 las fiestas patrias.<\/p><\/div>\n<p><strong>Huixquilucan, Estado de M\u00e9xico<\/strong>.- Con la finalidad de fortalecer los valores de identidad y patriotismo, el municipio encabezado por Jos\u00e9 Reynol Neyra Gonz\u00e1lez convoc\u00f3 a trav\u00e9s de la Coordinaci\u00f3n de Cultura municipal a las jovencitas de entre 18 y 25 a\u00f1os cumplidos, a participar en el concurso Se\u00f1orita Huixquilucan 2014.<\/p>\n<p>El certamen Se\u00f1orita Huixquilucan se ha convertido a lo largo de m\u00e1s de 20 a\u00f1os en una tradici\u00f3n entre la poblaci\u00f3n, y en cada edici\u00f3n el reto es mayor para las participantes, toda vez que se exige mejor preparaci\u00f3n acad\u00e9mica y desenvolvimiento social, con el prop\u00f3sito de elegir a la digna representante de esta ciudad.<\/p>\n<p>La convocatoria\u00a0 invita a las mujeres a cumplir con los requisitos indicados, como tener m\u00ednimo un a\u00f1o de residencia en el municipio, ser solteras, medir m\u00ednimo 1.55 metros de altura y contar con estudios de bachillerato o estar cursando una carrera profesional, entre otros.<\/p>\n<p>Este magno evento se llevar\u00e1 a cabo el pr\u00f3ximo viernes 12 de septiembre a las 18:00 horas en el Auditorio Municipal, ubicado en el Jard\u00edn de la Cultura, carretera Huixquilucan-San Ram\u00f3n sin n\u00famero,\u00a0Huixquilucan, Estado de M\u00e9xico, donde las ganadoras de los tres primeros lugares participar\u00e1n en las festividades programadas con motivo de las fiestas patrias, eventos del gobierno municipal y acciones de responsabilidad social.<\/p>\n","protected":false},"excerpt":{"rendered":"<p>Con la finalidad de fortalecer los valores de identidad y patriotismo, el municipio encabezado por Jos\u00e9 Reynol Neyra Gonz\u00e1lez convoc\u00f3 a trav\u00e9s de la Coordinaci\u00f3n de Cultura municipal a las jovencitas de entre 18 y 25 a\u00f1os cumplidos, a participar en el concurso Se\u00f1orita Huixquilucan 2014.<\/p>\n","protected":false},"author":3,"featured_media":187639,"comment_status":"open","ping_status":"open","sticky":false,"template":"","format":"standard","meta":{"_monsterinsights_skip_tracking":false,"_monsterinsights_sitenote_active":false,"_monsterinsights_sitenote_note":"","_monsterinsights_sitenote_category":0,"footnotes":""},"categories":[35155],"tags":[35276,43675,1097],"class_list":["post-187603","post","type-post","status-publish","format-standard","has-post-thumbnail","hentry","category-estado-de-mexico-estado-de-mexico","tag-concurso","tag-estado-de-mexico","tag-huixquilucan"],"_links":{"self":[{"href":"https:\/\/www.diarioimagen.net\/index.php?rest_route=\/wp\/v2\/posts\/187603","targetHints":{"allow":["GET"]}}],"collection":[{"href":"https:\/\/www.diarioimagen.net\/index.php?rest_route=\/wp\/v2\/posts"}],"about":[{"href":"https:\/\/www.diarioimagen.net\/index.php?rest_route=\/wp\/v2\/types\/post"}],"author":[{"embeddable":true,"href":"https:\/\/www.diarioimagen.net\/index.php?rest_route=\/wp\/v2\/users\/3"}],"replies":[{"embeddable":true,"href":"https:\/\/www.diarioimagen.net\/index.php?rest_route=%2Fwp%2Fv2%2Fcomments&post=187603"}],"version-history":[{"count":0,"href":"https:\/\/www.diarioimagen.net\/index.php?rest_route=\/wp\/v2\/posts\/187603\/revisions"}],"wp:featuredmedia":[{"embeddable":true,"href":"https:\/\/www.diarioimagen.net\/index.php?rest_route=\/wp\/v2\/media\/187639"}],"wp:attachment":[{"href":"https:\/\/www.diarioimagen.net\/index.php?rest_route=%2Fwp%2Fv2%2Fmedia&parent=187603"}],"wp:term":[{"taxonomy":"category","embeddable":true,"href":"https:\/\/www.diarioimagen.net\/index.php?rest_route=%2Fwp%2Fv2%2Fcategories&post=187603"},{"taxonomy":"post_tag","embeddable":true,"href":"https:\/\/www.diarioimagen.net\/index.php?rest_route=%2Fwp%2Fv2%2Ftags&post=187603"}],"curies":[{"name":"wp","href":"https:\/\/api.w.org\/{rel}","templated":true}]}}