{"id":187686,"date":"2014-09-02T00:06:20","date_gmt":"2014-09-02T05:06:20","guid":{"rendered":"http:\/\/www.diarioimagen.net\/?p=187686"},"modified":"2014-09-03T02:49:19","modified_gmt":"2014-09-03T07:49:19","slug":"eruviel-avila-presenta-programa-de-videovigilancia-urbana","status":"publish","type":"post","link":"https:\/\/www.diarioimagen.net\/?p=187686","title":{"rendered":"Eruviel \u00c1vila presenta programa de videovigilancia urbana"},"content":{"rendered":"<ul>\n<li><strong><em>Estar\u00e1n enlazadas a centros regionales de mando para prevenir delitos y responder de manera inmediata a los llamados de auxilio<\/em><\/strong><\/li>\n<\/ul>\n<div id=\"attachment_187764\" style=\"width: 250px\" class=\"wp-caption alignleft\"><a href=\"http:\/\/www.diarioimagen.net\/wp-content\/uploads\/2014\/09\/eruviel-2434.jpg\"><img loading=\"lazy\" decoding=\"async\" aria-describedby=\"caption-attachment-187764\" class=\"size-medium wp-image-187764\" src=\"http:\/\/www.diarioimagen.net\/wp-content\/uploads\/2014\/09\/eruviel-2434-240x147.jpg\" alt=\"El gobernador Eruviel \u00c1vila Villegas present\u00f3 el Programa de Videovigilancia Urbana, que se pondr\u00e1 en marcha en 44 municipios, 30 del Valle de M\u00e9xico y 14 del Valle de Toluca, con inversi\u00f3n de m\u00e1s de $6 mil millones.\" width=\"240\" height=\"147\" srcset=\"https:\/\/www.diarioimagen.net\/wp-content\/uploads\/2014\/09\/eruviel-2434-240x147.jpg 240w, https:\/\/www.diarioimagen.net\/wp-content\/uploads\/2014\/09\/eruviel-2434-420x258.jpg 420w, https:\/\/www.diarioimagen.net\/wp-content\/uploads\/2014\/09\/eruviel-2434.jpg 700w\" sizes=\"auto, (max-width: 240px) 100vw, 240px\" \/><\/a><p id=\"caption-attachment-187764\" class=\"wp-caption-text\">El gobernador Eruviel \u00c1vila Villegas present\u00f3 el Programa de Videovigilancia Urbana, que se pondr\u00e1 en marcha en 44 municipios, 30 del Valle de M\u00e9xico y 14 del Valle de Toluca, con inversi\u00f3n de m\u00e1s de $6 mil millones.<\/p><\/div>\n<p><strong>Toluca, Estado de M\u00e9xico<\/strong>.- El gobernador Eruviel \u00c1vila Villegas present\u00f3 el Programa de Videovigilancia Urbana, que contempla la instalaci\u00f3n de 10 mil c\u00e1maras, arcos para el reconocimiento de veh\u00edculos y placas, y la instalaci\u00f3n de centros de mando C5, con el objetivo de inhibir la comisi\u00f3n de delitos, dar respuesta oportuna a llamadas de auxilio, ampliar las capacidades de investigaci\u00f3n policial y con ello fortalecer la infraestructura policiaca para combatir el crimen.<\/p>\n<p>El Programa de Videovigilancia se instalar\u00e1 en 44 municipios de la entidad: 30 del Valle de M\u00e9xico y 14 del Valle de Toluca, que registran mayor poblaci\u00f3n y demanda de servicio; tiene una inversi\u00f3n superior a los 6 mil millones de pesos y corresponde al compromiso 135 del presidente de la Rep\u00fablica, Enrique Pe\u00f1a Nieto.<\/p>\n<p>\u201cEstamos dando resultados, qu\u00e9 falta por hacer, totalmente de acuerdo, nada est\u00e1 acabado, nada est\u00e1 terminado en temas de seguridad y justicia, pero aqu\u00ed en el Estado de M\u00e9xico, con el apoyo del presidente Enrique Pe\u00f1a Nieto, le seguiremos apostando a la prevenci\u00f3n, a fortalecer el tejido social, a los programas de educaci\u00f3n, a las becas, al fomento al empleo en nuestros j\u00f3venes, a impulsar el rescate de espacios p\u00fablicos, como lo venimos haciendo los presidentes municipales, con el apoyo del gobierno federal y tambi\u00e9n, desde luego, el Gobierno del Estado de M\u00e9xico, apoyando la cultura, fomentando el deporte, esas son la mejores armas para combatir la inseguridad en el pa\u00eds y en nuestro querido Estado de M\u00e9xico\u201d se\u00f1al\u00f3 el gobernador.<\/p>\n<p>Eruviel \u00c1vila detall\u00f3 que el sistema funcionar\u00e1 a trav\u00e9s de una red de 350 kil\u00f3metros de fibra \u00f3ptica que correr\u00e1 por el territorio estatal, la cual permitir\u00e1 la transmisi\u00f3n de imagen, sonidos y datos, se construir\u00e1n dos centros de mando estatales, en Toluca y el Valle de M\u00e9xico; se remodelar\u00e1n seis regionales y 44 municipales, todos enlazados entre s\u00ed, y se utilizar\u00e1 el equipo e infraestructura existente en esta materia.<\/p>\n<p>Con ello se dar\u00e1 respuesta oportuna a eventualidades, se prevendr\u00e1 el delito porque inhibir\u00e1 la comisi\u00f3n de il\u00edcitos y se fortalecer\u00e1n las capacidades de investigaci\u00f3n policial, ya que esta tecnolog\u00eda permite hacer reconocimientos faciales, incluso cuando los delincuentes intentes cubrir sus rostros.<\/p>\n<p>Asimismo dio a conocer que en t\u00e9rminos generales el sistema registra un avance del 33 por ciento, y puntualiz\u00f3 que hasta la fecha se han instalado mil 200 de las 10 mil c\u00e1maras de vigilancia de \u00faltima generaci\u00f3n previstas, as\u00ed como mil de tres mil sistemas satelitales GPS en patrullas y veh\u00edculos de protecci\u00f3n civil.<\/p>\n<p>Coment\u00f3 que por sus caracter\u00edsticas, amplitud y beneficios, el programa tambi\u00e9n prev\u00e9 la instalaci\u00f3n de 25 arcos carreteros en las intersecciones estatales para el reconocimiento de veh\u00edculos y placas, lectores de radiofrecuencia, botones de emergencia y geoposicionamiento de autom\u00f3viles.<\/p>\n<p>El gobernador refiri\u00f3 que esta tecnolog\u00eda se emplea en las grandes metr\u00f3polis del mundo. En Londres, que es la ciudad donde m\u00e1s c\u00e1maras hay, se calcula que cada ciudadano es grabado 300 veces al d\u00eda durante sus actividades y diariamente se detienen a seis delincuentes gracias a esta tecnolog\u00eda; en Tokio el sistema est\u00e1 conectado a la red de polic\u00edas de barrio llamada COBAN, logrando que en el 98 por ciento de los delitos cometidos se detenga al presunto responsable\u00a0 y en Madrid con su utilizaci\u00f3n se localiz\u00f3 el origen de los atentados a los trenes el 11 de marzo de 2004.<\/p>\n","protected":false},"excerpt":{"rendered":"<p>El gobernador Eruviel \u00c1vila Villegas present\u00f3 el Programa de Videovigilancia Urbana, que contempla la instalaci\u00f3n de 10 mil c\u00e1maras, arcos para el reconocimiento de veh\u00edculos y placas, y la instalaci\u00f3n de centros de mando C5, con el objetivo de inhibir la comisi\u00f3n de delitos, dar respuesta oportuna a llamadas de auxilio, ampliar las capacidades de investigaci\u00f3n policial y con ello fortalecer la infraestructura policiaca para combatir el crimen.<\/p>\n","protected":false},"author":3,"featured_media":187764,"comment_status":"open","ping_status":"open","sticky":false,"template":"","format":"standard","meta":{"_monsterinsights_skip_tracking":false,"_monsterinsights_sitenote_active":false,"_monsterinsights_sitenote_note":"","_monsterinsights_sitenote_category":0,"footnotes":""},"categories":[5],"tags":[5828,43675,452,29606],"class_list":["post-187686","post","type-post","status-publish","format-standard","has-post-thumbnail","hentry","category-estado-de-mexico","tag-eruviel-avila-villegas","tag-estado-de-mexico","tag-toluca","tag-videovigilancia"],"_links":{"self":[{"href":"https:\/\/www.diarioimagen.net\/index.php?rest_route=\/wp\/v2\/posts\/187686","targetHints":{"allow":["GET"]}}],"collection":[{"href":"https:\/\/www.diarioimagen.net\/index.php?rest_route=\/wp\/v2\/posts"}],"about":[{"href":"https:\/\/www.diarioimagen.net\/index.php?rest_route=\/wp\/v2\/types\/post"}],"author":[{"embeddable":true,"href":"https:\/\/www.diarioimagen.net\/index.php?rest_route=\/wp\/v2\/users\/3"}],"replies":[{"embeddable":true,"href":"https:\/\/www.diarioimagen.net\/index.php?rest_route=%2Fwp%2Fv2%2Fcomments&post=187686"}],"version-history":[{"count":0,"href":"https:\/\/www.diarioimagen.net\/index.php?rest_route=\/wp\/v2\/posts\/187686\/revisions"}],"wp:featuredmedia":[{"embeddable":true,"href":"https:\/\/www.diarioimagen.net\/index.php?rest_route=\/wp\/v2\/media\/187764"}],"wp:attachment":[{"href":"https:\/\/www.diarioimagen.net\/index.php?rest_route=%2Fwp%2Fv2%2Fmedia&parent=187686"}],"wp:term":[{"taxonomy":"category","embeddable":true,"href":"https:\/\/www.diarioimagen.net\/index.php?rest_route=%2Fwp%2Fv2%2Fcategories&post=187686"},{"taxonomy":"post_tag","embeddable":true,"href":"https:\/\/www.diarioimagen.net\/index.php?rest_route=%2Fwp%2Fv2%2Ftags&post=187686"}],"curies":[{"name":"wp","href":"https:\/\/api.w.org\/{rel}","templated":true}]}}