{"id":187693,"date":"2014-09-02T00:09:12","date_gmt":"2014-09-02T05:09:12","guid":{"rendered":"http:\/\/www.diarioimagen.net\/?p=187693"},"modified":"2014-09-02T03:34:35","modified_gmt":"2014-09-02T08:34:35","slug":"mancera-inicia-el-plan-medico-en-tu-casa","status":"publish","type":"post","link":"https:\/\/www.diarioimagen.net\/?p=187693","title":{"rendered":"Mancera inicia el plan \u201cM\u00e9dico en tu Casa\u201d"},"content":{"rendered":"<ul>\n<li><strong><em>En el programa participan 3 mil m\u00e9dicos, enfermeras y trabajadoras sociales que visitar\u00e1n hogares de Iztapalapa<\/em><\/strong><\/li>\n<\/ul>\n<div id=\"attachment_187804\" style=\"width: 250px\" class=\"wp-caption alignleft\"><a href=\"http:\/\/www.diarioimagen.net\/wp-content\/uploads\/2014\/09\/MANCERA-2434.jpg\"><img loading=\"lazy\" decoding=\"async\" aria-describedby=\"caption-attachment-187804\" class=\"size-medium wp-image-187804\" src=\"http:\/\/www.diarioimagen.net\/wp-content\/uploads\/2014\/09\/MANCERA-2434-240x135.jpg\" alt=\"Miguel \u00c1ngel Mancera,\u00a0jefe del GDF, dio el banderazo de salida a las unidades m\u00f3viles que participan en el programa \u201cM\u00e9dico en tu Casa\u201d.\" width=\"240\" height=\"135\" srcset=\"https:\/\/www.diarioimagen.net\/wp-content\/uploads\/2014\/09\/MANCERA-2434-240x135.jpg 240w, https:\/\/www.diarioimagen.net\/wp-content\/uploads\/2014\/09\/MANCERA-2434-420x236.jpg 420w, https:\/\/www.diarioimagen.net\/wp-content\/uploads\/2014\/09\/MANCERA-2434-235x132.jpg 235w, https:\/\/www.diarioimagen.net\/wp-content\/uploads\/2014\/09\/MANCERA-2434-202x114.jpg 202w, https:\/\/www.diarioimagen.net\/wp-content\/uploads\/2014\/09\/MANCERA-2434-350x196.jpg 350w, https:\/\/www.diarioimagen.net\/wp-content\/uploads\/2014\/09\/MANCERA-2434-220x123.jpg 220w, https:\/\/www.diarioimagen.net\/wp-content\/uploads\/2014\/09\/MANCERA-2434-237x132.jpg 237w, https:\/\/www.diarioimagen.net\/wp-content\/uploads\/2014\/09\/MANCERA-2434.jpg 480w\" sizes=\"auto, (max-width: 240px) 100vw, 240px\" \/><\/a><p id=\"caption-attachment-187804\" class=\"wp-caption-text\">Miguel \u00c1ngel Mancera,\u00a0jefe del GDF, dio el banderazo de salida a las unidades m\u00f3viles que participan en el programa \u201cM\u00e9dico en tu Casa\u201d.<\/p><\/div>\n<p>El jefe de gobierno del Distrito Federal, Miguel \u00c1ngel Mancera, puso en marcha el programa \u201cM\u00e9dico en tu Casa\u201d en Iztapalapa, la delegaci\u00f3n que registra el mayor \u00edndice de mortalidad en j\u00f3venes embarazadas.<\/p>\n<p>\u201cVisitamos un domicilio y la futura mam\u00e1 que nos recibi\u00f3, tiene 17 semanas de embarazo y no ha ido al m\u00e9dico, esa es la realidad, por eso tenemos que acudir a los domicilios, por eso tenemos que ir a buscarlas, para poder estar pendientes, para poder acercar tambi\u00e9n los medicamentos\u201d, indic\u00f3.<\/p>\n<p>Y agreg\u00f3: \u201cEstas brigadas estar\u00e1n buscando que todos ejerzan el derecho a la salud y que nosotros estemos con el cuidado permanente en esta tarea\u201d.<\/p>\n<p>El jefe del GDF, junto con el secretario de Salud capitalino, Armando Ahued y el jefe delegacional de Iztapalapa, Jes\u00fas Valencia, dieron el banderazo de salida a los 3 mil m\u00e9dicos enfermeras y trabajadoras sociales que visitar\u00e1n cada uno de los hogares de la demarcaci\u00f3n para brindar atenci\u00f3n preventiva a enfermedades y disminuir la mortandad en embarazadas.<\/p>\n<p>Mancera se\u00f1al\u00f3 que se trata de una estrategia de contacto, que se realiza a trav\u00e9s de brigadas y que inicia en Iztapalapa, donde se tiene mayor \u00edndice de mortalidad en relaci\u00f3n con el embarazo. El secretario Ahued indic\u00f3 que en 2013 se registraron 22 mil 844 embarazos en esa demarcaci\u00f3n, de los cuales, 33 por ciento fueron de adolescentes menores de edad.<\/p>\n<p>El jefe de gobierno indic\u00f3 que con esta acci\u00f3n se ejerce el derecho a la salud de forma integral de todos los habitantes de la ciudad, pues los doctores ir\u00e1n acompa\u00f1ados de un equipo dental. Adem\u00e1s, indic\u00f3 que durante las visitas los m\u00e9dicos y trabajadoras sociales van a retirar los medicamentos caducos que se acumulan en los domicilios, pues representan un riesgo.<\/p>\n","protected":false},"excerpt":{"rendered":"<p>El jefe de gobierno del Distrito Federal, Miguel \u00c1ngel Mancera, puso en marcha el programa \u201cM\u00e9dico en tu Casa\u201d en Iztapalapa, la delegaci\u00f3n que registra el mayor \u00edndice de mortalidad en j\u00f3venes embarazadas.<\/p>\n","protected":false},"author":3,"featured_media":187804,"comment_status":"open","ping_status":"open","sticky":false,"template":"","format":"standard","meta":{"_monsterinsights_skip_tracking":false,"_monsterinsights_sitenote_active":false,"_monsterinsights_sitenote_note":"","_monsterinsights_sitenote_category":0,"footnotes":""},"categories":[6],"tags":[204,34473,5314],"class_list":["post-187693","post","type-post","status-publish","format-standard","has-post-thumbnail","hentry","category-cd-de-mexico","tag-ciudad-de-mexico","tag-medico-en-tu-casa","tag-miguel-angel-mancera-espinosa"],"_links":{"self":[{"href":"https:\/\/www.diarioimagen.net\/index.php?rest_route=\/wp\/v2\/posts\/187693","targetHints":{"allow":["GET"]}}],"collection":[{"href":"https:\/\/www.diarioimagen.net\/index.php?rest_route=\/wp\/v2\/posts"}],"about":[{"href":"https:\/\/www.diarioimagen.net\/index.php?rest_route=\/wp\/v2\/types\/post"}],"author":[{"embeddable":true,"href":"https:\/\/www.diarioimagen.net\/index.php?rest_route=\/wp\/v2\/users\/3"}],"replies":[{"embeddable":true,"href":"https:\/\/www.diarioimagen.net\/index.php?rest_route=%2Fwp%2Fv2%2Fcomments&post=187693"}],"version-history":[{"count":0,"href":"https:\/\/www.diarioimagen.net\/index.php?rest_route=\/wp\/v2\/posts\/187693\/revisions"}],"wp:featuredmedia":[{"embeddable":true,"href":"https:\/\/www.diarioimagen.net\/index.php?rest_route=\/wp\/v2\/media\/187804"}],"wp:attachment":[{"href":"https:\/\/www.diarioimagen.net\/index.php?rest_route=%2Fwp%2Fv2%2Fmedia&parent=187693"}],"wp:term":[{"taxonomy":"category","embeddable":true,"href":"https:\/\/www.diarioimagen.net\/index.php?rest_route=%2Fwp%2Fv2%2Fcategories&post=187693"},{"taxonomy":"post_tag","embeddable":true,"href":"https:\/\/www.diarioimagen.net\/index.php?rest_route=%2Fwp%2Fv2%2Ftags&post=187693"}],"curies":[{"name":"wp","href":"https:\/\/api.w.org\/{rel}","templated":true}]}}