{"id":187751,"date":"2014-09-02T00:08:59","date_gmt":"2014-09-02T05:08:59","guid":{"rendered":"http:\/\/www.diarioimagen.net\/?p=187751"},"modified":"2014-09-02T03:24:17","modified_gmt":"2014-09-02T08:24:17","slug":"atizapan-aplica-plan-de-seguridad-escolar","status":"publish","type":"post","link":"https:\/\/www.diarioimagen.net\/?p=187751","title":{"rendered":"Atizap\u00e1n aplica plan de seguridad escolar"},"content":{"rendered":"<ul>\n<li><strong><em>Promueve el autocuidado<\/em><\/strong><\/li>\n<\/ul>\n<div id=\"attachment_187791\" style=\"width: 250px\" class=\"wp-caption alignleft\"><a href=\"http:\/\/www.diarioimagen.net\/wp-content\/uploads\/2014\/09\/atizapan-2434.jpg\"><img loading=\"lazy\" decoding=\"async\" aria-describedby=\"caption-attachment-187791\" class=\"size-medium wp-image-187791\" src=\"http:\/\/www.diarioimagen.net\/wp-content\/uploads\/2014\/09\/atizapan-2434-240x135.jpg\" alt=\"El municipio de Atizap\u00e1n de Zaragoza es de los primeros que aplican la norma de seguridad y emergencia escolar, producto de la reforma educativa.\" width=\"240\" height=\"135\" srcset=\"https:\/\/www.diarioimagen.net\/wp-content\/uploads\/2014\/09\/atizapan-2434-240x135.jpg 240w, https:\/\/www.diarioimagen.net\/wp-content\/uploads\/2014\/09\/atizapan-2434-420x236.jpg 420w, https:\/\/www.diarioimagen.net\/wp-content\/uploads\/2014\/09\/atizapan-2434-235x132.jpg 235w, https:\/\/www.diarioimagen.net\/wp-content\/uploads\/2014\/09\/atizapan-2434-202x114.jpg 202w, https:\/\/www.diarioimagen.net\/wp-content\/uploads\/2014\/09\/atizapan-2434-350x196.jpg 350w, https:\/\/www.diarioimagen.net\/wp-content\/uploads\/2014\/09\/atizapan-2434-220x123.jpg 220w, https:\/\/www.diarioimagen.net\/wp-content\/uploads\/2014\/09\/atizapan-2434-237x132.jpg 237w, https:\/\/www.diarioimagen.net\/wp-content\/uploads\/2014\/09\/atizapan-2434.jpg 480w\" sizes=\"auto, (max-width: 240px) 100vw, 240px\" \/><\/a><p id=\"caption-attachment-187791\" class=\"wp-caption-text\">El municipio de Atizap\u00e1n de Zaragoza es de los primeros que aplican la norma de seguridad y emergencia escolar, producto de la reforma educativa.<\/p><\/div>\n<p><strong>Atizap\u00e1n, Estado de M\u00e9xico<\/strong>.- Con el compromiso de promover el autocuidado y la integridad f\u00edsica en alumnos de escuelas de esta ciudad, la Direcci\u00f3n de Seguridad P\u00fablica y Tr\u00e1nsito Municipal implementa el programa piloto denominado \u201cGuardianes Escolares\u201d en la primaria Solidaridad en la colonia Villas de la Hacienda, el cual tiene la finalidad de mejorar la conducta del alumnado, generando un ambiente \u00f3ptimo para su sano desarrollo y se tiene contemplado implementarlo en m\u00e1s planteles del municipio.<\/p>\n<p>Francisco Rubio Peralta, subdirector de Prevenci\u00f3n del Delito, se\u00f1al\u00f3 que en l\u00ednea con la pol\u00edtica de prevenci\u00f3n que el edil, Pedro Rodr\u00edguez Villegas, ha marcado en el actual gobierno \u201ceste programa contempla capacitaciones a cargo del Agrupamiento Femenil Centinelas de la Subdirecci\u00f3n de Prevenci\u00f3n del Delito, el cual brindar\u00e1 a los alumnos elementos necesarios para llevar a cabo la tarea de \u201cguardi\u00e1n escolar\u201d.<\/p>\n<p>A petici\u00f3n del cuerpo directivo de dicha escuela el programa, que tiene como lema \u201cMe quiero, me cuido y me protejo\u201d, comprende de la participaci\u00f3n de alumnos de 4\u00b0, 5\u00b0 y 6\u00b0 grado -3 alumnos por grupo-, con lo que se busca disminuir accidentes, mejorar el comportamiento, proporcionar una interacci\u00f3n arm\u00f3nica y de respeto, detectar casos de \u201cbullying\u201d y consolidar una r\u00e1pida respuesta ante cualquier eventualidad.<\/p>\n<p>Las funciones que tendr\u00e1n los guardines escolares consisten en abonar al orden durante el recreo, notificar a los maestros de aquellos alumnos que infrinjan el reglamento escolar, solicitar a sus compa\u00f1eros conservar limpio el patio y levantar la basura, verificar el buen uso de los sanitarios y auxiliar a los alumnos m\u00e1s peque\u00f1os.<\/p>\n","protected":false},"excerpt":{"rendered":"<p>Con el compromiso de promover el autocuidado y la integridad f\u00edsica en alumnos de escuelas de esta ciudad, la Direcci\u00f3n de Seguridad P\u00fablica y Tr\u00e1nsito Municipal implementa el programa piloto denominado \u201cGuardianes Escolares\u201d en la primaria Solidaridad en la colonia Villas de la Hacienda, el cual tiene la finalidad de mejorar la conducta del alumnado, generando un ambiente \u00f3ptimo para su sano desarrollo y se tiene contemplado implementarlo en m\u00e1s planteles del municipio.<\/p>\n","protected":false},"author":3,"featured_media":187791,"comment_status":"open","ping_status":"open","sticky":false,"template":"","format":"standard","meta":{"_monsterinsights_skip_tracking":false,"_monsterinsights_sitenote_active":false,"_monsterinsights_sitenote_note":"","_monsterinsights_sitenote_category":0,"footnotes":""},"categories":[5],"tags":[969,43675,43677],"class_list":["post-187751","post","type-post","status-publish","format-standard","has-post-thumbnail","hentry","category-estado-de-mexico","tag-atizapan","tag-estado-de-mexico","tag-seguridad"],"_links":{"self":[{"href":"https:\/\/www.diarioimagen.net\/index.php?rest_route=\/wp\/v2\/posts\/187751","targetHints":{"allow":["GET"]}}],"collection":[{"href":"https:\/\/www.diarioimagen.net\/index.php?rest_route=\/wp\/v2\/posts"}],"about":[{"href":"https:\/\/www.diarioimagen.net\/index.php?rest_route=\/wp\/v2\/types\/post"}],"author":[{"embeddable":true,"href":"https:\/\/www.diarioimagen.net\/index.php?rest_route=\/wp\/v2\/users\/3"}],"replies":[{"embeddable":true,"href":"https:\/\/www.diarioimagen.net\/index.php?rest_route=%2Fwp%2Fv2%2Fcomments&post=187751"}],"version-history":[{"count":0,"href":"https:\/\/www.diarioimagen.net\/index.php?rest_route=\/wp\/v2\/posts\/187751\/revisions"}],"wp:featuredmedia":[{"embeddable":true,"href":"https:\/\/www.diarioimagen.net\/index.php?rest_route=\/wp\/v2\/media\/187791"}],"wp:attachment":[{"href":"https:\/\/www.diarioimagen.net\/index.php?rest_route=%2Fwp%2Fv2%2Fmedia&parent=187751"}],"wp:term":[{"taxonomy":"category","embeddable":true,"href":"https:\/\/www.diarioimagen.net\/index.php?rest_route=%2Fwp%2Fv2%2Fcategories&post=187751"},{"taxonomy":"post_tag","embeddable":true,"href":"https:\/\/www.diarioimagen.net\/index.php?rest_route=%2Fwp%2Fv2%2Ftags&post=187751"}],"curies":[{"name":"wp","href":"https:\/\/api.w.org\/{rel}","templated":true}]}}