{"id":187753,"date":"2014-09-02T00:07:12","date_gmt":"2014-09-02T05:07:12","guid":{"rendered":"http:\/\/www.diarioimagen.net\/?p=187753"},"modified":"2014-09-02T03:27:58","modified_gmt":"2014-09-02T08:27:58","slug":"aaron-urbina-promueve-mayor-suministro-de-agua","status":"publish","type":"post","link":"https:\/\/www.diarioimagen.net\/?p=187753","title":{"rendered":"Aar\u00f3n Urbina promueve mayor suministro de agua"},"content":{"rendered":"<ul>\n<li><strong><em>Gira de trabajo por Ecatepec<\/em><\/strong><\/li>\n<\/ul>\n<div id=\"attachment_187797\" style=\"width: 250px\" class=\"wp-caption alignleft\"><a href=\"http:\/\/www.diarioimagen.net\/wp-content\/uploads\/2014\/09\/LEGISLATURA-2434.jpg\"><img loading=\"lazy\" decoding=\"async\" aria-describedby=\"caption-attachment-187797\" class=\"size-medium wp-image-187797\" src=\"http:\/\/www.diarioimagen.net\/wp-content\/uploads\/2014\/09\/LEGISLATURA-2434-240x135.jpg\" alt=\"El presidente de la Junta de Coordinaci\u00f3n Pol\u00edtica del Congreso mexiquense, Aar\u00f3n Urbina, estuvo en Ecatepec.\" width=\"240\" height=\"135\" srcset=\"https:\/\/www.diarioimagen.net\/wp-content\/uploads\/2014\/09\/LEGISLATURA-2434-240x135.jpg 240w, https:\/\/www.diarioimagen.net\/wp-content\/uploads\/2014\/09\/LEGISLATURA-2434-420x236.jpg 420w, https:\/\/www.diarioimagen.net\/wp-content\/uploads\/2014\/09\/LEGISLATURA-2434-235x132.jpg 235w, https:\/\/www.diarioimagen.net\/wp-content\/uploads\/2014\/09\/LEGISLATURA-2434-202x114.jpg 202w, https:\/\/www.diarioimagen.net\/wp-content\/uploads\/2014\/09\/LEGISLATURA-2434-350x196.jpg 350w, https:\/\/www.diarioimagen.net\/wp-content\/uploads\/2014\/09\/LEGISLATURA-2434-220x123.jpg 220w, https:\/\/www.diarioimagen.net\/wp-content\/uploads\/2014\/09\/LEGISLATURA-2434-237x132.jpg 237w, https:\/\/www.diarioimagen.net\/wp-content\/uploads\/2014\/09\/LEGISLATURA-2434.jpg 480w\" sizes=\"auto, (max-width: 240px) 100vw, 240px\" \/><\/a><p id=\"caption-attachment-187797\" class=\"wp-caption-text\">El presidente de la Junta de Coordinaci\u00f3n Pol\u00edtica del Congreso mexiquense, Aar\u00f3n Urbina, estuvo en Ecatepec.<\/p><\/div>\n<p><strong>Toluca, Estado de M\u00e9xico<\/strong>.- Al iniciar las obras de perforaci\u00f3n de dos pozos que permitir\u00e1n incrementar el abasto de agua potable a vecinos de Ecatepec en respuesta a una demanda social, el diputado Aar\u00f3n Urbina Bedolla, presidente de la Junta de Coordinaci\u00f3n Pol\u00edtica de la LVIII Legislatura estatal, subray\u00f3 que los legisladores locales deben atender a sus representados los siete d\u00edas de la semana y apoyarlos sin distinciones ideol\u00f3gicas o de ning\u00fan tipo.<\/p>\n<p>En gira de trabajo por cuatro colonias de este municipio, en la que adem\u00e1s distribuyeron apoyos alimenticios, el tambi\u00e9n coordinador del grupo parlamentario del PRI estuvo acompa\u00f1ado del alcalde Pablo Bedolla L\u00f3pez; los representantes populares de Ecatepec, Juan Manuel Guti\u00e9rrez Ram\u00edrez, del distrito XXI; Jos\u00e9 Alfredo Torres Huitr\u00f3n, del XXII, y Alberto Hern\u00e1ndez Meneses, del XLII, as\u00ed como la diputada federal, Norma Ponce Orozco.<\/p>\n<p>Al iniciar la jornada en la colonia Vistas Ecatepec, donde se perfora un pozo de agua potable, Aar\u00f3n Urbina se\u00f1al\u00f3 que su presencia cumple varios objetivos, entre ellos, \u201crendirle cuentas a las personas y cumplir los compromisos adquiridos, pues no olvidamos que en la pasada campa\u00f1a nos dec\u00edan de la falta de agua y otros servicios\u201d.<\/p>\n<p>Al respecto, el alcalde explic\u00f3 a sus vecinos que la construcci\u00f3n de este pozo es gracias a las gestiones hechas por el diputado Aar\u00f3n Urbina, tambi\u00e9n representante del XXXIII distrito electoral con sede en Tec\u00e1mac y parte de Ecatepec, ante el presidente Enrique Pe\u00f1a Nieto, para obtener los permisos necesarios, as\u00ed como del gobernador Eruviel \u00c1vila Villegas, para que autorizara el presupuesto, por lo que pidi\u00f3 reconocer ampliamente al legislador, \u201cquien no se olvida de noso\u00adtros y s\u00ed cumple\u201d.<\/p>\n","protected":false},"excerpt":{"rendered":"<p>Al iniciar las obras de perforaci\u00f3n de dos pozos que permitir\u00e1n incrementar el abasto de agua potable a vecinos de Ecatepec en respuesta a una demanda social, el diputado Aar\u00f3n Urbina Bedolla, presidente de la Junta de Coordinaci\u00f3n Pol\u00edtica de la LVIII Legislatura estatal, subray\u00f3 que los legisladores locales deben atender a sus representados los siete d\u00edas de la semana y apoyarlos sin distinciones ideol\u00f3gicas o de ning\u00fan tipo.<\/p>\n","protected":false},"author":3,"featured_media":187797,"comment_status":"open","ping_status":"open","sticky":false,"template":"","format":"standard","meta":{"_monsterinsights_skip_tracking":false,"_monsterinsights_sitenote_active":false,"_monsterinsights_sitenote_note":"","_monsterinsights_sitenote_category":0,"footnotes":""},"categories":[35155],"tags":[162,43675,25560,452],"class_list":["post-187753","post","type-post","status-publish","format-standard","has-post-thumbnail","hentry","category-estado-de-mexico-estado-de-mexico","tag-agua","tag-estado-de-mexico","tag-suministro","tag-toluca"],"_links":{"self":[{"href":"https:\/\/www.diarioimagen.net\/index.php?rest_route=\/wp\/v2\/posts\/187753","targetHints":{"allow":["GET"]}}],"collection":[{"href":"https:\/\/www.diarioimagen.net\/index.php?rest_route=\/wp\/v2\/posts"}],"about":[{"href":"https:\/\/www.diarioimagen.net\/index.php?rest_route=\/wp\/v2\/types\/post"}],"author":[{"embeddable":true,"href":"https:\/\/www.diarioimagen.net\/index.php?rest_route=\/wp\/v2\/users\/3"}],"replies":[{"embeddable":true,"href":"https:\/\/www.diarioimagen.net\/index.php?rest_route=%2Fwp%2Fv2%2Fcomments&post=187753"}],"version-history":[{"count":0,"href":"https:\/\/www.diarioimagen.net\/index.php?rest_route=\/wp\/v2\/posts\/187753\/revisions"}],"wp:featuredmedia":[{"embeddable":true,"href":"https:\/\/www.diarioimagen.net\/index.php?rest_route=\/wp\/v2\/media\/187797"}],"wp:attachment":[{"href":"https:\/\/www.diarioimagen.net\/index.php?rest_route=%2Fwp%2Fv2%2Fmedia&parent=187753"}],"wp:term":[{"taxonomy":"category","embeddable":true,"href":"https:\/\/www.diarioimagen.net\/index.php?rest_route=%2Fwp%2Fv2%2Fcategories&post=187753"},{"taxonomy":"post_tag","embeddable":true,"href":"https:\/\/www.diarioimagen.net\/index.php?rest_route=%2Fwp%2Fv2%2Ftags&post=187753"}],"curies":[{"name":"wp","href":"https:\/\/api.w.org\/{rel}","templated":true}]}}