{"id":187817,"date":"2014-09-03T00:08:22","date_gmt":"2014-09-03T05:08:22","guid":{"rendered":"http:\/\/www.diarioimagen.net\/?p=187817"},"modified":"2014-09-03T02:06:59","modified_gmt":"2014-09-03T07:06:59","slug":"analistas-bajan-a-2-47-pronostico-de-crecimiento-economico-para-2014","status":"publish","type":"post","link":"https:\/\/www.diarioimagen.net\/?p=187817","title":{"rendered":"Analistas de IP bajan a 2.47% expectativa de crecimiento"},"content":{"rendered":"<ul>\n<li><strong><em>Encuesta de Banxico<\/em><\/strong><\/li>\n<\/ul>\n<div id=\"attachment_187818\" style=\"width: 250px\" class=\"wp-caption alignleft\"><img loading=\"lazy\" decoding=\"async\" aria-describedby=\"caption-attachment-187818\" class=\"size-medium wp-image-187818\" src=\"http:\/\/www.diarioimagen.net\/wp-content\/uploads\/2014\/09\/BAJA-PORTAL-240x135.jpg\" alt=\"El pron\u00f3stico de inflaci\u00f3n, por su parte, se aceler\u00f3 a 3.82 por ciento, desde 3.78 por ciento visto en la consulta previa.\" width=\"240\" height=\"135\" srcset=\"https:\/\/www.diarioimagen.net\/wp-content\/uploads\/2014\/09\/BAJA-PORTAL-240x135.jpg 240w, https:\/\/www.diarioimagen.net\/wp-content\/uploads\/2014\/09\/BAJA-PORTAL-420x236.jpg 420w, https:\/\/www.diarioimagen.net\/wp-content\/uploads\/2014\/09\/BAJA-PORTAL-235x132.jpg 235w, https:\/\/www.diarioimagen.net\/wp-content\/uploads\/2014\/09\/BAJA-PORTAL-202x114.jpg 202w, https:\/\/www.diarioimagen.net\/wp-content\/uploads\/2014\/09\/BAJA-PORTAL-350x196.jpg 350w, https:\/\/www.diarioimagen.net\/wp-content\/uploads\/2014\/09\/BAJA-PORTAL-220x123.jpg 220w, https:\/\/www.diarioimagen.net\/wp-content\/uploads\/2014\/09\/BAJA-PORTAL-237x132.jpg 237w, https:\/\/www.diarioimagen.net\/wp-content\/uploads\/2014\/09\/BAJA-PORTAL.jpg 480w\" sizes=\"auto, (max-width: 240px) 100vw, 240px\" \/><p id=\"caption-attachment-187818\" class=\"wp-caption-text\">El pron\u00f3stico de inflaci\u00f3n, por su parte, se aceler\u00f3 a 3.82 por ciento, desde 3.78 por ciento visto en la consulta previa.<\/p><\/div>\n<p>Analistas del sector privado consultados por el Banco de M\u00e9xico (Banxico) redujeron de 2.56 por ciento a 2.47% las expectativas de crecimiento del Producto Interno Bruto (PIB) para 2014.<\/p>\n<p>Para 2015, el pron\u00f3stico de los analistas se mantuvo en el mismo nivel que el reportado en la encuesta previa, es decir en 3.8 por ciento.<\/p>\n<p>Respecto al pron\u00f3stico de la inflaci\u00f3n anual, los analistas mantuvieron entre 3.78 y 3.82 por ciento el estimado medio anual.<\/p>\n<p>En lo que respecta a la tasa de fondeo, en promedio, los analistas econ\u00f3micos prev\u00e9n que \u00e9ste permanezca en niveles cercanos al objetivo actual de 3.0 por ciento hasta el segundo trimestre de 2015.<\/p>\n<p>Del tercer trimestre de 2015 al segundo de 2016, los especialistas anticipan en promedio una tasa objetivo mayor a la actual, que inclusive podr\u00eda llegar a 4.0 por ciento. En los resultados de la encuesta ning\u00fan analista espera una tasa menor al objetivo actual en el horizonte de pron\u00f3sticos.<\/p>\n<p>En su sondeo, aplicado entre 35 grupos de an\u00e1lisis y consultor\u00eda econ\u00f3mica del sector privado nacional y extranjero entre el 18 y el 28 de agosto, destaca que fue preponderante la proporci\u00f3n de analistas que considera que el clima de negocios mejorar\u00e1 en los pr\u00f3ximos seis meses.<\/p>\n<p>De igual forma, subraya que la mayor\u00eda de los consultados afirma que la econom\u00eda est\u00e1 mejor que hace un a\u00f1o, en tanto que la proporci\u00f3n de quienes consideran que es un buen momento para invertir aument\u00f3 respecto a la encuesta previa.<\/p>\n<p>Para las tasas de inter\u00e9s de los Certificados de la Tesorer\u00eda de la Federaci\u00f3n (Cetes), el pron\u00f3stico de la mayor\u00eda es de 2.98 por ciento para este a\u00f1o y de 3.59 por ciento para 2015, en tanto que el tipo de cambio peso\/d\u00f3lar se ubicar\u00eda 12.94 y 12.85 pesos, respectivamente, para esos periodos.<\/p>\n<p>Entre los factores identificados por los expertos como los principales obst\u00e1culos para el crecimiento econ\u00f3mico est\u00e1n los problemas de seguridad y la debilidad del mercado interno, pues su percepci\u00f3n como impedimentos para el incremento del PIB aument\u00f3 3 y 4 por ciento respectivamente frente a la encuesta de julio pasado.<\/p>\n<p>Por el contrario, la inestabilidad financiera internacional pas\u00f3 de registrar el 10 por ciento de las menciones negativas, a \u00fanicamente el 6 por ciento de las respuestas que la se\u00f1alan como un inconveniente.<\/p>\n<p>&nbsp;<\/p>\n<p>&nbsp;<\/p>\n","protected":false},"excerpt":{"rendered":"<p>Analistas del sector privado consultados por el Banco de M\u00e9xico (Banxico) redujeron <\/p>\n","protected":false},"author":5,"featured_media":187818,"comment_status":"open","ping_status":"open","sticky":false,"template":"","format":"standard","meta":{"_monsterinsights_skip_tracking":false,"_monsterinsights_sitenote_active":false,"_monsterinsights_sitenote_note":"","_monsterinsights_sitenote_category":0,"footnotes":""},"categories":[3],"tags":[1520,1679,43673],"class_list":["post-187817","post","type-post","status-publish","format-standard","has-post-thumbnail","hentry","category-nacional","tag-banco-de-mexico","tag-crecimiento-economico","tag-nacional"],"_links":{"self":[{"href":"https:\/\/www.diarioimagen.net\/index.php?rest_route=\/wp\/v2\/posts\/187817","targetHints":{"allow":["GET"]}}],"collection":[{"href":"https:\/\/www.diarioimagen.net\/index.php?rest_route=\/wp\/v2\/posts"}],"about":[{"href":"https:\/\/www.diarioimagen.net\/index.php?rest_route=\/wp\/v2\/types\/post"}],"author":[{"embeddable":true,"href":"https:\/\/www.diarioimagen.net\/index.php?rest_route=\/wp\/v2\/users\/5"}],"replies":[{"embeddable":true,"href":"https:\/\/www.diarioimagen.net\/index.php?rest_route=%2Fwp%2Fv2%2Fcomments&post=187817"}],"version-history":[{"count":0,"href":"https:\/\/www.diarioimagen.net\/index.php?rest_route=\/wp\/v2\/posts\/187817\/revisions"}],"wp:featuredmedia":[{"embeddable":true,"href":"https:\/\/www.diarioimagen.net\/index.php?rest_route=\/wp\/v2\/media\/187818"}],"wp:attachment":[{"href":"https:\/\/www.diarioimagen.net\/index.php?rest_route=%2Fwp%2Fv2%2Fmedia&parent=187817"}],"wp:term":[{"taxonomy":"category","embeddable":true,"href":"https:\/\/www.diarioimagen.net\/index.php?rest_route=%2Fwp%2Fv2%2Fcategories&post=187817"},{"taxonomy":"post_tag","embeddable":true,"href":"https:\/\/www.diarioimagen.net\/index.php?rest_route=%2Fwp%2Fv2%2Ftags&post=187817"}],"curies":[{"name":"wp","href":"https:\/\/api.w.org\/{rel}","templated":true}]}}