{"id":187899,"date":"2014-09-03T00:06:29","date_gmt":"2014-09-03T05:06:29","guid":{"rendered":"http:\/\/www.diarioimagen.net\/?p=187899"},"modified":"2014-09-04T03:30:57","modified_gmt":"2014-09-04T08:30:57","slug":"destaca-eruviel-avila-anuncio-de-enrique-pena-nieto-para-construir-nuevo-aeropuerto-y-ampliar-lineas-del-metro-en-la-zona-metropolitana","status":"publish","type":"post","link":"https:\/\/www.diarioimagen.net\/?p=187899","title":{"rendered":"Destaca Eruviel \u00c1vila anuncio de Enrique Pe\u00f1a Nieto para construir nuevo aeropuerto y ampliar l\u00edneas del Metro en la zona metropolitana"},"content":{"rendered":"<h2>Arco Norte<\/h2>\n<h5>Jos\u00e9 Luis Monta\u00f1ez Aguilar<\/h5>\n<p>&nbsp;<\/p>\n<ul>\n<li><strong><em>Mensaje del II Informe de Gobierno en Palacio Nacional<\/em><\/strong><\/li>\n<\/ul>\n<div id=\"attachment_187902\" style=\"width: 250px\" class=\"wp-caption alignleft\"><a href=\"http:\/\/www.diarioimagen.net\/wp-content\/uploads\/2014\/09\/eruviel-2435.jpg\"><img loading=\"lazy\" decoding=\"async\" aria-describedby=\"caption-attachment-187902\" class=\"size-medium wp-image-187902\" src=\"http:\/\/www.diarioimagen.net\/wp-content\/uploads\/2014\/09\/eruviel-2435-240x159.jpg\" alt=\"El gobernador del Estado de M\u00e9xico, Eruviel \u00c1vila Villegas, se\u00f1al\u00f3 que Enrique Pe\u00f1a Nieto pasar\u00e1 a la historia como el presidente reformador y modernizador de M\u00e9xico.\" width=\"240\" height=\"159\" srcset=\"https:\/\/www.diarioimagen.net\/wp-content\/uploads\/2014\/09\/eruviel-2435-240x159.jpg 240w, https:\/\/www.diarioimagen.net\/wp-content\/uploads\/2014\/09\/eruviel-2435-420x279.jpg 420w, https:\/\/www.diarioimagen.net\/wp-content\/uploads\/2014\/09\/eruviel-2435.jpg 1200w\" sizes=\"auto, (max-width: 240px) 100vw, 240px\" \/><\/a><p id=\"caption-attachment-187902\" class=\"wp-caption-text\">El gobernador del Estado de M\u00e9xico, Eruviel \u00c1vila Villegas, se\u00f1al\u00f3 que Enrique Pe\u00f1a Nieto pasar\u00e1 a la historia como el presidente reformador y modernizador de M\u00e9xico.<\/p><\/div>\n<p>Al acudir al mensaje del presidente Enrique Pe\u00f1a Nieto, con motivo de su II\u00a0\u00a0Informe de Gobierno, el gobernador Eruviel \u00c1vila Villegas reconoci\u00f3 a la administraci\u00f3n federal por impulsar obras como la construcci\u00f3n de un nuevo aeropuerto internacional en la Ciudad de M\u00e9xico, as\u00ed como la ampliaci\u00f3n del Sistema de Transporte Colectivo Metro en su l\u00ednea 4, de Mart\u00edn Carrera en el Distrito Federal a Ecatepec en el Estado de M\u00e9xico, y la l\u00ednea A, de La Paz a Chalco.<\/p>\n<p>En el caso del aeropuerto, coment\u00f3 el impacto favorable para la regi\u00f3n centro del pa\u00eds, toda vez que se trata del mayor proyecto de infraestructura de los \u00faltimos a\u00f1os e incluso uno de los m\u00e1s grandes del mundo.<\/p>\n<p>Mientras que en el caso del anuncio de la ampliaci\u00f3n del Sistema de Transporte Colectivo Metro consider\u00f3 que redundar\u00e1 en una mejor movilidad y calidad de vida para los habitantes del Valle de M\u00e9xico.<\/p>\n<p>Al respecto, destac\u00f3 que el Programa Nacional de Infraestructura, las pol\u00edticas p\u00fablicas y los programas que se han llevado a cabo en los dos primeros a\u00f1os de la administraci\u00f3n del presidente Enrique Pe\u00f1a Nieto, colocan al pa\u00eds en el camino del progreso y el bienestar.<\/p>\n<p>En este sentido dijo que la aprobaci\u00f3n de 11 reformas estructurales en tan s\u00f3lo dos a\u00f1os es un hecho hist\u00f3rico que ha sido reconocido a nivel mundial, por lo que desde este momento Enrique Pe\u00f1a Nieto pasar\u00e1 a la historia como el presidente reformador y modernizador de M\u00e9xico.<\/p>\n<p>El titular del Ejecutivo mexiquense afirm\u00f3 que los gobernadores del pa\u00eds continuar\u00e1n sumando esfuerzos, ofreciendo su respaldo a su proyecto de naci\u00f3n y trabajando unidos para que los cambios de este nuevo M\u00e9xico se empiecen a traducir en beneficios para las familias.<\/p>\n<p><em><a href=\"mailto:montanezaguilar@gmail.com\" target=\"_blank\">montanezaguilar@gmail.com<\/a><\/em><\/p>\n","protected":false},"excerpt":{"rendered":"<p><span style=\"color: #005497;\"><strong>Jos\u00e9 Luis Monta\u00f1ez Aguilar<\/strong><\/span><br \/>\n<br \/>\nAl acudir al mensaje del presidente Enrique Pe\u00f1a Nieto, con motivo de su II  Informe de Gobierno, el gobernador Eruviel \u00c1vila Villegas reconoci\u00f3 a la administraci\u00f3n federal por impulsar obras como la construcci\u00f3n de un nuevo aeropuerto internacional en la Ciudad de M\u00e9xico, as\u00ed como la ampliaci\u00f3n del Sistema de Transporte Colectivo Metro en su l\u00ednea 4, de Mart\u00edn Carrera en el Distrito Federal a Ecatepec en el Estado de M\u00e9xico, y la l\u00ednea A, de La Paz a Chalco.<\/p>\n","protected":false},"author":1,"featured_media":187902,"comment_status":"open","ping_status":"open","sticky":false,"template":"","format":"standard","meta":{"_monsterinsights_skip_tracking":false,"_monsterinsights_sitenote_active":false,"_monsterinsights_sitenote_note":"","_monsterinsights_sitenote_category":0,"footnotes":""},"categories":[5],"tags":[18,5828,43675,43704,43673],"class_list":["post-187899","post","type-post","status-publish","format-standard","has-post-thumbnail","hentry","category-estado-de-mexico","tag-enrique-pena-nieto","tag-eruviel-avila-villegas","tag-estado-de-mexico","tag-jose-luis-montanez-aguilar","tag-nacional"],"_links":{"self":[{"href":"https:\/\/www.diarioimagen.net\/index.php?rest_route=\/wp\/v2\/posts\/187899","targetHints":{"allow":["GET"]}}],"collection":[{"href":"https:\/\/www.diarioimagen.net\/index.php?rest_route=\/wp\/v2\/posts"}],"about":[{"href":"https:\/\/www.diarioimagen.net\/index.php?rest_route=\/wp\/v2\/types\/post"}],"author":[{"embeddable":true,"href":"https:\/\/www.diarioimagen.net\/index.php?rest_route=\/wp\/v2\/users\/1"}],"replies":[{"embeddable":true,"href":"https:\/\/www.diarioimagen.net\/index.php?rest_route=%2Fwp%2Fv2%2Fcomments&post=187899"}],"version-history":[{"count":0,"href":"https:\/\/www.diarioimagen.net\/index.php?rest_route=\/wp\/v2\/posts\/187899\/revisions"}],"wp:featuredmedia":[{"embeddable":true,"href":"https:\/\/www.diarioimagen.net\/index.php?rest_route=\/wp\/v2\/media\/187902"}],"wp:attachment":[{"href":"https:\/\/www.diarioimagen.net\/index.php?rest_route=%2Fwp%2Fv2%2Fmedia&parent=187899"}],"wp:term":[{"taxonomy":"category","embeddable":true,"href":"https:\/\/www.diarioimagen.net\/index.php?rest_route=%2Fwp%2Fv2%2Fcategories&post=187899"},{"taxonomy":"post_tag","embeddable":true,"href":"https:\/\/www.diarioimagen.net\/index.php?rest_route=%2Fwp%2Fv2%2Ftags&post=187899"}],"curies":[{"name":"wp","href":"https:\/\/api.w.org\/{rel}","templated":true}]}}