{"id":187916,"date":"2014-09-03T00:04:07","date_gmt":"2014-09-03T05:04:07","guid":{"rendered":"http:\/\/www.diarioimagen.net\/?p=187916"},"modified":"2014-09-04T03:30:45","modified_gmt":"2014-09-04T08:30:45","slug":"diputados-aprueban-su-calendario-legislativo","status":"publish","type":"post","link":"https:\/\/www.diarioimagen.net\/?p=187916","title":{"rendered":"Diputados aprueban su calendario legislativo"},"content":{"rendered":"<ul>\n<li><strong><em>Establece como fecha l\u00edmite para aprobar la Ley de Ingresos el 20 de octubre y el proyecto de Presupuesto el 15 de noviembre<\/em><\/strong><\/li>\n<\/ul>\n<div id=\"attachment_187963\" style=\"width: 250px\" class=\"wp-caption alignleft\"><a href=\"http:\/\/www.diarioimagen.net\/wp-content\/uploads\/2014\/09\/diputados-2435.jpg\"><img loading=\"lazy\" decoding=\"async\" aria-describedby=\"caption-attachment-187963\" class=\"size-medium wp-image-187963\" src=\"http:\/\/www.diarioimagen.net\/wp-content\/uploads\/2014\/09\/diputados-2435-240x135.jpg\" alt=\"La C\u00e1mara de Diputados aprob\u00f3 el calendario legislativo de su primer periodo de sesiones del tercer a\u00f1o de gobierno.\" width=\"240\" height=\"135\" srcset=\"https:\/\/www.diarioimagen.net\/wp-content\/uploads\/2014\/09\/diputados-2435-240x135.jpg 240w, https:\/\/www.diarioimagen.net\/wp-content\/uploads\/2014\/09\/diputados-2435-420x236.jpg 420w, https:\/\/www.diarioimagen.net\/wp-content\/uploads\/2014\/09\/diputados-2435-235x132.jpg 235w, https:\/\/www.diarioimagen.net\/wp-content\/uploads\/2014\/09\/diputados-2435-202x114.jpg 202w, https:\/\/www.diarioimagen.net\/wp-content\/uploads\/2014\/09\/diputados-2435-350x196.jpg 350w, https:\/\/www.diarioimagen.net\/wp-content\/uploads\/2014\/09\/diputados-2435-220x123.jpg 220w, https:\/\/www.diarioimagen.net\/wp-content\/uploads\/2014\/09\/diputados-2435-237x132.jpg 237w, https:\/\/www.diarioimagen.net\/wp-content\/uploads\/2014\/09\/diputados-2435.jpg 480w\" sizes=\"auto, (max-width: 240px) 100vw, 240px\" \/><\/a><p id=\"caption-attachment-187963\" class=\"wp-caption-text\">La C\u00e1mara de Diputados aprob\u00f3 el calendario legislativo de su primer periodo de sesiones del tercer a\u00f1o de gobierno.<\/p><\/div>\n<p>La C\u00e1mara de Diputados aprob\u00f3 en votaci\u00f3n econ\u00f3mica su calendario legislativo del primer periodo de sesiones ordinarias del Tercer A\u00f1o de Ejercicio de la LXII Legislatura que constar\u00e1 de 35 reuniones de trabajo, que comenz\u00f3 el 1 de septiembre y concluir\u00e1 el 15 de diciembre de 2014.<\/p>\n<p>Asimismo, se establece como fecha l\u00edmite para aprobar la Ley de Ingresos el 20 de octubre, y el proyecto de Presupuesto el 15 de noviembre, se inform\u00f3 en un comunicado de la C\u00e1mara de Diputados.<\/p>\n<p>Conforme al acuerdo de la Conferencia para la Direcci\u00f3n y Programaci\u00f3n de los Trabajos Legislativos las sesiones ser\u00e1n los martes y jueves de cada semana; sin embargo, podr\u00e1n realizarse en d\u00edas diferentes a los se\u00f1alados cuando as\u00ed se determine.<\/p>\n<p>Para el mes de septiembre las sesiones ser\u00e1n los d\u00edas: 1 (Congreso General) ; 2, 4, 9, 10 (comparecencia del titular de la Secretar\u00eda de Hacienda y Cr\u00e9dito P\u00fablico) , 11, 17, 18, 23, 25 y 30.<\/p>\n<p>En octubre, los d\u00edas 2, 7, 9, 14, 16, 21, 23, 28 y 30. Tambi\u00e9n establece el d\u00eda 20 como fecha l\u00edmite para aprobar la Ley de Ingresos de la Federaci\u00f3n 2015.<\/p>\n<p>En este mismo mes habr\u00e1 tres sesiones solemnes la primera de ellas el jueves 9, con motivo de la entrega de la Medalla al M\u00e9rito C\u00edvico \u201cEduardo Neri, Legisladores de 1913\u201d ; el martes 21, por el Bicentenario de la Promulgaci\u00f3n de la Constituci\u00f3n de Apatzing\u00e1n.<\/p>\n<p>El jueves 30 de octubre. por la entrega de la Medalla al M\u00e9rito Cooperativista y la Econom\u00eda Social \u201cGuillermo \u00c1lvarez Mac\u00edas 2014\u201d .<\/p>\n<p>Durante noviembre, las sesiones se desarrollar\u00e1n los d\u00edas 4, 6, 11, 13, 19, 20, 25 y 27. Adicionalmente, se instituye el d\u00eda 15 como fecha l\u00edmite para aprobar el Presupuesto de Egresos de la Federaci\u00f3n 2015.<\/p>\n<p>Tambi\u00e9n prev\u00e9 una sesi\u00f3n solemne el 20 noviembre con motivo del Centenario del Natalicio de Jos\u00e9 Revueltas.<\/p>\n<p>En diciembre, las sesiones ordinarias ser\u00e1n los d\u00edas 2, 4, 9, 11 y el d\u00eda 15, posible sesi\u00f3n de clausura.<\/p>\n<p>Seg\u00fan el calendario aprobado, el 16 de septiembre y el 17 de noviembre (en conmemoraci\u00f3n del 20 de noviembre) , se establecen como d\u00edas de descanso obligatorio.<\/p>\n<p>Adem\u00e1s, precisa que la Conferencia determinar\u00e1 lo conducente en caso de que la din\u00e1mica de los trabajos legislativos haga necesaria la modificaci\u00f3n del calendario.<\/p>\n","protected":false},"excerpt":{"rendered":"<p>La C\u00e1mara de Diputados aprob\u00f3 en votaci\u00f3n econ\u00f3mica su calendario legislativo del primer periodo de sesiones ordinarias del Tercer A\u00f1o de Ejercicio de la LXII Legislatura que constar\u00e1 de 35 reuniones de trabajo, que comenz\u00f3 el 1 de septiembre y concluir\u00e1 el 15 de diciembre de 2014.<\/p>\n","protected":false},"author":3,"featured_media":187963,"comment_status":"open","ping_status":"open","sticky":false,"template":"","format":"standard","meta":{"_monsterinsights_skip_tracking":false,"_monsterinsights_sitenote_active":false,"_monsterinsights_sitenote_note":"","_monsterinsights_sitenote_category":0,"footnotes":""},"categories":[3],"tags":[98,43673],"class_list":["post-187916","post","type-post","status-publish","format-standard","has-post-thumbnail","hentry","category-nacional","tag-camara-de-diputados","tag-nacional"],"_links":{"self":[{"href":"https:\/\/www.diarioimagen.net\/index.php?rest_route=\/wp\/v2\/posts\/187916","targetHints":{"allow":["GET"]}}],"collection":[{"href":"https:\/\/www.diarioimagen.net\/index.php?rest_route=\/wp\/v2\/posts"}],"about":[{"href":"https:\/\/www.diarioimagen.net\/index.php?rest_route=\/wp\/v2\/types\/post"}],"author":[{"embeddable":true,"href":"https:\/\/www.diarioimagen.net\/index.php?rest_route=\/wp\/v2\/users\/3"}],"replies":[{"embeddable":true,"href":"https:\/\/www.diarioimagen.net\/index.php?rest_route=%2Fwp%2Fv2%2Fcomments&post=187916"}],"version-history":[{"count":0,"href":"https:\/\/www.diarioimagen.net\/index.php?rest_route=\/wp\/v2\/posts\/187916\/revisions"}],"wp:featuredmedia":[{"embeddable":true,"href":"https:\/\/www.diarioimagen.net\/index.php?rest_route=\/wp\/v2\/media\/187963"}],"wp:attachment":[{"href":"https:\/\/www.diarioimagen.net\/index.php?rest_route=%2Fwp%2Fv2%2Fmedia&parent=187916"}],"wp:term":[{"taxonomy":"category","embeddable":true,"href":"https:\/\/www.diarioimagen.net\/index.php?rest_route=%2Fwp%2Fv2%2Fcategories&post=187916"},{"taxonomy":"post_tag","embeddable":true,"href":"https:\/\/www.diarioimagen.net\/index.php?rest_route=%2Fwp%2Fv2%2Ftags&post=187916"}],"curies":[{"name":"wp","href":"https:\/\/api.w.org\/{rel}","templated":true}]}}