{"id":187998,"date":"2014-09-03T12:56:45","date_gmt":"2014-09-03T17:56:45","guid":{"rendered":"http:\/\/www.diarioimagen.net\/?p=187998"},"modified":"2014-09-04T03:31:31","modified_gmt":"2014-09-04T08:31:31","slug":"puebla-y-durango-los-primeros-que-implementaran-el-sistema-acusatorio","status":"publish","type":"post","link":"https:\/\/www.diarioimagen.net\/?p=187998","title":{"rendered":"Puebla y Durango, los primeros que implementar\u00e1n el sistema acusatorio"},"content":{"rendered":"<ul>\n<li><em><strong>El Poder Judicial Federal, la PGR y la Segob solicitar\u00e1n al Congreso emita la declaratoria de vigencia gradual del C\u00f3digo Nacional de Procedimientos Penales<\/strong><\/em><\/li>\n<\/ul>\n<div id=\"attachment_187999\" style=\"width: 250px\" class=\"wp-caption alignleft\"><img loading=\"lazy\" decoding=\"async\" aria-describedby=\"caption-attachment-187999\" class=\"size-medium wp-image-187999\" src=\"http:\/\/www.diarioimagen.net\/wp-content\/uploads\/2014\/09\/SISTEMA-portal-240x135.jpg\" alt=\"De acuerdo con el comisionado nacional de seguridad, Monte Alejandro Rubido Garc\u00eda, se pretende que a finales de este 2014 el sistema acusatorio sea una realidad en Puebla y Durango.\" width=\"240\" height=\"135\" srcset=\"https:\/\/www.diarioimagen.net\/wp-content\/uploads\/2014\/09\/SISTEMA-portal-240x135.jpg 240w, https:\/\/www.diarioimagen.net\/wp-content\/uploads\/2014\/09\/SISTEMA-portal-420x236.jpg 420w, https:\/\/www.diarioimagen.net\/wp-content\/uploads\/2014\/09\/SISTEMA-portal-235x132.jpg 235w, https:\/\/www.diarioimagen.net\/wp-content\/uploads\/2014\/09\/SISTEMA-portal-202x114.jpg 202w, https:\/\/www.diarioimagen.net\/wp-content\/uploads\/2014\/09\/SISTEMA-portal-350x196.jpg 350w, https:\/\/www.diarioimagen.net\/wp-content\/uploads\/2014\/09\/SISTEMA-portal-220x123.jpg 220w, https:\/\/www.diarioimagen.net\/wp-content\/uploads\/2014\/09\/SISTEMA-portal-237x132.jpg 237w, https:\/\/www.diarioimagen.net\/wp-content\/uploads\/2014\/09\/SISTEMA-portal.jpg 480w\" sizes=\"auto, (max-width: 240px) 100vw, 240px\" \/><p id=\"caption-attachment-187999\" class=\"wp-caption-text\">De acuerdo con el comisionado nacional de seguridad, Monte Alejandro Rubido Garc\u00eda, se pretende que a finales de este 2014 el sistema acusatorio sea una realidad en Puebla y Durango.<\/p><\/div>\n<p>Puebla y Durango ser\u00e1n los primeros estados del pa\u00eds en donde comenzar\u00e1 a implementarse el nuevo sistema de justicia penal acusatorio.<\/p>\n<p>Con ese prop\u00f3sito, el Poder Judicial Federal, la PGR y la Secretar\u00eda de Gobernaci\u00f3n solicitar\u00e1n hoy al Congreso de la Uni\u00f3n emita la declaratoria de vigencia gradual del C\u00f3digo Nacional de Procedimientos Penales.<\/p>\n<p>De acuerdo con el comisionado nacional de seguridad, Monte Alejandro Rubido Garc\u00eda, se pretende que a finales de este 2014 el sistema acusatorio sea una realidad en Puebla y Durango.<\/p>\n","protected":false},"excerpt":{"rendered":"<p>Puebla y Durango ser\u00e1n los primeros estados del pa\u00eds en donde comenzar\u00e1 a implementarse el nuevo sistema de justicia penal acusatorio.<\/p>\n","protected":false},"author":5,"featured_media":187999,"comment_status":"open","ping_status":"open","sticky":false,"template":"","format":"standard","meta":{"_monsterinsights_skip_tracking":false,"_monsterinsights_sitenote_active":false,"_monsterinsights_sitenote_note":"","_monsterinsights_sitenote_category":0,"footnotes":""},"categories":[17,3],"tags":[],"class_list":["post-187998","post","type-post","status-publish","format-standard","has-post-thumbnail","hentry","category-especiales","category-nacional"],"_links":{"self":[{"href":"https:\/\/www.diarioimagen.net\/index.php?rest_route=\/wp\/v2\/posts\/187998","targetHints":{"allow":["GET"]}}],"collection":[{"href":"https:\/\/www.diarioimagen.net\/index.php?rest_route=\/wp\/v2\/posts"}],"about":[{"href":"https:\/\/www.diarioimagen.net\/index.php?rest_route=\/wp\/v2\/types\/post"}],"author":[{"embeddable":true,"href":"https:\/\/www.diarioimagen.net\/index.php?rest_route=\/wp\/v2\/users\/5"}],"replies":[{"embeddable":true,"href":"https:\/\/www.diarioimagen.net\/index.php?rest_route=%2Fwp%2Fv2%2Fcomments&post=187998"}],"version-history":[{"count":0,"href":"https:\/\/www.diarioimagen.net\/index.php?rest_route=\/wp\/v2\/posts\/187998\/revisions"}],"wp:featuredmedia":[{"embeddable":true,"href":"https:\/\/www.diarioimagen.net\/index.php?rest_route=\/wp\/v2\/media\/187999"}],"wp:attachment":[{"href":"https:\/\/www.diarioimagen.net\/index.php?rest_route=%2Fwp%2Fv2%2Fmedia&parent=187998"}],"wp:term":[{"taxonomy":"category","embeddable":true,"href":"https:\/\/www.diarioimagen.net\/index.php?rest_route=%2Fwp%2Fv2%2Fcategories&post=187998"},{"taxonomy":"post_tag","embeddable":true,"href":"https:\/\/www.diarioimagen.net\/index.php?rest_route=%2Fwp%2Fv2%2Ftags&post=187998"}],"curies":[{"name":"wp","href":"https:\/\/api.w.org\/{rel}","templated":true}]}}