{"id":188041,"date":"2014-09-04T00:13:00","date_gmt":"2014-09-04T05:13:00","guid":{"rendered":"http:\/\/www.diarioimagen.net\/?p=188041"},"modified":"2014-09-04T02:51:07","modified_gmt":"2014-09-04T07:51:07","slug":"investigan-accidente-aereo-a-fondo","status":"publish","type":"post","link":"https:\/\/www.diarioimagen.net\/?p=188041","title":{"rendered":"Investigan accidente a\u00e9reo a fondo"},"content":{"rendered":"<h2>Arco Norte<\/h2>\n<h5>Jos\u00e9 Luis Monta\u00f1ez Aguilar<\/h5>\n<p>&nbsp;<\/p>\n<div id=\"attachment_188107\" style=\"width: 250px\" class=\"wp-caption alignleft\"><a href=\"http:\/\/www.diarioimagen.net\/wp-content\/uploads\/2014\/09\/arco-2436.jpg\"><img loading=\"lazy\" decoding=\"async\" aria-describedby=\"caption-attachment-188107\" class=\"size-medium wp-image-188107\" src=\"http:\/\/www.diarioimagen.net\/wp-content\/uploads\/2014\/09\/arco-2436-240x135.jpg\" alt=\"En el marco de la conmemoraci\u00f3n del 35 Aniversario de la Hermandad entre la Prefectura de Saitama y el Estado de M\u00e9xico, los gobernadores de ambas entidades, Kiyoshi Ueda y Eruviel \u00c1vila Villegas, respectivamente, reiteraron su compromiso de continuar fortaleciendo sus lazos de hermandad, impulsando acciones como el intercambio entre estudiantes y docentes.\" width=\"240\" height=\"135\" srcset=\"https:\/\/www.diarioimagen.net\/wp-content\/uploads\/2014\/09\/arco-2436-240x135.jpg 240w, https:\/\/www.diarioimagen.net\/wp-content\/uploads\/2014\/09\/arco-2436-420x236.jpg 420w, https:\/\/www.diarioimagen.net\/wp-content\/uploads\/2014\/09\/arco-2436-235x132.jpg 235w, https:\/\/www.diarioimagen.net\/wp-content\/uploads\/2014\/09\/arco-2436-202x114.jpg 202w, https:\/\/www.diarioimagen.net\/wp-content\/uploads\/2014\/09\/arco-2436-350x196.jpg 350w, https:\/\/www.diarioimagen.net\/wp-content\/uploads\/2014\/09\/arco-2436-220x123.jpg 220w, https:\/\/www.diarioimagen.net\/wp-content\/uploads\/2014\/09\/arco-2436-237x132.jpg 237w, https:\/\/www.diarioimagen.net\/wp-content\/uploads\/2014\/09\/arco-2436.jpg 480w\" sizes=\"auto, (max-width: 240px) 100vw, 240px\" \/><\/a><p id=\"caption-attachment-188107\" class=\"wp-caption-text\">En el marco de la conmemoraci\u00f3n del 35 Aniversario de la Hermandad entre la Prefectura de Saitama y el Estado de M\u00e9xico, los gobernadores de ambas entidades, Kiyoshi Ueda y Eruviel \u00c1vila Villegas, respectivamente, reiteraron su compromiso de continuar fortaleciendo sus lazos de hermandad, impulsando acciones como el intercambio entre estudiantes y docentes.<\/p><\/div>\n<p>En el marco de la conmemoraci\u00f3n del 35 aniversario de la Hermandad entre la Prefectura de Saitama y el Estado de M\u00e9xico, el gobernador Eruviel \u00c1vila Villegas inform\u00f3 que sobre el accidente en el helic\u00f3ptero Augusta A109S Grand, con matr\u00edcula XC-ALM, perteneciente a la Coordinaci\u00f3n de Servicios A\u00e9reos del Estado de M\u00e9xico, la administraci\u00f3n estatal colabora con la Direcci\u00f3n de Aeron\u00e1utica Civil, as\u00ed como de los peritajes que realiza la Procuradur\u00eda General de la Rep\u00fablica (PGR) y la Procuradur\u00eda General de Justicia del Estado de M\u00e9xico (PGJEM), y que ya se ha localizado la caja negra, que permitir\u00e1 conocer las causas que originaron el accidente. \u201cHoy quiero, si ustedes me permiten, expresarles a sus familias, a toda la corporaci\u00f3n de servicios a\u00e9reos, a los pilotos, nuestra solidaridad, nuestro cari\u00f1o, nuestro respeto. Murieron en servicio, murieron sirviendo al Estado de M\u00e9xico, por eso mi gratitud, mi reconocimiento\u201d, expres\u00f3 el gobernador mexiquense. En el Sal\u00f3n del Pueblo de Palacio de Gobierno, en Toluca, y luego de guardar un minuto de silencio, Eruviel \u00c1vila expres\u00f3 sus condolencias, respeto y solidaridad a las familias del piloto Rommel Portillo Cervio y del copiloto Gerardo \u00c1valos Garc\u00eda, quienes fallecieron en este percance. Ayer, la Coordinaci\u00f3n de Servicios A\u00e9reos del Gobierno del Estado de M\u00e9xico report\u00f3 que a las 18:25 horas se registr\u00f3 el extrav\u00edo de la nave, misma que a las 20:15 fue localizada por un helic\u00f3ptero del agrupamiento Rel\u00e1mpagos, a 8 kil\u00f3metros del Aeropuerto de Toluca, a la altura del paraje La Mojonera, cerro La Ver\u00f3nica, en el municipio de Lerma.<\/p>\n<p><em><a href=\"mailto:montanezaguilar@gmail.com\" target=\"_blank\">montanezaguilar@gmail.com<\/a><\/em><\/p>\n","protected":false},"excerpt":{"rendered":"<p><span style=\"color: #005497;\"><strong>Jos\u00e9 Luis Monta\u00f1ez Aguilar<\/strong><\/span><br \/>\n<br \/>\nEn el marco de la conmemoraci\u00f3n del 35 aniversario de la Hermandad entre la Prefectura de Saitama y el Estado de M\u00e9xico, el gobernador Eruviel \u00c1vila Villegas inform\u00f3 que sobre el accidente en el helic\u00f3ptero Augusta A109S Grand, con matr\u00edcula XC-ALM, perteneciente a la Coordinaci\u00f3n de Servicios A\u00e9reos del Estado de M\u00e9xico, la administraci\u00f3n estatal colabora con la Direcci\u00f3n de Aeron\u00e1utica Civil, as\u00ed como de los peritajes que realiza la Procuradur\u00eda General de la Rep\u00fablica (PGR) y la Procuradur\u00eda General de Justicia del Estado de M\u00e9xico (PGJEM), y que ya se ha localizado la caja negra, que permitir\u00e1 conocer las causas que originaron el accidente.<\/p>\n","protected":false},"author":3,"featured_media":188107,"comment_status":"open","ping_status":"open","sticky":false,"template":"","format":"standard","meta":{"_monsterinsights_skip_tracking":false,"_monsterinsights_sitenote_active":false,"_monsterinsights_sitenote_note":"","_monsterinsights_sitenote_category":0,"footnotes":""},"categories":[5],"tags":[13284,5828,43704,43674],"class_list":["post-188041","post","type-post","status-publish","format-standard","has-post-thumbnail","hentry","category-estado-de-mexico","tag-arco-norte","tag-eruviel-avila-villegas","tag-jose-luis-montanez-aguilar","tag-opinion"],"_links":{"self":[{"href":"https:\/\/www.diarioimagen.net\/index.php?rest_route=\/wp\/v2\/posts\/188041","targetHints":{"allow":["GET"]}}],"collection":[{"href":"https:\/\/www.diarioimagen.net\/index.php?rest_route=\/wp\/v2\/posts"}],"about":[{"href":"https:\/\/www.diarioimagen.net\/index.php?rest_route=\/wp\/v2\/types\/post"}],"author":[{"embeddable":true,"href":"https:\/\/www.diarioimagen.net\/index.php?rest_route=\/wp\/v2\/users\/3"}],"replies":[{"embeddable":true,"href":"https:\/\/www.diarioimagen.net\/index.php?rest_route=%2Fwp%2Fv2%2Fcomments&post=188041"}],"version-history":[{"count":0,"href":"https:\/\/www.diarioimagen.net\/index.php?rest_route=\/wp\/v2\/posts\/188041\/revisions"}],"wp:featuredmedia":[{"embeddable":true,"href":"https:\/\/www.diarioimagen.net\/index.php?rest_route=\/wp\/v2\/media\/188107"}],"wp:attachment":[{"href":"https:\/\/www.diarioimagen.net\/index.php?rest_route=%2Fwp%2Fv2%2Fmedia&parent=188041"}],"wp:term":[{"taxonomy":"category","embeddable":true,"href":"https:\/\/www.diarioimagen.net\/index.php?rest_route=%2Fwp%2Fv2%2Fcategories&post=188041"},{"taxonomy":"post_tag","embeddable":true,"href":"https:\/\/www.diarioimagen.net\/index.php?rest_route=%2Fwp%2Fv2%2Ftags&post=188041"}],"curies":[{"name":"wp","href":"https:\/\/api.w.org\/{rel}","templated":true}]}}