{"id":188192,"date":"2014-09-05T00:06:04","date_gmt":"2014-09-05T05:06:04","guid":{"rendered":"http:\/\/www.diarioimagen.net\/?p=188192"},"modified":"2014-09-08T03:44:38","modified_gmt":"2014-09-08T08:44:38","slug":"eruviel-avila-reconoce-alza-en-planes-sociales-para-estado-de-mexico","status":"publish","type":"post","link":"https:\/\/www.diarioimagen.net\/?p=188192","title":{"rendered":"Eruviel \u00c1vila reconoce alza en planes sociales para Estado de M\u00e9xico"},"content":{"rendered":"<ul>\n<li><strong><em>Durante la actual administraci\u00f3n las acciones federales benefician a alrededor de 74 mil familias mexiquenses, destaca el gobernador<\/em><\/strong><\/li>\n<\/ul>\n<div id=\"attachment_188242\" style=\"width: 250px\" class=\"wp-caption alignleft\"><a href=\"http:\/\/www.diarioimagen.net\/wp-content\/uploads\/2014\/09\/eruviel-2437.jpg\"><img loading=\"lazy\" decoding=\"async\" aria-describedby=\"caption-attachment-188242\" class=\"size-medium wp-image-188242\" src=\"http:\/\/www.diarioimagen.net\/wp-content\/uploads\/2014\/09\/eruviel-2437-240x135.jpg\" alt=\"Durante la presentaci\u00f3n del programa Prospera, que ofrecer\u00e1 apoyo en nutrici\u00f3n, cobertura m\u00e9dica y en materia educativa, as\u00ed como becas para estudios universitarios,el gobernador Eruviel \u00c1vila Villegas indic\u00f3 que en el territorio mexiquense se cuenta con 54 mil nuevos beneficiarios de lecher\u00edas Liconsa; se ha incrementado la inversi\u00f3n a pueblos ind\u00edgenas, que pas\u00f3 de 273 millones a 804 millones de pesos y 524 mil adultos mayores reciben una pensi\u00f3n de forma permanente.\" width=\"240\" height=\"135\" srcset=\"https:\/\/www.diarioimagen.net\/wp-content\/uploads\/2014\/09\/eruviel-2437-240x135.jpg 240w, https:\/\/www.diarioimagen.net\/wp-content\/uploads\/2014\/09\/eruviel-2437-420x236.jpg 420w, https:\/\/www.diarioimagen.net\/wp-content\/uploads\/2014\/09\/eruviel-2437-480x270.jpg 480w, https:\/\/www.diarioimagen.net\/wp-content\/uploads\/2014\/09\/eruviel-2437-235x132.jpg 235w, https:\/\/www.diarioimagen.net\/wp-content\/uploads\/2014\/09\/eruviel-2437-202x114.jpg 202w, https:\/\/www.diarioimagen.net\/wp-content\/uploads\/2014\/09\/eruviel-2437-350x196.jpg 350w, https:\/\/www.diarioimagen.net\/wp-content\/uploads\/2014\/09\/eruviel-2437-220x123.jpg 220w, https:\/\/www.diarioimagen.net\/wp-content\/uploads\/2014\/09\/eruviel-2437-237x132.jpg 237w, https:\/\/www.diarioimagen.net\/wp-content\/uploads\/2014\/09\/eruviel-2437.jpg 700w\" sizes=\"auto, (max-width: 240px) 100vw, 240px\" \/><\/a><p id=\"caption-attachment-188242\" class=\"wp-caption-text\">Durante la presentaci\u00f3n del programa Prospera, que ofrecer\u00e1 apoyo en nutrici\u00f3n, cobertura m\u00e9dica y en materia educativa, as\u00ed como becas para estudios universitarios,el gobernador Eruviel \u00c1vila Villegas indic\u00f3 que en el territorio mexiquense se cuenta con 54 mil nuevos beneficiarios de lecher\u00edas Liconsa; se ha incrementado la inversi\u00f3n a pueblos ind\u00edgenas, que pas\u00f3 de 273 millones a 804 millones de pesos y 524 mil adultos mayores reciben una pensi\u00f3n de forma permanente.<\/p><\/div>\n<p><strong>Ecatepec, Estado de M\u00e9xico<\/strong>.- En la presentaci\u00f3n del Programa Prospera, el gobernador Eruviel \u00c1vila Villegas reconoci\u00f3 al Presidente de la Rep\u00fablica Enrique Pe\u00f1a Nieto el apoyo del gobierno federal a la poblaci\u00f3n vulnerable en el Estado de M\u00e9xico, a trav\u00e9s de diversos programas sociales que se han duplicado y triplicado para beneficio de ind\u00edgenas y adultos mayores, entre otros.<\/p>\n<p>\u201cHoy siguen las buenas noticias, hoy le agradecemos al se\u00f1or presidente que haya escogido al Estado de M\u00e9xico y, especialmente haya escogido esta tierra noble, trabajadora de Ecatepec, para anunciar un importante programa social de todo el pa\u00eds, Prospera, este programa que habr\u00e1 de darle, precisamente, a la gente prosperidad, desarrollo, \u00e9xito, le agradecemos mucho, se\u00f1or Presidente y, tambi\u00e9n, le queremos agradecer porque en este tiempo que lleva usted de Presidente de la Rep\u00fablica, casi dos a\u00f1os, se han incrementado en m\u00e1s de 74 mil familias los beneficiarios del entonces programa oportunidades\u201d.<\/p>\n<p>Eruviel \u00c1vila destac\u00f3 que gracias a la pol\u00edtica social del gobierno de la Rep\u00fablica, hoy el Estado de M\u00e9xico cuenta con 62 nuevas lecher\u00edas Liconsa y 54 mil nuevos beneficiados con este programa; 191 nuevas tiendas Diconsa; 102 mil familias en situaci\u00f3n vulnerable reciben una tarjeta de descuentos para adquirir productos de la canasta b\u00e1sica; mediante la Comisi\u00f3n Nacional para el Desarrollo de los Pueblos Ind\u00edgenas, casi se ha triplicado la inversi\u00f3n en este sector, al pasar de 273 millones a 804 millones de pesos; reciben pensi\u00f3n de manera permanente m\u00e1s de 524 mil adultos mayores, y se contribuye a la alimentaci\u00f3n de m\u00e1s de 100 mil mexiquenses a trav\u00e9s de 984 comedores comunitarios, la meta es contar con 2 mil establecimientos de este tipo.<\/p>\n<p>Destac\u00f3 que esta es la visita n\u00famero 27 del presidente Enrique Pe\u00f1a al Estado de M\u00e9xico, durante los 21 meses que lleva al frente del Ejecutivo federal, a quien reiter\u00f3 su compromiso de seguir trabajando en equipo, en proyectos como el nuevo aeropuerto de la ciudad de M\u00e9xico, obra que dijo, impulsar\u00e1 el desarrollo de la zona oriente de la entidad.<\/p>\n<p>Luego de firmar el decreto para la creaci\u00f3n de la Coordinaci\u00f3n Nacional de Prospera, el presidente Enrique Pe\u00f1a Nieto resalt\u00f3 que este programa dar\u00e1 nuevos beneficios en materia educativa, salud y nutrici\u00f3n, entre los que destac\u00f3 la entrega de becas para estudios universitarios donde se otorgar\u00e1n est\u00edmulos de casi 5 mil pesos, adem\u00e1s de dar facilidades para afiliarse al Seguro Popular o Seguro Siglo XXI, y las mujeres embarazadas o en per\u00edodo de lactancia y ni\u00f1os de seis meses a cinco a\u00f1os recibir\u00e1n nuevos suplementos alimenticios, as\u00ed como el derecho de audiencia, en caso de que se les quiera negar seguir recibiendo el beneficio del programa.<\/p>\n<p>Agreg\u00f3 que los beneficiarios\u00a0 contar\u00e1n con nuevas herramientas y apoyos para actividades productivas que les den mayores ingresos que les permitan salir de la pobreza, as\u00ed como el acceso a 15 programas productivos y servicios financieros con cr\u00e9ditos a tasa preferencial.<\/p>\n","protected":false},"excerpt":{"rendered":"<p>En la presentaci\u00f3n del Programa Prospera, el gobernador Eruviel \u00c1vila Villegas reconoci\u00f3 al Presidente de la Rep\u00fablica Enrique Pe\u00f1a Nieto el apoyo del gobierno federal a la poblaci\u00f3n vulnerable en el Estado de M\u00e9xico, a trav\u00e9s de diversos programas sociales que se han duplicado y triplicado para beneficio de ind\u00edgenas y adultos mayores, entre otros.<\/p>\n","protected":false},"author":3,"featured_media":188242,"comment_status":"open","ping_status":"open","sticky":false,"template":"","format":"standard","meta":{"_monsterinsights_skip_tracking":false,"_monsterinsights_sitenote_active":false,"_monsterinsights_sitenote_note":"","_monsterinsights_sitenote_category":0,"footnotes":""},"categories":[5],"tags":[454,5828,43675],"class_list":["post-188192","post","type-post","status-publish","format-standard","has-post-thumbnail","hentry","category-estado-de-mexico","tag-ecatepec","tag-eruviel-avila-villegas","tag-estado-de-mexico"],"_links":{"self":[{"href":"https:\/\/www.diarioimagen.net\/index.php?rest_route=\/wp\/v2\/posts\/188192","targetHints":{"allow":["GET"]}}],"collection":[{"href":"https:\/\/www.diarioimagen.net\/index.php?rest_route=\/wp\/v2\/posts"}],"about":[{"href":"https:\/\/www.diarioimagen.net\/index.php?rest_route=\/wp\/v2\/types\/post"}],"author":[{"embeddable":true,"href":"https:\/\/www.diarioimagen.net\/index.php?rest_route=\/wp\/v2\/users\/3"}],"replies":[{"embeddable":true,"href":"https:\/\/www.diarioimagen.net\/index.php?rest_route=%2Fwp%2Fv2%2Fcomments&post=188192"}],"version-history":[{"count":0,"href":"https:\/\/www.diarioimagen.net\/index.php?rest_route=\/wp\/v2\/posts\/188192\/revisions"}],"wp:featuredmedia":[{"embeddable":true,"href":"https:\/\/www.diarioimagen.net\/index.php?rest_route=\/wp\/v2\/media\/188242"}],"wp:attachment":[{"href":"https:\/\/www.diarioimagen.net\/index.php?rest_route=%2Fwp%2Fv2%2Fmedia&parent=188192"}],"wp:term":[{"taxonomy":"category","embeddable":true,"href":"https:\/\/www.diarioimagen.net\/index.php?rest_route=%2Fwp%2Fv2%2Fcategories&post=188192"},{"taxonomy":"post_tag","embeddable":true,"href":"https:\/\/www.diarioimagen.net\/index.php?rest_route=%2Fwp%2Fv2%2Ftags&post=188192"}],"curies":[{"name":"wp","href":"https:\/\/api.w.org\/{rel}","templated":true}]}}