{"id":188198,"date":"2014-09-05T00:13:34","date_gmt":"2014-09-05T05:13:34","guid":{"rendered":"http:\/\/www.diarioimagen.net\/?p=188198"},"modified":"2014-09-05T02:41:27","modified_gmt":"2014-09-05T07:41:27","slug":"ponderan-beneficios-para-edomex","status":"publish","type":"post","link":"https:\/\/www.diarioimagen.net\/?p=188198","title":{"rendered":"Ponderan beneficios para Edomex"},"content":{"rendered":"<h2>Arco Norte<\/h2>\n<h5>Jos\u00e9 Luis Monta\u00f1ez Aguilar<\/h5>\n<p>&nbsp;<\/p>\n<div id=\"attachment_188246\" style=\"width: 250px\" class=\"wp-caption alignleft\"><a href=\"http:\/\/www.diarioimagen.net\/wp-content\/uploads\/2014\/09\/arco-2437.jpg\"><img loading=\"lazy\" decoding=\"async\" aria-describedby=\"caption-attachment-188246\" class=\"size-medium wp-image-188246\" src=\"http:\/\/www.diarioimagen.net\/wp-content\/uploads\/2014\/09\/arco-2437-240x135.jpg\" alt=\"Durante la presentaci\u00f3n del Programa PROSPERA, el gobernador Eruviel \u00c1vila Villegas reconoci\u00f3 al presidente de la Rep\u00fablica Enrique Pe\u00f1a Nieto el apoyo del gobierno federal a la poblaci\u00f3n vulnerable en el Estado de M\u00e9xico. \" width=\"240\" height=\"135\" srcset=\"https:\/\/www.diarioimagen.net\/wp-content\/uploads\/2014\/09\/arco-2437-240x135.jpg 240w, https:\/\/www.diarioimagen.net\/wp-content\/uploads\/2014\/09\/arco-2437-420x236.jpg 420w, https:\/\/www.diarioimagen.net\/wp-content\/uploads\/2014\/09\/arco-2437-235x132.jpg 235w, https:\/\/www.diarioimagen.net\/wp-content\/uploads\/2014\/09\/arco-2437-202x114.jpg 202w, https:\/\/www.diarioimagen.net\/wp-content\/uploads\/2014\/09\/arco-2437-350x196.jpg 350w, https:\/\/www.diarioimagen.net\/wp-content\/uploads\/2014\/09\/arco-2437-220x123.jpg 220w, https:\/\/www.diarioimagen.net\/wp-content\/uploads\/2014\/09\/arco-2437-237x132.jpg 237w, https:\/\/www.diarioimagen.net\/wp-content\/uploads\/2014\/09\/arco-2437.jpg 480w\" sizes=\"auto, (max-width: 240px) 100vw, 240px\" \/><\/a><p id=\"caption-attachment-188246\" class=\"wp-caption-text\">Durante la presentaci\u00f3n del Programa PROSPERA, el gobernador Eruviel \u00c1vila Villegas reconoci\u00f3 al presidente de la Rep\u00fablica Enrique Pe\u00f1a Nieto el apoyo del gobierno federal a la poblaci\u00f3n vulnerable en el Estado de M\u00e9xico.<\/p><\/div>\n<p>El gobernador del Estado de M\u00e9xico, Eruviel \u00c1vila Villegas, reconoci\u00f3 que gracias a la federaci\u00f3n y el apoyo del presidente Enrique Pe\u00f1a Nieto, la poblaci\u00f3n vulnerable de la entidad cuenta con diversos programas que le benefician, principalmente a los ind\u00edgenas y los adultos mayores.\u00a0El gobernador acudi\u00f3 a la presentaci\u00f3n del programa Prospera, acto que encabez\u00f3 el Presidente de la Rep\u00fablica. \u201cHoy siguen las buenas noticias, hoy le agradecemos al se\u00f1or Presidente que haya escogido al Estado de M\u00e9xico y, especialmente haya escogido esta tierra noble, trabajadora de Ecatepec, para anunciar un importante programa social de todo el pa\u00eds, Prospera, este programa que habr\u00e1 de darle, precisamente, a la gente prosperidad, desarrollo, \u00e9xito, le agradecemos mucho, se\u00f1or Presidente y, tambi\u00e9n, le queremos agradecer porque sus casi dos a\u00f1os de administraci\u00f3n aumentaron en m\u00e1s de 74 mil familias los beneficiarios del entonces programa Oportunidades\u201d, afirm\u00f3. Eruviel \u00c1vila destac\u00f3 que gracias a la pol\u00edtica social del gobierno de la Rep\u00fablica, hoy el Estado de M\u00e9xico cuenta con 62 nuevas lecher\u00edas Liconsa y 54 mil nuevos beneficiados con este programa; 191 nuevas tiendas Diconsa; 102 mil familias en situaci\u00f3n vulnerable reciben una tarjeta de descuentos para adquirir productos b\u00e1sicos; casi se ha triplicado la inversi\u00f3n en apoyo a agrupos \u00e9tnicos, al pasar de 273 millones a 804 millones de pesos; y reciben pensi\u00f3n de manera permanente alrededor de 524 mil adultos mayores.<\/p>\n<p><em><a href=\"mailto:montanezaguilar@gmail.com\" target=\"_blank\">montanezaguilar@gmail.com<\/a><\/em><\/p>\n","protected":false},"excerpt":{"rendered":"<p><span style=\"color: #005497;\"><strong>Jos\u00e9 Luis Monta\u00f1ez Aguilar<\/strong><\/span><br \/>\n<br \/>\nEl gobernador del Estado de M\u00e9xico, Eruviel \u00c1vila Villegas, reconoci\u00f3 que gracias a la federaci\u00f3n y el apoyo del presidente Enrique Pe\u00f1a Nieto, la poblaci\u00f3n vulnerable de la entidad cuenta con diversos programas que le benefician, principalmente a los ind\u00edgenas y los adultos mayores.<\/p>\n","protected":false},"author":3,"featured_media":188246,"comment_status":"open","ping_status":"open","sticky":false,"template":"","format":"standard","meta":{"_monsterinsights_skip_tracking":false,"_monsterinsights_sitenote_active":false,"_monsterinsights_sitenote_note":"","_monsterinsights_sitenote_category":0,"footnotes":""},"categories":[5],"tags":[13284,5828,43704,43674],"class_list":["post-188198","post","type-post","status-publish","format-standard","has-post-thumbnail","hentry","category-estado-de-mexico","tag-arco-norte","tag-eruviel-avila-villegas","tag-jose-luis-montanez-aguilar","tag-opinion"],"_links":{"self":[{"href":"https:\/\/www.diarioimagen.net\/index.php?rest_route=\/wp\/v2\/posts\/188198","targetHints":{"allow":["GET"]}}],"collection":[{"href":"https:\/\/www.diarioimagen.net\/index.php?rest_route=\/wp\/v2\/posts"}],"about":[{"href":"https:\/\/www.diarioimagen.net\/index.php?rest_route=\/wp\/v2\/types\/post"}],"author":[{"embeddable":true,"href":"https:\/\/www.diarioimagen.net\/index.php?rest_route=\/wp\/v2\/users\/3"}],"replies":[{"embeddable":true,"href":"https:\/\/www.diarioimagen.net\/index.php?rest_route=%2Fwp%2Fv2%2Fcomments&post=188198"}],"version-history":[{"count":0,"href":"https:\/\/www.diarioimagen.net\/index.php?rest_route=\/wp\/v2\/posts\/188198\/revisions"}],"wp:featuredmedia":[{"embeddable":true,"href":"https:\/\/www.diarioimagen.net\/index.php?rest_route=\/wp\/v2\/media\/188246"}],"wp:attachment":[{"href":"https:\/\/www.diarioimagen.net\/index.php?rest_route=%2Fwp%2Fv2%2Fmedia&parent=188198"}],"wp:term":[{"taxonomy":"category","embeddable":true,"href":"https:\/\/www.diarioimagen.net\/index.php?rest_route=%2Fwp%2Fv2%2Fcategories&post=188198"},{"taxonomy":"post_tag","embeddable":true,"href":"https:\/\/www.diarioimagen.net\/index.php?rest_route=%2Fwp%2Fv2%2Ftags&post=188198"}],"curies":[{"name":"wp","href":"https:\/\/api.w.org\/{rel}","templated":true}]}}