{"id":188216,"date":"2014-09-05T00:03:49","date_gmt":"2014-09-05T05:03:49","guid":{"rendered":"http:\/\/www.diarioimagen.net\/?p=188216"},"modified":"2014-09-09T02:02:12","modified_gmt":"2014-09-09T07:02:12","slug":"ifai-sme-y-segob","status":"publish","type":"post","link":"https:\/\/www.diarioimagen.net\/?p=188216","title":{"rendered":"IFAI, SME y Segob"},"content":{"rendered":"<h2>Detr\u00e1s del Poder<\/h2>\n<h5>Jos\u00e9 Antonio L\u00f3pez Sosa<\/h5>\n<p>&nbsp;<\/p>\n<p>Se vot\u00f3 el pasado 3 de septiembre en el pleno del IFAI el recurso de revisi\u00f3n expediente 2097\/14, emanado de una solicitud que present\u00e9 ante la Secretar\u00eda de Gobernaci\u00f3n el 13 de marzo de este a\u00f1o.<\/p>\n<p>Solicit\u00e9 en aquel momento, el denominado \u201cAcuerdo Marco\u201d entre el Sindicato Mexicano de Electricistas (SME) y la Secretar\u00eda de Gobernaci\u00f3n, as\u00ed como la lista de ex trabajadores de Luz y Fuerza del Centro que obtendr\u00edan su derecho a jubilarse, de acuerdo con la cl\u00e1usula 64 del Contrato Colectivo, vigente al momento de la extinci\u00f3n de dicho organismo. En el momento que se lleg\u00f3 a ese acuerdo entre las partes, se hizo una difusi\u00f3n medi\u00e1tica del hecho, tanto por parte de Gobernaci\u00f3n como del SME, una muestra de voluntad pol\u00edtica por solucionar de fondo un conflicto que hered\u00f3 la administraci\u00f3n de Felipe Calder\u00f3n.<\/p>\n<p>Considero que el listado deber\u00eda haber sido p\u00fablico por ambas partes, tanto por el SME como por Gobernaci\u00f3n, no hay motivo que impida conocer aquellos ex trabajadores, que de acuerdo a la negociaci\u00f3n, entre los a\u00f1os 2009 y 2013 hab\u00edan cumplido con los requisitos para recibir una cuota de jubilaci\u00f3n vitalicia; sin embargo, ninguno de los entes en cuesti\u00f3n dio a conocer un solo nombre, \u00bfpor qu\u00e9?, es la duda que persiste.<\/p>\n<p>La respuesta a la solicitud por parte de Gobernaci\u00f3n fue declarar como reservada por 6 a\u00f1os dicha informaci\u00f3n, argumentando que darla a conocer irrumpir\u00eda en la paz p\u00fablica y asegurando que el acuerdo ya tomado se encontraba en deliberaci\u00f3n.<\/p>\n<p>En el recurso de revisi\u00f3n al que los ciudadanos tenemos derecho, solicit\u00e9 al IFAI que determinara si proced\u00eda o no reservar esa informaci\u00f3n que desde mi punto de vista, a todas luces debiera ser p\u00fablica.<\/p>\n<p>Los meses transcurrieron, se prorrog\u00f3 la resoluci\u00f3n, pero afortunadamente la ponencia del comisionado Joel Salas Su\u00e1rez propuso revocar la clasificaci\u00f3n, es decir, instruir a Gobernaci\u00f3n a que entregue y haga p\u00fablica la informaci\u00f3n, sobre todo por tratarse de recursos p\u00fablicos que se entregar\u00e1n a ex trabajadores que los recibir\u00e1n como producto de su servicio p\u00fablico durante d\u00e9cadas.<\/p>\n<p>El pleno del IFAI lo aprob\u00f3 por unanimidad y me llam\u00f3 la atenci\u00f3n el comentario del comisionado Francisco Javier Acu\u00f1a Llamas con relaci\u00f3n al tema: \u201cEsta respuesta dada por la Secretar\u00eda de Gobernaci\u00f3n es una pamplina, es una telara\u00f1a de suposiciones peligrosistas que no tienen base jur\u00eddica, por esa raz\u00f3n edificaron una reserva, situalizando, como ya lo dijo y de mejor manera no puede el comisionado Joel Salas\u201d.<\/p>\n<p>Coincido con el comisionado Acu\u00f1a, Gobernaci\u00f3n abusa clasificando informaci\u00f3n con reservas huecas. La labor del comisionado Salas Su\u00e1rez a favor de la transparencia se observa a lo largo de las 73 p\u00e1ginas de la resoluci\u00f3n. Ignoro cu\u00e1l ser\u00e1 la reacci\u00f3n del SME con relaci\u00f3n al tema, ser\u00e1 interesante escucharles.<\/p>\n<p>En esta columna presentaremos dicha informaci\u00f3n cuando hayan transcurrido los plazos legales de entrega que tendr\u00e1 que acatar Gobernaci\u00f3n. El proyecto de resoluci\u00f3n est\u00e1 disponible en\u00a0<a href=\"http:\/\/www.lopezsosa.com\/Jose_Antonio_Lopez_Sosa\/Investigaciones_files\/RDA%202097.pdf\" target=\"_blank\">http:\/\/www.lopezsosa.com\/Jose_Antonio_Lopez_Sosa\/Investigaciones_files\/RDA%202097.pdf<\/a><\/p>\n<p><em><a href=\"mailto:lopez.sosa@mexico.com\" target=\"_blank\">lopez.sosa@mexico.com<\/a><\/em><br \/>\n<em><a href=\"http:\/\/twitter.com\/#%21\/joseantonio1977\" target=\"_blank\">@joseantonio1977<br \/>\n<\/a><a href=\"http:\/\/www.formulaconfidencial.com.mx\/\" target=\"_blank\">www.formulaconfidencial.com.mx<\/a><\/em><\/p>\n","protected":false},"excerpt":{"rendered":"<p><span style=\"color: #005497;\"><strong>Jos\u00e9 Antonio L\u00f3pez Sosa<\/strong><\/span><\/p>\n","protected":false},"author":3,"featured_media":0,"comment_status":"open","ping_status":"open","sticky":false,"template":"","format":"standard","meta":{"_monsterinsights_skip_tracking":false,"_monsterinsights_sitenote_active":false,"_monsterinsights_sitenote_note":"","_monsterinsights_sitenote_category":0,"footnotes":""},"categories":[637],"tags":[638,6745,43690,43674],"class_list":["post-188216","post","type-post","status-publish","format-standard","hentry","category-jose-antonio-lopez-sosa","tag-detras-del-poder","tag-ifai","tag-jose-antonio-lopez-sosa","tag-opinion"],"_links":{"self":[{"href":"https:\/\/www.diarioimagen.net\/index.php?rest_route=\/wp\/v2\/posts\/188216","targetHints":{"allow":["GET"]}}],"collection":[{"href":"https:\/\/www.diarioimagen.net\/index.php?rest_route=\/wp\/v2\/posts"}],"about":[{"href":"https:\/\/www.diarioimagen.net\/index.php?rest_route=\/wp\/v2\/types\/post"}],"author":[{"embeddable":true,"href":"https:\/\/www.diarioimagen.net\/index.php?rest_route=\/wp\/v2\/users\/3"}],"replies":[{"embeddable":true,"href":"https:\/\/www.diarioimagen.net\/index.php?rest_route=%2Fwp%2Fv2%2Fcomments&post=188216"}],"version-history":[{"count":0,"href":"https:\/\/www.diarioimagen.net\/index.php?rest_route=\/wp\/v2\/posts\/188216\/revisions"}],"wp:attachment":[{"href":"https:\/\/www.diarioimagen.net\/index.php?rest_route=%2Fwp%2Fv2%2Fmedia&parent=188216"}],"wp:term":[{"taxonomy":"category","embeddable":true,"href":"https:\/\/www.diarioimagen.net\/index.php?rest_route=%2Fwp%2Fv2%2Fcategories&post=188216"},{"taxonomy":"post_tag","embeddable":true,"href":"https:\/\/www.diarioimagen.net\/index.php?rest_route=%2Fwp%2Fv2%2Ftags&post=188216"}],"curies":[{"name":"wp","href":"https:\/\/api.w.org\/{rel}","templated":true}]}}