{"id":188237,"date":"2014-09-05T00:08:05","date_gmt":"2014-09-05T05:08:05","guid":{"rendered":"http:\/\/www.diarioimagen.net\/?p=188237"},"modified":"2014-09-05T03:02:57","modified_gmt":"2014-09-05T08:02:57","slug":"edil-de-huixquilucan-entrega-un-tractor","status":"publish","type":"post","link":"https:\/\/www.diarioimagen.net\/?p=188237","title":{"rendered":"Edil de Huixquilucan entrega un tractor"},"content":{"rendered":"<ul>\n<li><strong><em>Beneficia a campesinos de la localidad<\/em><\/strong><\/li>\n<\/ul>\n<div id=\"attachment_188271\" style=\"width: 250px\" class=\"wp-caption alignleft\"><a href=\"http:\/\/www.diarioimagen.net\/wp-content\/uploads\/2014\/09\/HUIXQUILUCAN-2437.jpg\"><img loading=\"lazy\" decoding=\"async\" aria-describedby=\"caption-attachment-188271\" class=\"size-medium wp-image-188271\" src=\"http:\/\/www.diarioimagen.net\/wp-content\/uploads\/2014\/09\/HUIXQUILUCAN-2437-240x160.jpg\" alt=\"Huixquilucan anunci\u00f3 el fortalecimiento de su actividad agropecuaria y para simbolizarlo, el alcalde Jos\u00e9 Reynol entreg\u00f3 el primero de los 12 tractores con los que se apoyar\u00e1 esa decisi\u00f3n.\" width=\"240\" height=\"160\" srcset=\"https:\/\/www.diarioimagen.net\/wp-content\/uploads\/2014\/09\/HUIXQUILUCAN-2437-240x160.jpg 240w, https:\/\/www.diarioimagen.net\/wp-content\/uploads\/2014\/09\/HUIXQUILUCAN-2437-420x280.jpg 420w, https:\/\/www.diarioimagen.net\/wp-content\/uploads\/2014\/09\/HUIXQUILUCAN-2437.jpg 700w\" sizes=\"auto, (max-width: 240px) 100vw, 240px\" \/><\/a><p id=\"caption-attachment-188271\" class=\"wp-caption-text\">Huixquilucan anunci\u00f3 el fortalecimiento de su actividad agropecuaria y para simbolizarlo, el alcalde Jos\u00e9 Reynol entreg\u00f3 el primero de los 12 tractores con los que se apoyar\u00e1 esa decisi\u00f3n.<\/p><\/div>\n<p><strong>Huixquilucan, Estado de M\u00e9xico<\/strong>.- Con la finalidad de fortalecer las actividades agropecuarias\u00a0en este municipio, el ayuntamiento encabezado por Jos\u00e9 Reynol Neyra Gonz\u00e1lez entreg\u00f3 un tractor que se suma a los 12 con los que cuenta el municipio para servicio de los productores; adem\u00e1s, 500 familias de comunidades de la zona tradicional recibieron igual n\u00famero de\u00a0Paquetes Av\u00edcolas Familiares,\u00a0con el objetivo de mejorar principalmente su alimentaci\u00f3n y a trav\u00e9s del cuidado de los pollitos, promover la integraci\u00f3n de las familias.<\/p>\n<p>Acompa\u00f1ado de Francisco Dom\u00ednguez Entzana, titular de la d\u00e9cima regidur\u00eda y presidente de la\u00a0Comisi\u00f3n de Fomento Agropecuario y Forestal, as\u00ed como de Jorge Enrique Abud Shedid, director general de Desarrollo Econ\u00f3mico del ayuntamiento y Mar\u00eda del Carmen Carre\u00f1o Garc\u00eda,\u00a0delegada de la Secretar\u00eda de Desarrollo Agropecuario (Sedagro)\u00a0\u00a0de la regi\u00f3n Tepotzotl\u00e1n,\u00a0Jos\u00e9 Reynol\u00a0destac\u00f3 el compromiso de la administraci\u00f3n municipal con los agricultores.<\/p>\n<p>Antes, en la trig\u00e9sima segunda sesi\u00f3n ordinaria del Consejo Municipal para el Desarrollo Rural Sustentable de Huixquilucan y en presencia de representantes de productores, inform\u00f3 que el subsidio del fertilizante al 50 por ciento permanecer\u00e1 durante toda la administraci\u00f3n en beneficio de los campesinos; adem\u00e1s, pidi\u00f3 a los titulares de las dependencias municipales en el ramo,\u00a0fortalecer el sistema de gesti\u00f3n, es decir insistir a\u00fan m\u00e1s para atraer\u00a0m\u00e1s y mejores apoyos para el agro de Huixquilucan.<\/p>\n<p>Indic\u00f3 que lo anterior est\u00e1 justificado, toda vez que el 57 por ciento del territorio municipal es forestal, 20 por ciento es agr\u00edcola y s\u00f3lo el 11 por ciento es urbano, por ello los apoyos al desarrollo agropecuario y forestal son prioridad para la administraci\u00f3n municipal.<\/p>\n<p>Luego de entregar el tractor John Deere y una rastra de 20 discos, el presidente municipal encabez\u00f3 el evento donde se entregaron paquetes de aves de postura, en el que se\u00f1al\u00f3 que aunado a los comedores comunitarios existe un programa denominado F\u00e1brica de Huevos, donde Sedagro adec\u00faa un lugar para el buen cuidado de los pollitos y otorga 12 paquetes por cada comedor a fin de producir huevo de calidad, por lo que dijo buscar\u00e1n que los beneficios de este programa puedan ser aprovechados en beneficio de los huixquiluquenses.<\/p>\n","protected":false},"excerpt":{"rendered":"<p>Beneficia a campesinos de la localidad Huixquilucan, Estado de M\u00e9xico.- Con la finalidad de fortalecer las actividades agropecuarias\u00a0en este municipio, el ayuntamiento encabezado por Jos\u00e9 Reynol Neyra Gonz\u00e1lez entreg\u00f3 un tractor que se suma a los 12 con los que cuenta el municipio para servicio de los productores; adem\u00e1s, 500 familias de comunidades de la [&hellip;]<\/p>\n","protected":false},"author":3,"featured_media":188271,"comment_status":"open","ping_status":"open","sticky":false,"template":"","format":"standard","meta":{"_monsterinsights_skip_tracking":false,"_monsterinsights_sitenote_active":false,"_monsterinsights_sitenote_note":"","_monsterinsights_sitenote_category":0,"footnotes":""},"categories":[5],"tags":[43675,1097,33855],"class_list":["post-188237","post","type-post","status-publish","format-standard","has-post-thumbnail","hentry","category-estado-de-mexico","tag-estado-de-mexico","tag-huixquilucan","tag-jose-reynol-neyra-gonzalez"],"_links":{"self":[{"href":"https:\/\/www.diarioimagen.net\/index.php?rest_route=\/wp\/v2\/posts\/188237","targetHints":{"allow":["GET"]}}],"collection":[{"href":"https:\/\/www.diarioimagen.net\/index.php?rest_route=\/wp\/v2\/posts"}],"about":[{"href":"https:\/\/www.diarioimagen.net\/index.php?rest_route=\/wp\/v2\/types\/post"}],"author":[{"embeddable":true,"href":"https:\/\/www.diarioimagen.net\/index.php?rest_route=\/wp\/v2\/users\/3"}],"replies":[{"embeddable":true,"href":"https:\/\/www.diarioimagen.net\/index.php?rest_route=%2Fwp%2Fv2%2Fcomments&post=188237"}],"version-history":[{"count":0,"href":"https:\/\/www.diarioimagen.net\/index.php?rest_route=\/wp\/v2\/posts\/188237\/revisions"}],"wp:featuredmedia":[{"embeddable":true,"href":"https:\/\/www.diarioimagen.net\/index.php?rest_route=\/wp\/v2\/media\/188271"}],"wp:attachment":[{"href":"https:\/\/www.diarioimagen.net\/index.php?rest_route=%2Fwp%2Fv2%2Fmedia&parent=188237"}],"wp:term":[{"taxonomy":"category","embeddable":true,"href":"https:\/\/www.diarioimagen.net\/index.php?rest_route=%2Fwp%2Fv2%2Fcategories&post=188237"},{"taxonomy":"post_tag","embeddable":true,"href":"https:\/\/www.diarioimagen.net\/index.php?rest_route=%2Fwp%2Fv2%2Ftags&post=188237"}],"curies":[{"name":"wp","href":"https:\/\/api.w.org\/{rel}","templated":true}]}}