{"id":188251,"date":"2014-09-05T00:03:09","date_gmt":"2014-09-05T05:03:09","guid":{"rendered":"http:\/\/www.diarioimagen.net\/?p=188251"},"modified":"2014-09-05T04:00:30","modified_gmt":"2014-09-05T09:00:30","slug":"mexico-va-a-octavos-del-mundial-de-basquetbol","status":"publish","type":"post","link":"https:\/\/www.diarioimagen.net\/?p=188251","title":{"rendered":"M\u00e9xico va a octavos del Mundial de Basquetbol"},"content":{"rendered":"<ul>\n<li><strong><em>Derrota 71-87 a Corea del Sur<\/em><\/strong><\/li>\n<\/ul>\n<div id=\"attachment_188302\" style=\"width: 250px\" class=\"wp-caption alignleft\"><a href=\"http:\/\/www.diarioimagen.net\/wp-content\/uploads\/2014\/09\/deportes-2437.jpg\"><img loading=\"lazy\" decoding=\"async\" aria-describedby=\"caption-attachment-188302\" class=\"size-medium wp-image-188302\" src=\"http:\/\/www.diarioimagen.net\/wp-content\/uploads\/2014\/09\/deportes-2437-240x135.jpg\" alt=\"La escuadra mexicana pas\u00f3 a octavos de final del Mundial de Basquetbol, al derrotar a Corea del Sur.\" width=\"240\" height=\"135\" srcset=\"https:\/\/www.diarioimagen.net\/wp-content\/uploads\/2014\/09\/deportes-2437-240x135.jpg 240w, https:\/\/www.diarioimagen.net\/wp-content\/uploads\/2014\/09\/deportes-2437-420x236.jpg 420w, https:\/\/www.diarioimagen.net\/wp-content\/uploads\/2014\/09\/deportes-2437-235x132.jpg 235w, https:\/\/www.diarioimagen.net\/wp-content\/uploads\/2014\/09\/deportes-2437-202x114.jpg 202w, https:\/\/www.diarioimagen.net\/wp-content\/uploads\/2014\/09\/deportes-2437-350x196.jpg 350w, https:\/\/www.diarioimagen.net\/wp-content\/uploads\/2014\/09\/deportes-2437-220x123.jpg 220w, https:\/\/www.diarioimagen.net\/wp-content\/uploads\/2014\/09\/deportes-2437-237x132.jpg 237w, https:\/\/www.diarioimagen.net\/wp-content\/uploads\/2014\/09\/deportes-2437.jpg 480w\" sizes=\"auto, (max-width: 240px) 100vw, 240px\" \/><\/a><p id=\"caption-attachment-188302\" class=\"wp-caption-text\">La escuadra mexicana pas\u00f3 a octavos de final del Mundial de Basquetbol, al derrotar a Corea del Sur.<\/p><\/div>\n<p><strong>Las Palmas, Espa\u00f1a<\/strong>.- La selecci\u00f3n mexicana de basquetbol gan\u00f3 a su hom\u00f3loga de Corea del Sur (71-87) y se clasific\u00f3 para disputar los octavos de final del Campeonato del Mundo el pr\u00f3ximo s\u00e1bado frente a la escuadra de Estados Unidos en Barcelona, Espa\u00f1a.<\/p>\n<p>La selecci\u00f3n mexicana, que no participaba en un Mundial de Baloncesto desde 1974 (hace 40 a\u00f1os), obtuvo la clasificaci\u00f3n en el \u00faltimo de los cinco partidos de la primera fase contra el rival m\u00e1s d\u00e9bil del Grupo D, Corea del Sur.<\/p>\n<p>M\u00e9xico pas\u00f3 en cuarto lugar del sector, compuesto por Lituania, Eslovenia, Australia y los eliminados Angola Corea del Sur, tras dos triunfos y tres derrotas.<\/p>\n<p>En virtud de su cuarto puesto, el Tri jugar\u00e1 la siguiente etapa contra el l\u00edder del Grupo C, Estados Unidos, que ha ganado todos sus juegos por una abultada diferencia de puntos.<\/p>\n<p>El partido tendr\u00e1 lugar el pr\u00f3ximo s\u00e1bado en el Palau Sant-Jordi de Barcelona, donde se disput\u00f3 la final de Basquetbol de los Juegos Ol\u00edmpicos de 1992.<\/p>\n","protected":false},"excerpt":{"rendered":"<p>La selecci\u00f3n mexicana de basquetbol gan\u00f3 a su hom\u00f3loga de Corea del Sur (71-87) y se clasific\u00f3 para disputar los octavos de final del Campeonato del Mundo el pr\u00f3ximo s\u00e1bado frente a la escuadra de Estados Unidos en Barcelona, Espa\u00f1a.<\/p>\n","protected":false},"author":3,"featured_media":188302,"comment_status":"open","ping_status":"open","sticky":false,"template":"","format":"standard","meta":{"_monsterinsights_skip_tracking":false,"_monsterinsights_sitenote_active":false,"_monsterinsights_sitenote_note":"","_monsterinsights_sitenote_category":0,"footnotes":""},"categories":[10],"tags":[850,21383,44,12021],"class_list":["post-188251","post","type-post","status-publish","format-standard","has-post-thumbnail","hentry","category-deportes","tag-espana","tag-las-palmas","tag-mexico","tag-mundial-de-basquetbol"],"_links":{"self":[{"href":"https:\/\/www.diarioimagen.net\/index.php?rest_route=\/wp\/v2\/posts\/188251","targetHints":{"allow":["GET"]}}],"collection":[{"href":"https:\/\/www.diarioimagen.net\/index.php?rest_route=\/wp\/v2\/posts"}],"about":[{"href":"https:\/\/www.diarioimagen.net\/index.php?rest_route=\/wp\/v2\/types\/post"}],"author":[{"embeddable":true,"href":"https:\/\/www.diarioimagen.net\/index.php?rest_route=\/wp\/v2\/users\/3"}],"replies":[{"embeddable":true,"href":"https:\/\/www.diarioimagen.net\/index.php?rest_route=%2Fwp%2Fv2%2Fcomments&post=188251"}],"version-history":[{"count":0,"href":"https:\/\/www.diarioimagen.net\/index.php?rest_route=\/wp\/v2\/posts\/188251\/revisions"}],"wp:featuredmedia":[{"embeddable":true,"href":"https:\/\/www.diarioimagen.net\/index.php?rest_route=\/wp\/v2\/media\/188302"}],"wp:attachment":[{"href":"https:\/\/www.diarioimagen.net\/index.php?rest_route=%2Fwp%2Fv2%2Fmedia&parent=188251"}],"wp:term":[{"taxonomy":"category","embeddable":true,"href":"https:\/\/www.diarioimagen.net\/index.php?rest_route=%2Fwp%2Fv2%2Fcategories&post=188251"},{"taxonomy":"post_tag","embeddable":true,"href":"https:\/\/www.diarioimagen.net\/index.php?rest_route=%2Fwp%2Fv2%2Ftags&post=188251"}],"curies":[{"name":"wp","href":"https:\/\/api.w.org\/{rel}","templated":true}]}}