{"id":188256,"date":"2014-09-05T00:01:12","date_gmt":"2014-09-05T05:01:12","guid":{"rendered":"http:\/\/www.diarioimagen.net\/?p=188256"},"modified":"2014-09-05T04:05:09","modified_gmt":"2014-09-05T09:05:09","slug":"el-nuevo-aeropuerto-consolidara-a-mexico-entre-los-15-paises-mas-visitados-del-mundo-ruiz-massieu","status":"publish","type":"post","link":"https:\/\/www.diarioimagen.net\/?p=188256","title":{"rendered":"El nuevo aeropuerto consolidar\u00e1 a M\u00e9xico entre los 15 pa\u00edses m\u00e1s visitados del mundo: Ruiz Massieu"},"content":{"rendered":"<h2>De cinco estrellas<\/h2>\n<h5>Victoria Gonz\u00e1lez Prado<\/h5>\n<p>&nbsp;<\/p>\n<ul>\n<li><em><strong>El Festival Gastron\u00f3mico de la regi\u00f3n Araucan\u00eda Chilena, con el chef Andr\u00e9s Yurjevic, en el restaurante Amici<\/strong><\/em><\/li>\n<li><em><strong>OMA reporta crecimiento de 11.1% en el tr\u00e1fico de pasajeros en agosto de 2014<\/strong><\/em><\/li>\n<\/ul>\n<div id=\"attachment_188307\" style=\"width: 250px\" class=\"wp-caption alignleft\"><a href=\"http:\/\/www.diarioimagen.net\/wp-content\/uploads\/2014\/09\/turismo-2437.jpg\"><img loading=\"lazy\" decoding=\"async\" aria-describedby=\"caption-attachment-188307\" class=\"size-medium wp-image-188307\" src=\"http:\/\/www.diarioimagen.net\/wp-content\/uploads\/2014\/09\/turismo-2437-240x135.jpg\" alt=\"Durante la presentaci\u00f3n del nuevo aeropuerto.\" width=\"240\" height=\"135\" srcset=\"https:\/\/www.diarioimagen.net\/wp-content\/uploads\/2014\/09\/turismo-2437-240x135.jpg 240w, https:\/\/www.diarioimagen.net\/wp-content\/uploads\/2014\/09\/turismo-2437-420x236.jpg 420w, https:\/\/www.diarioimagen.net\/wp-content\/uploads\/2014\/09\/turismo-2437-235x132.jpg 235w, https:\/\/www.diarioimagen.net\/wp-content\/uploads\/2014\/09\/turismo-2437-202x114.jpg 202w, https:\/\/www.diarioimagen.net\/wp-content\/uploads\/2014\/09\/turismo-2437-350x196.jpg 350w, https:\/\/www.diarioimagen.net\/wp-content\/uploads\/2014\/09\/turismo-2437-220x123.jpg 220w, https:\/\/www.diarioimagen.net\/wp-content\/uploads\/2014\/09\/turismo-2437-237x132.jpg 237w, https:\/\/www.diarioimagen.net\/wp-content\/uploads\/2014\/09\/turismo-2437.jpg 480w\" sizes=\"auto, (max-width: 240px) 100vw, 240px\" \/><\/a><p id=\"caption-attachment-188307\" class=\"wp-caption-text\">Durante la presentaci\u00f3n del nuevo aeropuerto.<\/p><\/div>\n<p><strong>Claudia Ruiz Massieu<\/strong>, secretaria de Turismo, asegur\u00f3 que el nuevo aeropuerto del DF har\u00e1 a M\u00e9xico m\u00e1s competitivo y lo consolidar\u00e1 como uno de los 15 pa\u00edses m\u00e1s visitados del mundo, adem\u00e1s de que permitir\u00e1 aumentar la participaci\u00f3n del pa\u00eds en el mercado tur\u00edstico internacional. La funcionaria detall\u00f3 que el turismo es una de las industrias mundiales con mayor crecimiento, ya que genera anualmente 266 millones de empleos, 7 mil billones de d\u00f3lares anuales y representa el 6% de las exportaciones mundiales totales. \u201cPara nuestro pa\u00eds hoy este sector representa 8.4 puntos del Producto Interno Bruto (PIB), la cuarta fuente generadora de divisas y m\u00e1s de tres millones de empleos directos. Es un sector en constante movimiento\u201d. Destac\u00f3 que el impacto de la obra se reflejar\u00e1 en cinco rubros: Permitir\u00e1 consolidar las nuevas tendencias internacionales de atenci\u00f3n a pasajeros. Ser\u00e1 el \u00edcono de un pa\u00eds moderno, vibrante, eficaz y en plena transformaci\u00f3n, as\u00ed como un centro econ\u00f3mico-tur\u00edstico de alto impacto. Aprovechar\u00e1 la ubicaci\u00f3n geogr\u00e1fica estrat\u00e9gica de M\u00e9xico para conectar a Europa, Asia y \u00c1frica con todo el continente americano, estableci\u00e9ndose como el\u00a0<em>hub<\/em>\u00a0m\u00e1s importante de la regi\u00f3n. Nos acercar\u00e1 a los principales mercados mundiales. Consolidar\u00e1 la tendencia de crecimiento de la actividad tur\u00edstica en nuestro pa\u00eds, que hoy recibe m\u00e1s turistas internacionales y capta m\u00e1s divisas por turismo que cualquier otra naci\u00f3n de Latinoam\u00e9rica. Con el nuevo aeropuerto podr\u00e1n incrementarse los flujos provenientes de las econom\u00edas m\u00e1s potentes y que generan mayor derrama en los destinos tur\u00edsticos del mundo. Nuestros principales socios comerciales estrat\u00e9gicos estar\u00e1n mejor conectados con la econom\u00eda mexicana.\u00a0Representar\u00e1 un renovado impulso para el turismo nacional, toda vez que m\u00e1s mexicanos podr\u00e1n conocer mejor su pa\u00eds y tendr\u00e1n la oportunidad para conectarse con el mundo de manera m\u00e1s eficiente y accesible. Se fortalecer\u00e1 el tr\u00e1nsito de visitantes desde y hacia nuestros destinos tur\u00edsticos, lo que potenciar\u00e1 la vocaci\u00f3n tur\u00edstica de cada entidad federativa, detonando m\u00e1s desarrollo, empleo, inversi\u00f3n e infraestructura en todas las regiones. Habr\u00e1 mayores beneficios econ\u00f3micos porque m\u00e1s turistas representan m\u00e1s divisas. En conferencia de prensa en el Club Naval, en la que participaron los titulares de la Secretar\u00eda de Comunicaciones y Transportes, <strong>Gerardo Ruiz Esparza; <\/strong><strong>de Econom\u00eda,<\/strong><strong>Ildefonso Guajardo <\/strong>y de Desarrollo Agrario, Territorial y Urbano (Sedatu), <strong>Jorge Carlos Ram\u00edrez Mar\u00edn<\/strong>, la titular de Turismo asegur\u00f3 que M\u00e9xico recibe m\u00e1s turistas. En 2013 fueron un mill\u00f3n de turistas adicionales y en el primer semestre del 2014 aument\u00f3 11.2%. Una vez concluida la primera parte del nuevo aeropuerto llegar\u00e1n 3 mil 200 millones de d\u00f3lares adicionales por divisas tur\u00edsticas. Para la primera etapa del <strong>aeropuerto<\/strong><strong>\u00a0<\/strong>se invertir\u00e1n 169 mil millones de pesos y su capacidad de pasajeros se estima que llegue a su tope en el 2028, entonces se continuar\u00e1 con m\u00e1s ampliaciones. <strong>Ruiz Massieu<\/strong> dijo que una vez concluida la primera fase, de los 42 millones de pasajeros que se movilizar\u00e1n ah\u00ed, 3.5 millones ser\u00e1n nuevos visitantes. En su oportunidad, <strong>Ildefonso Guajardo<\/strong> estim\u00f3 que el\u00a0<strong>aeropuerto<\/strong>\u00a0mover\u00e1 1.2 millones de toneladas de carga, especialmente productos farmac\u00e9uticos y automotrices. Actualmente, afirm\u00f3, mueve 617 mil toneladas, que equivalen a 27 mil millones de d\u00f3lares anuales. <strong>Gerardo Ruiz Esparza<\/strong>\u00a0dijo que las obras hidr\u00e1ulicas arrancar\u00e1n lo m\u00e1s pronto posible, as\u00ed como las de compactaci\u00f3n y suelo. A mediados del pr\u00f3ximo a\u00f1o se iniciar\u00e1n, dijo, las obras m\u00e1s formales. Por su parte, <strong>Jorge Carlos Mar\u00edn<\/strong> indic\u00f3 que no se necesitar\u00e1 comprar tierras para construir el nuevo aeropuerto, ya que el gobierno es due\u00f1o de 10 mil hect\u00e1reas en Texcoco, Estado de M\u00e9xico y para la construcci\u00f3n del aeropuerto se necesitan poco m\u00e1s de 4 mil 600 hect\u00e1reas. Aclar\u00f3 que no hay ning\u00fan proyecto de expropiaci\u00f3n en curso para ning\u00fan\u00a0terreno, ya que no es necesario. De igual forma, <strong>Federico\u00a0Pati\u00f1o<\/strong>, director financiero del proyecto, explic\u00f3 que el monto de inversi\u00f3n total del nuevo aeropuerto ser\u00e1 de 16 mil millones de pesos. \u00a0Solo la infraestructura aeroportuaria costar\u00e1 127 mil millones de pesos. \u201cEn este a\u00f1o y para iniciar el proyecto se estiman mil millones de pesos en el esquema de fondeo\u201d.<\/p>\n<p>\u2730\u2730\u2730\u2730\u2730 El Festival Gastron\u00f3mico de la regi\u00f3n Araucan\u00eda Chilena, organizado por el por el <em>Sheraton Mar\u00eda Isabel Hotel<\/em>, Grupo <em>LATAM Airlines <\/em>y dirigido porel chef, <strong>Andr\u00e9s Yurjevic<\/strong>, se presenta desde el pasado lunes y concluye ma\u00f1ana s\u00e1bado 6 de septiembre en el restaurante <em>Amici. <\/em>La Araucan\u00eda es un territorio a 500 kil\u00f3metros al sur de Santiago, capital de Chile,\u00a0 zona con varias influencias que han creado una cultura muy especial con un fuerte arraigo en la naturaleza, herencia e historia. Dio la bienvenida <strong>Nicol\u00e1s Orget<\/strong>, director general del hotel, quien se refiri\u00f3 a la cocina de la regi\u00f3n \u201cuna de las m\u00e1s importantes de Chile, gracias a la existencia de productos locales como la qu\u00ednoa, las papas nativas de colores, hongos y frutos silvestres, carnes premium de vacuno, cordero y, por supuesto, mariscos que en fusi\u00f3n con la cocina europea crean una experiencia culinaria \u00fanica y excepcional\u201d. Agreg\u00f3 que \u201cAraucan\u00eda es famosa tambi\u00e9n por su pasteler\u00eda de inspiraci\u00f3n alemana, como mermeladas, tartas y <em>strudels,<\/em> que junto a los famosos <em>kuchenes,<\/em> son algo imperdible al visitar la regi\u00f3n\u201d. El chef chieno <strong>Andr\u00e9s Yurjevic<\/strong>,empez\u00f3 sus estudios gastron\u00f3micos en su ciudad natal, continuando en <em>The Culinary Institute of America<\/em> en Nueva York. Cuenta con 15 a\u00f1os de experiencia en hoteles de 5 estrellas, incluyendo <em>Pacific Resort Rarotonga<\/em> en las islas <em>Cook,<\/em> y <em>Villarrica Park Lake.<\/em> Al hacer uso de la palabra, <strong>Yurjevic<\/strong>, se\u00f1al\u00f3 \u201cincorporar los productos locales con los internacionales, crea una gastronom\u00eda \u00fanica. La mejor forma de aprender es conviviendo con las personas que han usado los productos locales desde hace a\u00f1os, y as\u00ed poder transmitir los conocimientos a otras personas acerca del gran tesoro chileno\u201d. En la presentaci\u00f3n fueron servidos canap\u00e9s y vinos tinto y blanco, Casillero del Diablo. Se cont\u00f3 con la presencia de <strong>Jos\u00e9 Jaliliye<\/strong>, c\u00f3nsul y <strong>Cristi\u00e1n Contreras<\/strong>, agregado Comercial, ambos de la embajada de Chile en M\u00e9xico; <strong>Diana Olivares<\/strong>, jefe de Ventas y <strong>Alba L\u00f3pez<\/strong>, jefe de Mercadotecnia, ambas de Grupo Latam en M\u00e9xico; <strong>Mar\u00eda Isabel G\u00f3mez Ogalde<\/strong>, directora ejecutiva de la C\u00e1mara Mexicana-Chilena de Comercio e Inversi\u00f3n; <strong>Margarita Valle<\/strong>, directora de Ventas <em>Starwood <\/em>M\u00e9xico y <strong>Kei Kaneda<\/strong>, director de Cuentas Globales de Ventas <em>Luxury <\/em>en <em>Starwood Hotels &amp; Resorts <\/em>entre otros<em>.<\/em> Durante el\u00a0festival\u00a0se presenta un men\u00fa especial a la carta de tres entradas, cinco platos fuertes, y tres postres para comidas y cenas, un men\u00fa de degustaci\u00f3n con maridaje de vinos chilenos, disponible \u00fanicamente por las noches. Al hacer uso de la palabra, <strong>Diana Olivares<\/strong> indic\u00f3 \u201cen Grupo <em>LATAM Airlines <\/em>apoyamos las muestras referentes al\u00a0buen vino y la gastronom\u00eda, por ello el\u00a0Festival\u00a0de la Araucan\u00eda Chilena refleja en gran medida la experiencia culinaria sin igual que ofrece el destino Sudamericano. Esta experiencia nos brinda la oportunidad de presentar todo lo que hay por disfrutar en Chile y seguir impulsando el turismo a esa regi\u00f3n\u201d Asimismo indic\u00f3 que la propuesta del grupo es asegurar que los viajeros pueden empezar a \u201cdisfrutar del destino incluso antes de llegar, pues nuestros men\u00fas y vinos est\u00e1n elegidos para que vivan una experiencia gastron\u00f3mica excepcional a bordo aunado a un servicio y trato de primera\u201d. Para cerrar el festival\u00a0gastron\u00f3mico, ma\u00f1ana s\u00e1bado se ofrecer\u00e1 una clase de cocina que impartir\u00e1 el chef <strong>Andr\u00e9s Yurjevic<\/strong>, cuyo objetivo es poder disfrutar y adquirir la experiencia deseada conociendo uno de los tesoros chilenos:\u00a0su gastronom\u00eda. El precio de la clase de cocina ser\u00e1 de 520 pesos por persona, que incluir\u00e1 un men\u00fa degustaci\u00f3n y maridaje de vinos chilenos, y estar\u00e1 disponible para las primeras 10 personas que reserven su lugar. M\u00e1s informaci\u00f3n: <a href=\"mailto:amici.mexico@sheraton.com\" target=\"_blank\">amici.mexico@sheraton.com<\/a><\/p>\n<p>\u2730\u2730\u2730\u2730\u2730 Grupo Aeroportuario del Centro Norte informa que el n\u00famero de pasajeros totales (pasajeros terminales) atendidos en sus 13 aeropuertos durante el mes de agosto de 2014 se increment\u00f3 11.1% con respecto a lo registrado en el mismo periodo de 2013. El tr\u00e1fico de pasajeros nacionales mostr\u00f3 un crecimiento de 10.9% y el de pasajeros internacionales aument\u00f3 12.3%. Del volumen total de pasajeros del mes, el 98.4% proviene de la aviaci\u00f3n comercial y 1.6% de la aviaci\u00f3n general. El tr\u00e1fico de pasajeros nacionales creci\u00f3 en diez aeropuertos del Grupo. Destacan los incrementos de los aeropuertos de Monterrey (+13.7%; +72,960 pasajeros), y San Luis Potos\u00ed (+88.3%; +12,430 pasajeros). El aeropuerto de Monterrey se vio beneficiado en mayor medida por un aumento en el n\u00famero de pasajeros de las rutas a la ciudad de M\u00e9xico, Canc\u00fan y Puerto Vallarta; y el aeropuerto de San Luis Potos\u00ed por un crecimiento en el volumen de pasajeros en las rutas a la ciudad de M\u00e9xico, Canc\u00fan, Monterrey y Tijuana. Por otro lado, el aeropuerto que present\u00f3 la mayor disminuci\u00f3n en el n\u00famero de pasajeros nacionales fue Culiac\u00e1n (-2.6%; -2,759 pasajeros) debido principalmente a una reducci\u00f3n de tr\u00e1fico en la ruta a Tijuana por la cancelaci\u00f3n de la ruta por parte de VivaAerobus en mayo de 2014. Interjet abri\u00f3 nuevamente esta ruta a finales del mes de agosto. El tr\u00e1fico de pasajeros internacionales aument\u00f3 en nueve aeropuertos del Grupo. El crecimiento m\u00e1s importante se registr\u00f3 en el aeropuerto de Monterrey (+12.4%; +10,343 pasajeros), principalmente por un mayor n\u00famero de pasajeros en la ruta a Houston. El n\u00famero de operaciones totales (llegadas y salidas) en el mes de agosto de 2014 se increment\u00f3 9.8% con respecto al mismo periodo del a\u00f1o anterior. El n\u00famero de vuelos nacionales se increment\u00f3 9.3% y el de vuelos internacionales creci\u00f3 13.9%.<\/p>\n<p><em><i><em><a href=\"mailto:victoriagprado@gmail.com\" target=\"_blank\">victoriagprado@gmail.com<\/a><\/em><\/i><\/em><\/p>\n","protected":false},"excerpt":{"rendered":"<p>strong>Claudia Ruiz Massieu, secretaria de Turismo, asegur\u00f3 que el nuevo aeropuerto del DF har\u00e1 a M\u00e9xico m\u00e1s competitivo y lo consolidar\u00e1 como uno de los 15 pa\u00edses m\u00e1s visitados del mundo, adem\u00e1s de que permitir\u00e1 aumentar la participaci\u00f3n del pa\u00eds en el mercado tur\u00edstico internacional.<\/p>\n","protected":false},"author":3,"featured_media":188307,"comment_status":"open","ping_status":"open","sticky":false,"template":"","format":"standard","meta":{"_monsterinsights_skip_tracking":false,"_monsterinsights_sitenote_active":false,"_monsterinsights_sitenote_note":"","_monsterinsights_sitenote_category":0,"footnotes":""},"categories":[11],"tags":[107,43681,106],"class_list":["post-188256","post","type-post","status-publish","format-standard","has-post-thumbnail","hentry","category-turismo","tag-de-cinco-estrellas","tag-turismo","tag-victoria-gonzalez-prado"],"_links":{"self":[{"href":"https:\/\/www.diarioimagen.net\/index.php?rest_route=\/wp\/v2\/posts\/188256","targetHints":{"allow":["GET"]}}],"collection":[{"href":"https:\/\/www.diarioimagen.net\/index.php?rest_route=\/wp\/v2\/posts"}],"about":[{"href":"https:\/\/www.diarioimagen.net\/index.php?rest_route=\/wp\/v2\/types\/post"}],"author":[{"embeddable":true,"href":"https:\/\/www.diarioimagen.net\/index.php?rest_route=\/wp\/v2\/users\/3"}],"replies":[{"embeddable":true,"href":"https:\/\/www.diarioimagen.net\/index.php?rest_route=%2Fwp%2Fv2%2Fcomments&post=188256"}],"version-history":[{"count":0,"href":"https:\/\/www.diarioimagen.net\/index.php?rest_route=\/wp\/v2\/posts\/188256\/revisions"}],"wp:featuredmedia":[{"embeddable":true,"href":"https:\/\/www.diarioimagen.net\/index.php?rest_route=\/wp\/v2\/media\/188307"}],"wp:attachment":[{"href":"https:\/\/www.diarioimagen.net\/index.php?rest_route=%2Fwp%2Fv2%2Fmedia&parent=188256"}],"wp:term":[{"taxonomy":"category","embeddable":true,"href":"https:\/\/www.diarioimagen.net\/index.php?rest_route=%2Fwp%2Fv2%2Fcategories&post=188256"},{"taxonomy":"post_tag","embeddable":true,"href":"https:\/\/www.diarioimagen.net\/index.php?rest_route=%2Fwp%2Fv2%2Ftags&post=188256"}],"curies":[{"name":"wp","href":"https:\/\/api.w.org\/{rel}","templated":true}]}}