{"id":188371,"date":"2014-09-05T15:30:02","date_gmt":"2014-09-05T20:30:02","guid":{"rendered":"http:\/\/www.diarioimagen.net\/?p=188371"},"modified":"2014-09-08T03:45:23","modified_gmt":"2014-09-08T08:45:23","slug":"inauguran-angelica-rivera-y-eruviel-avila-tres-bancos-de-leche-en-el-edomex","status":"publish","type":"post","link":"https:\/\/www.diarioimagen.net\/?p=188371","title":{"rendered":"Inauguran Ang\u00e9lica Rivera y Eruviel \u00c1vila tres bancos de leche en el Edomex"},"content":{"rendered":"<ul>\n<li><em><strong>Se ubican en los hospitales generales de Ecatepec, Atlacomulco y Tenancingo; contaron con una inversi\u00f3n cercana a los 10 millones de pesos en beneficio de m\u00e1s de siete mil 600 reci\u00e9n nacidos y se suman a los que ya operan en Axapusco, Chalco, Naucalpan y Toluca.<\/strong><\/em><\/li>\n<\/ul>\n<div id=\"attachment_188372\" style=\"width: 250px\" class=\"wp-caption alignleft\"><a href=\"http:\/\/www.diarioimagen.net\/wp-content\/uploads\/2014\/09\/eruviel-angelica.jpg\"><img loading=\"lazy\" decoding=\"async\" aria-describedby=\"caption-attachment-188372\" class=\"size-medium wp-image-188372\" src=\"http:\/\/www.diarioimagen.net\/wp-content\/uploads\/2014\/09\/eruviel-angelica-240x135.jpg\" alt=\"El gobernador Eruviel \u00c1vila Villegas y Ang\u00e9lica Rivera de Pe\u00f1a, presidenta del Consejo Ciudadano Consultivo del Sistema Nacional DIF, inauguraron el Banco de Leche de Ecatepec, y simult\u00e1neamente los de Atlacomulco y Tenancingo, donde el gobernador anunci\u00f3 que enviar\u00e1 la iniciativa de Ley para la Protecci\u00f3n, Apoyo y Promoci\u00f3n de la Lactancia Materna en el Estado de M\u00e9xico y propondr\u00e1 a la Conago que se considere a la lactancia materna como una pol\u00edtica de salud p\u00fablica y se realice un foro en la materia para impulsar una cruzada nacional a favor de la misma.\" width=\"240\" height=\"135\" srcset=\"https:\/\/www.diarioimagen.net\/wp-content\/uploads\/2014\/09\/eruviel-angelica-240x135.jpg 240w, https:\/\/www.diarioimagen.net\/wp-content\/uploads\/2014\/09\/eruviel-angelica-420x236.jpg 420w, https:\/\/www.diarioimagen.net\/wp-content\/uploads\/2014\/09\/eruviel-angelica-235x132.jpg 235w, https:\/\/www.diarioimagen.net\/wp-content\/uploads\/2014\/09\/eruviel-angelica-202x114.jpg 202w, https:\/\/www.diarioimagen.net\/wp-content\/uploads\/2014\/09\/eruviel-angelica-350x196.jpg 350w, https:\/\/www.diarioimagen.net\/wp-content\/uploads\/2014\/09\/eruviel-angelica-220x123.jpg 220w, https:\/\/www.diarioimagen.net\/wp-content\/uploads\/2014\/09\/eruviel-angelica-237x132.jpg 237w, https:\/\/www.diarioimagen.net\/wp-content\/uploads\/2014\/09\/eruviel-angelica.jpg 480w\" sizes=\"auto, (max-width: 240px) 100vw, 240px\" \/><\/a><p id=\"caption-attachment-188372\" class=\"wp-caption-text\">El gobernador Eruviel \u00c1vila Villegas y Ang\u00e9lica Rivera de Pe\u00f1a, presidenta del Consejo Ciudadano Consultivo del Sistema Nacional DIF, inauguraron el Banco de Leche de Ecatepec, y simult\u00e1neamente los de Atlacomulco y Tenancingo.<\/p><\/div>\n<p><strong>Ecatepec, Estado de M\u00e9xico.-<\/strong> Al inaugurar junto con Ang\u00e9lica Rivera de Pe\u00f1a, presidenta del Consejo Ciudadano Consultivo del Sistema Nacional DIF, el Banco de Leche de Ecatepec, y simult\u00e1neamente los de Atlacomulco y Tenancingo, el gobernador Eruviel \u00c1vila Villegas anunci\u00f3 que enviar\u00e1 una iniciativa de Ley para la Protecci\u00f3n, Apoyo y Promoci\u00f3n de la Lactancia Materna en el Estado de M\u00e9xico y propondr\u00e1 a la Conferencia Nacional de Gobernadores (Conago) que se considere a la lactancia materna como una pol\u00edtica de salud p\u00fablica y se realice un foro en la materia para impulsar una cruzada nacional a favor de la misma.<\/p>\n<p>En el Hospital General Jos\u00e9 Mar\u00eda Rodr\u00edguez de este municipio, el gobernador asegur\u00f3 que de concretarse estas propuestas se brindar\u00e1n mayores oportunidades de desarrollo para los reci\u00e9n nacidos, ya que se articular\u00e1n los programas estatales y federales para promover la lactancia materna, adem\u00e1s que propondr\u00e1 implementar lactarios en empresas privadas e instalaciones gubernamentales.<\/p>\n<p>\u201cEn el pa\u00eds hay 17 bancos de leche materna, y de esos 17, siete est\u00e1n aqu\u00ed en el Estado de M\u00e9xico y por eso nos constituimos vanguardistas en esta materia, gracias al apoyo de la se\u00f1ora Ang\u00e9lica Rivera de Pe\u00f1a Nieto\u201d, expres\u00f3 Eruviel \u00c1vila.<\/p>\n<p>Los bancos de leche inaugurados se ubican en los hospitales generales de Ecatepec, Atlacomulco y Tenancingo, contaron con una inversi\u00f3n cercana a los 10 millones de pesos en beneficio de m\u00e1s de siete mil 600 reci\u00e9n nacidos y se suman a los que ya operan en los municipios de Axapusco, Chalco, Naucalpan y Toluca.<\/p>\n<p>En este sentido, el gobernador destac\u00f3 que los siete bancos de leche materna con que cuenta el Estado de M\u00e9xico pasteurizar\u00e1n cerca de 8 mil 400 litros de leche, equivalente a 13 mil 300 botellas de 600 mililitros, garantizando el abasto para 20 mil beb\u00e9s mexiquenses al a\u00f1o; cuentan con tecnolog\u00eda de punta para preparar y mantener est\u00e9ril la leche que se suministra.<\/p>\n<p>Este alimento, abund\u00f3, garantiza que los peque\u00f1os que obtengan beneficios como disminuir hasta en un 73 por ciento el riesgo de padecer s\u00edndrome de muerte s\u00fabita infantil; reducir la posibilidad de contraer enfermedades diarreicas, infecciones respiratorias y del o\u00eddo, hasta en un 40 por ciento; menor riesgo de desarrollar sobrepeso, obesidad o diabetes, as\u00ed como crear defensas contra los efectos del medio ambiente y adem\u00e1s de prevenir alergias, entre muchos otros.<\/p>\n<p>Agreg\u00f3 que durante su administraci\u00f3n se ha creado la coordinaci\u00f3n estatal de Lactancia Materna y Bancos de Leche y fueron capacitadas m\u00e1s de 16 mil personas, de los 537 grupos de apoyo a la lactancia materna, entre otras acciones.<\/p>\n<p>Acompa\u00f1ados por la presidenta honoraria del DIF Estado de M\u00e9xico, Isis \u00c1vila Mu\u00f1oz, as\u00ed como por los secretarios de Salud y Desarrollo Social, C\u00e9sar G\u00f3mez Monge y Arturo Osornio S\u00e1nchez, respectivamente, Eruviel \u00c1vila y Ang\u00e9lica Rivera entregaron tambi\u00e9n 44 unidades M\u00f3viles de Atenci\u00f3n a la Discapacidad, a la misma cantidad de ayuntamientos; cinco equipos m\u00e9dicos Cool Cap, para evitar da\u00f1os neuronales a reci\u00e9n nacidos con problemas de oxigenaci\u00f3n durante el parto; tarjetas La Efectiva y pelucas del programa Trenzat\u00f3n a pacientes con c\u00e1ncer, vacunas contra el papiloma humano para adolescentes, actas de nacimiento por cambio de nombre y constancias de capacitaci\u00f3n del programa Adultos en Grande.<\/p>\n<p>En este sentido, Ang\u00e9lica Rivera reconoci\u00f3 al Gobierno del Estado de M\u00e9xico por impulsar la creaci\u00f3n de este tipo de bancos, y asegur\u00f3 que la Leche Materna es el alimento \u00f3ptimo para lograr que los beb\u00e9s se desarrollen mejor y puedan crecer m\u00e1s sanos y fuertes, por lo que hizo un llamado a la sociedad para promover la donaci\u00f3n de leche materna y contribuir al bienestar de los menores tanto del Estado de M\u00e9xico como de todo el pa\u00eds.<\/p>\n<p>\u201cDesde aqu\u00ed yo invito a todos, a los pap\u00e1s, a las mam\u00e1s, a las familia a toda la sociedad, a promover y a proteger la Lactancia Materna, y con ello le vamos a dar a nuestras ni\u00f1as a nuestros ni\u00f1os mucha salud mucho bienestar, mucha protecci\u00f3n y sobre todo lo que todos necesitamos, mucho amor\u201d, se\u00f1al\u00f3.<\/p>\n","protected":false},"excerpt":{"rendered":"<p>Al inaugurar junto con Ang\u00e9lica Rivera de Pe\u00f1a, presidenta del Consejo Ciudadano Consultivo del Sistema Nacional DIF, el Banco de Leche de Ecatepec, y simult\u00e1neamente los de Atlacomulco y Tenancingo, el gobernador Eruviel \u00c1vila Villegas anunci\u00f3 que enviar\u00e1 una iniciativa de Ley para la Protecci\u00f3n, Apoyo y Promoci\u00f3n de la Lactancia Materna en el Estado de M\u00e9xico y propondr\u00e1 a la Conferencia Nacional de Gobernadores (Conago) que se considere a la lactancia materna como una pol\u00edtica de salud p\u00fablica y se realice un foro en la materia para impulsar una cruzada nacional a favor de la misma.<\/p>\n","protected":false},"author":1,"featured_media":188372,"comment_status":"open","ping_status":"open","sticky":false,"template":"","format":"standard","meta":{"_monsterinsights_skip_tracking":false,"_monsterinsights_sitenote_active":false,"_monsterinsights_sitenote_note":"","_monsterinsights_sitenote_category":0,"footnotes":""},"categories":[17,5],"tags":[5828,43675],"class_list":["post-188371","post","type-post","status-publish","format-standard","has-post-thumbnail","hentry","category-especiales","category-estado-de-mexico","tag-eruviel-avila-villegas","tag-estado-de-mexico"],"_links":{"self":[{"href":"https:\/\/www.diarioimagen.net\/index.php?rest_route=\/wp\/v2\/posts\/188371","targetHints":{"allow":["GET"]}}],"collection":[{"href":"https:\/\/www.diarioimagen.net\/index.php?rest_route=\/wp\/v2\/posts"}],"about":[{"href":"https:\/\/www.diarioimagen.net\/index.php?rest_route=\/wp\/v2\/types\/post"}],"author":[{"embeddable":true,"href":"https:\/\/www.diarioimagen.net\/index.php?rest_route=\/wp\/v2\/users\/1"}],"replies":[{"embeddable":true,"href":"https:\/\/www.diarioimagen.net\/index.php?rest_route=%2Fwp%2Fv2%2Fcomments&post=188371"}],"version-history":[{"count":0,"href":"https:\/\/www.diarioimagen.net\/index.php?rest_route=\/wp\/v2\/posts\/188371\/revisions"}],"wp:featuredmedia":[{"embeddable":true,"href":"https:\/\/www.diarioimagen.net\/index.php?rest_route=\/wp\/v2\/media\/188372"}],"wp:attachment":[{"href":"https:\/\/www.diarioimagen.net\/index.php?rest_route=%2Fwp%2Fv2%2Fmedia&parent=188371"}],"wp:term":[{"taxonomy":"category","embeddable":true,"href":"https:\/\/www.diarioimagen.net\/index.php?rest_route=%2Fwp%2Fv2%2Fcategories&post=188371"},{"taxonomy":"post_tag","embeddable":true,"href":"https:\/\/www.diarioimagen.net\/index.php?rest_route=%2Fwp%2Fv2%2Ftags&post=188371"}],"curies":[{"name":"wp","href":"https:\/\/api.w.org\/{rel}","templated":true}]}}