{"id":188454,"date":"2014-09-08T00:07:47","date_gmt":"2014-09-08T05:07:47","guid":{"rendered":"http:\/\/www.diarioimagen.net\/?p=188454"},"modified":"2014-09-09T03:31:22","modified_gmt":"2014-09-09T08:31:22","slug":"urgen-a-iniciar-la-construccion-del-nuevo-aeropuerto-capitalino","status":"publish","type":"post","link":"https:\/\/www.diarioimagen.net\/?p=188454","title":{"rendered":"Urgen a iniciar la construcci\u00f3n del nuevo aeropuerto capitalino"},"content":{"rendered":"<ul>\n<li><strong><em>El gobernador y el titular de la SCT destacan que la terminal a\u00e9rea detonar\u00e1 obras, como el Centro Tur\u00edstico Sustentable de Teotihuac\u00e1n<\/em><\/strong><\/li>\n<\/ul>\n<div id=\"attachment_188518\" style=\"width: 250px\" class=\"wp-caption alignleft\"><a href=\"http:\/\/www.diarioimagen.net\/wp-content\/uploads\/2014\/09\/eruviel-2438.jpg\"><img loading=\"lazy\" decoding=\"async\" aria-describedby=\"caption-attachment-188518\" class=\"size-medium wp-image-188518\" src=\"http:\/\/www.diarioimagen.net\/wp-content\/uploads\/2014\/09\/eruviel-2438-240x135.jpg\" alt=\"El gobernador Eruviel \u00c1vila Villegas y el secretario de Comunicaciones y Transportes, Gerardo Ruiz Esparza, al encabezar la Sesi\u00f3n Informativa sobre Infraestructura de Alto Impacto en el Estado de M\u00e9xico, exhortaron a todos los sectores de la poblaci\u00f3n a colaborar y trabajar en equipo para que la construcci\u00f3n del nuevo aeropuerto inicie a la brevedad.\" width=\"240\" height=\"135\" srcset=\"https:\/\/www.diarioimagen.net\/wp-content\/uploads\/2014\/09\/eruviel-2438-240x135.jpg 240w, https:\/\/www.diarioimagen.net\/wp-content\/uploads\/2014\/09\/eruviel-2438-420x236.jpg 420w, https:\/\/www.diarioimagen.net\/wp-content\/uploads\/2014\/09\/eruviel-2438-235x132.jpg 235w, https:\/\/www.diarioimagen.net\/wp-content\/uploads\/2014\/09\/eruviel-2438-202x114.jpg 202w, https:\/\/www.diarioimagen.net\/wp-content\/uploads\/2014\/09\/eruviel-2438-350x196.jpg 350w, https:\/\/www.diarioimagen.net\/wp-content\/uploads\/2014\/09\/eruviel-2438-220x123.jpg 220w, https:\/\/www.diarioimagen.net\/wp-content\/uploads\/2014\/09\/eruviel-2438-237x132.jpg 237w, https:\/\/www.diarioimagen.net\/wp-content\/uploads\/2014\/09\/eruviel-2438.jpg 480w\" sizes=\"auto, (max-width: 240px) 100vw, 240px\" \/><\/a><p id=\"caption-attachment-188518\" class=\"wp-caption-text\">El gobernador Eruviel \u00c1vila Villegas y el secretario de Comunicaciones y Transportes, Gerardo Ruiz Esparza, al encabezar la Sesi\u00f3n Informativa sobre Infraestructura de Alto Impacto en el Estado de M\u00e9xico, exhortaron a todos los sectores de la poblaci\u00f3n a colaborar y trabajar en equipo para que la construcci\u00f3n del nuevo aeropuerto inicie a la brevedad.<\/p><\/div>\n<p><strong>Toluca, Estado de M\u00e9xico<\/strong>.- Al encabezar la Sesi\u00f3n Informativa sobre Infraestructura de Alto Impacto en el Estado de M\u00e9xico, el gobernador Eruviel \u00c1vila Villegas y el secretario de Comunicaciones y Transportes (SCT) del gobierno de la Rep\u00fablica, exhortaron a todos los sectores de la poblaci\u00f3n a colaborar institucionalmente y trabajar en equipo para que la construcci\u00f3n del nuevo Aeropuerto Internacional de la Ciudad de M\u00e9xico inicie a la brevedad, por lo que anunciaron que se instalar\u00e1 una mesa de trabajo permanente en la que participar\u00e1n representantes de todos los niveles de gobierno y de la poblaci\u00f3n, para ir atendiendo las demandas y las inquietudes de la poblaci\u00f3n del oriente del Estado de M\u00e9xico en torno a este proyecto.<\/p>\n<p>\u201cAmigas y amigos presidentes municipales, legisladores, acad\u00e9micos, empresarios, l\u00edderes sindicales, amigas, amigos todos, no podemos derrochar tiempo de ninguna manera, cada minuto, cada d\u00eda que dejemos pasar, es evitar que llegue desarrollo y beneficio para nuestra gente. Esta obra, es una obra que va a detonar desarrollo y crecimiento al oriente del estado, es el gran proyecto de quienes crecimos, vivimos en el Oriente del Estado de M\u00e9xico, esper\u00e1bamos desde hace muchos a\u00f1os y qu\u00e9 bueno que el presidente Enrique Pe\u00f1a Nieto con esa altura de miras haya contemplado y concretado\u201d, expres\u00f3 el gobernador.<\/p>\n<p>En la reuni\u00f3n participaron representares populares de todas las fuerzas pol\u00edticas de la entidad, entre ellos presidentes municipales, diputados y federales, senadoras de la Rep\u00fablica, representantes del Poder Judicial, actores sociales y empresariales, quienes despu\u00e9s de conocer el proyecto coincidieron en la importancia que representa.<\/p>\n<p>Al respecto el alcalde de Nezahualc\u00f3yotl, Juan Zepeda Hern\u00e1ndez expres\u00f3 que este proyecto es bien cuidado y estudiado, destac\u00f3 la voluntad de realizar una reuni\u00f3n plural y abierta \u00a0y celebr\u00f3 su realizaci\u00f3n en el oriente del Estado de M\u00e9xico.<\/p>\n<p>El gobernador Eruviel \u00c1vila estuvo acompa\u00f1ado por Claudia Ruiz Massieu y Juan Jos\u00e9 Guerra Abud, secretarios de Turismo y de Medio Ambiente y Recursos Naturales federales, respectivamente; David Korenfeld Federman y Manuel \u00c1ngel N\u00fa\u00f1ez Soto, directores generales de la Comisi\u00f3n Nacional del Agua (Conagua) y del Grupo Aeroportuario de la Ciudad de M\u00e9xico, e indic\u00f3 que el gabinete estatal ser\u00e1 un multiplicador de estas mesas de trabajo en conjunto con los delegados federales del Estado de M\u00e9xico para que la poblaci\u00f3n pueda estar informada del desarrollo de esta obra.<\/p>\n<p>Reiter\u00f3 su agradecimiento al presidente de la Rep\u00fablica, Enrique Pe\u00f1a Nieto, por hacerle justicia a esta regi\u00f3n mexiquense, y al gobierno de la Rep\u00fablica por elegir al Estado de M\u00e9xico para detonar este proyecto que permitir\u00e1:<\/p>\n<p>Continuar consolidado a la entidad como l\u00edder en el sector aeron\u00e1utico, ya que es de los m\u00e1s avanzados en la aviaci\u00f3n de carga.<\/p>\n<p>Convertirla en un nodo nacional e internacional para el flujo de mercanc\u00edas y pasajeros.<\/p>\n<p>Se realizar\u00e1n obras de infraestructura complementarias viales y de drenaje, en este \u00faltimo rubro con inversiones hist\u00f3ricas.<\/p>\n<p>Se potenciar\u00e1 el turismo de todo el territorio mexiquense, lo que generar\u00e1 m\u00e1s empleos y permitir\u00e1 garantizar una mayor calidad de vida a la poblaci\u00f3n.<\/p>\n","protected":false},"excerpt":{"rendered":"<p>Al encabezar la Sesi\u00f3n Informativa sobre Infraestructura de Alto Impacto en el Estado de M\u00e9xico, el gobernador Eruviel \u00c1vila Villegas y el secretario de Comunicaciones y Transportes (SCT) del gobierno de la Rep\u00fablica, exhortaron a todos los sectores de la poblaci\u00f3n a colaborar institucionalmente y trabajar en equipo para que la construcci\u00f3n del nuevo Aeropuerto Internacional de la Ciudad de M\u00e9xico inicie a la brevedad, por lo que anunciaron que se instalar\u00e1 una mesa de trabajo permanente en la que participar\u00e1n representantes de todos los niveles de gobierno y de la poblaci\u00f3n, para ir atendiendo las demandas y las inquietudes de la poblaci\u00f3n del oriente del Estado de M\u00e9xico en torno a este proyecto.<\/p>\n","protected":false},"author":3,"featured_media":188518,"comment_status":"open","ping_status":"open","sticky":false,"template":"","format":"standard","meta":{"_monsterinsights_skip_tracking":false,"_monsterinsights_sitenote_active":false,"_monsterinsights_sitenote_note":"","_monsterinsights_sitenote_category":0,"footnotes":""},"categories":[5],"tags":[5736,5828,43675,452],"class_list":["post-188454","post","type-post","status-publish","format-standard","has-post-thumbnail","hentry","category-estado-de-mexico","tag-aeropuerto-internacional-de-la-ciudad-de-mexico","tag-eruviel-avila-villegas","tag-estado-de-mexico","tag-toluca"],"_links":{"self":[{"href":"https:\/\/www.diarioimagen.net\/index.php?rest_route=\/wp\/v2\/posts\/188454","targetHints":{"allow":["GET"]}}],"collection":[{"href":"https:\/\/www.diarioimagen.net\/index.php?rest_route=\/wp\/v2\/posts"}],"about":[{"href":"https:\/\/www.diarioimagen.net\/index.php?rest_route=\/wp\/v2\/types\/post"}],"author":[{"embeddable":true,"href":"https:\/\/www.diarioimagen.net\/index.php?rest_route=\/wp\/v2\/users\/3"}],"replies":[{"embeddable":true,"href":"https:\/\/www.diarioimagen.net\/index.php?rest_route=%2Fwp%2Fv2%2Fcomments&post=188454"}],"version-history":[{"count":0,"href":"https:\/\/www.diarioimagen.net\/index.php?rest_route=\/wp\/v2\/posts\/188454\/revisions"}],"wp:featuredmedia":[{"embeddable":true,"href":"https:\/\/www.diarioimagen.net\/index.php?rest_route=\/wp\/v2\/media\/188518"}],"wp:attachment":[{"href":"https:\/\/www.diarioimagen.net\/index.php?rest_route=%2Fwp%2Fv2%2Fmedia&parent=188454"}],"wp:term":[{"taxonomy":"category","embeddable":true,"href":"https:\/\/www.diarioimagen.net\/index.php?rest_route=%2Fwp%2Fv2%2Fcategories&post=188454"},{"taxonomy":"post_tag","embeddable":true,"href":"https:\/\/www.diarioimagen.net\/index.php?rest_route=%2Fwp%2Fv2%2Ftags&post=188454"}],"curies":[{"name":"wp","href":"https:\/\/api.w.org\/{rel}","templated":true}]}}