{"id":188456,"date":"2014-09-08T00:13:55","date_gmt":"2014-09-08T05:13:55","guid":{"rendered":"http:\/\/www.diarioimagen.net\/?p=188456"},"modified":"2014-09-08T02:53:36","modified_gmt":"2014-09-08T07:53:36","slug":"el-congreso-del-edomex-inicia-sesiones","status":"publish","type":"post","link":"https:\/\/www.diarioimagen.net\/?p=188456","title":{"rendered":"El Congreso del Edomex inicia sesiones"},"content":{"rendered":"<h2>Arco Norte<\/h2>\n<h5>Jos\u00e9 Luis Monta\u00f1ez Aguilar<\/h5>\n<p>&nbsp;<\/p>\n<div id=\"attachment_188513\" style=\"width: 250px\" class=\"wp-caption alignleft\"><a href=\"http:\/\/www.diarioimagen.net\/wp-content\/uploads\/2014\/09\/arco-2438.jpg\"><img loading=\"lazy\" decoding=\"async\" aria-describedby=\"caption-attachment-188513\" class=\"size-medium wp-image-188513\" src=\"http:\/\/www.diarioimagen.net\/wp-content\/uploads\/2014\/09\/arco-2438-240x135.jpg\" alt=\"El gobernador Eruviel \u00c1vila Villegas, junto con los coordinadores de los grupos parlamentarios de la LVIII Legislatura local, destacaron que en el Estado de M\u00e9xico se vive un clima democr\u00e1tico y de respeto, producto de la buena relaci\u00f3n y del di\u00e1logo permanente que sostienen los poderes p\u00fablicos de la entidad, siempre pensado en el bienestar de los mexiquenses, ello durante la instalaci\u00f3n del S\u00e9ptimo Periodo Ordinario de Sesiones de este \u00f3rgano.\" width=\"240\" height=\"135\" srcset=\"https:\/\/www.diarioimagen.net\/wp-content\/uploads\/2014\/09\/arco-2438-240x135.jpg 240w, https:\/\/www.diarioimagen.net\/wp-content\/uploads\/2014\/09\/arco-2438-420x236.jpg 420w, https:\/\/www.diarioimagen.net\/wp-content\/uploads\/2014\/09\/arco-2438-235x132.jpg 235w, https:\/\/www.diarioimagen.net\/wp-content\/uploads\/2014\/09\/arco-2438-202x114.jpg 202w, https:\/\/www.diarioimagen.net\/wp-content\/uploads\/2014\/09\/arco-2438-350x196.jpg 350w, https:\/\/www.diarioimagen.net\/wp-content\/uploads\/2014\/09\/arco-2438-220x123.jpg 220w, https:\/\/www.diarioimagen.net\/wp-content\/uploads\/2014\/09\/arco-2438-237x132.jpg 237w, https:\/\/www.diarioimagen.net\/wp-content\/uploads\/2014\/09\/arco-2438.jpg 480w\" sizes=\"auto, (max-width: 240px) 100vw, 240px\" \/><\/a><p id=\"caption-attachment-188513\" class=\"wp-caption-text\">El gobernador Eruviel \u00c1vila Villegas, junto con los coordinadores de los grupos parlamentarios de la LVIII Legislatura local, destacaron que en el Estado de M\u00e9xico se vive un clima democr\u00e1tico y de respeto, producto de la buena relaci\u00f3n y del di\u00e1logo permanente que sostienen los poderes p\u00fablicos de la entidad, siempre pensado en el bienestar de los mexiquenses, ello durante la instalaci\u00f3n del S\u00e9ptimo Periodo Ordinario de Sesiones de este \u00f3rgano.<\/p><\/div>\n<p>El gobernador Eruviel \u00c1vila Villegas y los coordinadores de los grupos parlamentarios que conforman la LVIII Legislatura estatal, destacaron que en el Estado de M\u00e9xico se vive un clima democr\u00e1tico y de respeto, producto de la buena relaci\u00f3n y del di\u00e1logo permanente que sostienen los poderes p\u00fablicos de la entidad, siempre pensando en el bienestar de los mexiquenses. Al asistir a la instalaci\u00f3n del S\u00e9ptimo Periodo Ordinario de Sesiones de la Legislatura, el mandatario se\u00f1al\u00f3 que el gobierno del Estado de M\u00e9xico ha trabajado para establecer un clima de armon\u00eda, civilidad y respeto, donde se escucha la voz de todos los actores pol\u00edticos, a pesar de las diferencias, para que impere la democracia y el Estado de derecho. \u201cMi presencia, como bien lo dijeron los diputados hace un momento, es una muestra del respeto que le tengo a los poderes p\u00fablicos del estado y especialmente, al Poder Legislativo. Obedece a la voluntad, a la disposici\u00f3n del Ejecutivo de escuchar inquietudes, demandas, peticiones, reclamos de las diferentes fuerzas pol\u00edticas de esta C\u00e1mara\u201d, expres\u00f3. Acompa\u00f1ado de Baruch Delgado Carbajal, presidente del Tribunal Superior de Justicia estatal, asever\u00f3 que esta visita motiva a su administraci\u00f3n a continuar manteniendo una buena relaci\u00f3n con el Legislativo, con la finalidad de concretar acuerdos y consensos que permitan fortalecer la normatividad de la entidad. Al respecto, Alonso Adri\u00e1n Ju\u00e1rez Jim\u00e9nez, presidente de la LVIII Legislatura, indic\u00f3 que la asistencia del gobernador y de Baruch Delgado, es testimonio del respeto y la colaboraci\u00f3n institucional entre los tres poderes del estado.<\/p>\n<p><em><a href=\"mailto:montanezaguilar@gmail.com\" target=\"_blank\">montanezaguilar@gmail.com<\/a><\/em><\/p>\n","protected":false},"excerpt":{"rendered":"<p><span style=\"color: #005497;\"><strong>Jos\u00e9 Luis Monta\u00f1ez Aguilar<\/strong><\/span><br \/>\n<br \/>\nEl gobernador Eruviel \u00c1vila Villegas y los coordinadores de los grupos parlamentarios que conforman la LVIII Legislatura estatal, destacaron que en el Estado de M\u00e9xico se vive un clima democr\u00e1tico y de respeto, producto de la buena relaci\u00f3n y del di\u00e1logo permanente que sostienen los poderes p\u00fablicos de la entidad, siempre pensando en el bienestar de los mexiquenses. Al asistir a la instalaci\u00f3n del S\u00e9ptimo Periodo Ordinario de Sesiones de la Legislatura, el mandatario se\u00f1al\u00f3 que el gobierno del Estado de M\u00e9xico ha trabajado para establecer un clima de armon\u00eda, civilidad y respeto, donde se escucha la voz de todos los actores pol\u00edticos, a pesar de las diferencias, para que impere la democracia y el Estado de derecho. <\/p>\n","protected":false},"author":3,"featured_media":188513,"comment_status":"open","ping_status":"open","sticky":false,"template":"","format":"standard","meta":{"_monsterinsights_skip_tracking":false,"_monsterinsights_sitenote_active":false,"_monsterinsights_sitenote_note":"","_monsterinsights_sitenote_category":0,"footnotes":""},"categories":[5],"tags":[13284,43675,43704,43674],"class_list":["post-188456","post","type-post","status-publish","format-standard","has-post-thumbnail","hentry","category-estado-de-mexico","tag-arco-norte","tag-estado-de-mexico","tag-jose-luis-montanez-aguilar","tag-opinion"],"_links":{"self":[{"href":"https:\/\/www.diarioimagen.net\/index.php?rest_route=\/wp\/v2\/posts\/188456","targetHints":{"allow":["GET"]}}],"collection":[{"href":"https:\/\/www.diarioimagen.net\/index.php?rest_route=\/wp\/v2\/posts"}],"about":[{"href":"https:\/\/www.diarioimagen.net\/index.php?rest_route=\/wp\/v2\/types\/post"}],"author":[{"embeddable":true,"href":"https:\/\/www.diarioimagen.net\/index.php?rest_route=\/wp\/v2\/users\/3"}],"replies":[{"embeddable":true,"href":"https:\/\/www.diarioimagen.net\/index.php?rest_route=%2Fwp%2Fv2%2Fcomments&post=188456"}],"version-history":[{"count":0,"href":"https:\/\/www.diarioimagen.net\/index.php?rest_route=\/wp\/v2\/posts\/188456\/revisions"}],"wp:featuredmedia":[{"embeddable":true,"href":"https:\/\/www.diarioimagen.net\/index.php?rest_route=\/wp\/v2\/media\/188513"}],"wp:attachment":[{"href":"https:\/\/www.diarioimagen.net\/index.php?rest_route=%2Fwp%2Fv2%2Fmedia&parent=188456"}],"wp:term":[{"taxonomy":"category","embeddable":true,"href":"https:\/\/www.diarioimagen.net\/index.php?rest_route=%2Fwp%2Fv2%2Fcategories&post=188456"},{"taxonomy":"post_tag","embeddable":true,"href":"https:\/\/www.diarioimagen.net\/index.php?rest_route=%2Fwp%2Fv2%2Ftags&post=188456"}],"curies":[{"name":"wp","href":"https:\/\/api.w.org\/{rel}","templated":true}]}}