{"id":188462,"date":"2014-09-08T00:07:23","date_gmt":"2014-09-08T05:07:23","guid":{"rendered":"http:\/\/www.diarioimagen.net\/?p=188462"},"modified":"2014-09-08T03:05:57","modified_gmt":"2014-09-08T08:05:57","slug":"jornadas-legislativas-sin-descanso","status":"publish","type":"post","link":"https:\/\/www.diarioimagen.net\/?p=188462","title":{"rendered":"Jornadas legislativas sin descanso"},"content":{"rendered":"<h2>Tras la puerta del poder<\/h2>\n<h5>Roberto Vizca\u00edno<\/h5>\n<p>&nbsp;<\/p>\n<ul>\n<li><strong><em>Diputados y senadores buscar\u00e1n integrar una agenda \u00fanica legislativa para optimizar el trabajo camaral<\/em><\/strong><\/li>\n<li><strong><em>Paulatina, pero persistentemente, la Funci\u00f3n P\u00fablica cierra caminos a la corrupci\u00f3n de funcionarios<\/em><\/strong><\/li>\n<li><strong><em>La Comisi\u00f3n Nacional Bancaria y de Valores ense\u00f1a a agentes c\u00f3mo encontrar dineros provenientes del crimen<\/em><\/strong><\/li>\n<\/ul>\n<p>&nbsp;<\/p>\n<div id=\"attachment_188537\" style=\"width: 250px\" class=\"wp-caption alignleft\"><a href=\"http:\/\/www.diarioimagen.net\/wp-content\/uploads\/2014\/09\/gasolinasos-LUIS-XAVIER-2438.jpg\" target=\"_blank\"><img loading=\"lazy\" decoding=\"async\" aria-describedby=\"caption-attachment-188537\" class=\"size-medium wp-image-188537\" src=\"http:\/\/www.diarioimagen.net\/wp-content\/uploads\/2014\/09\/gasolinasos-LUIS-XAVIER-2438-240x185.jpg\" alt=\"Gasolina$o$ | Luis Xavier\" width=\"240\" height=\"185\" srcset=\"https:\/\/www.diarioimagen.net\/wp-content\/uploads\/2014\/09\/gasolinasos-LUIS-XAVIER-2438-240x185.jpg 240w, https:\/\/www.diarioimagen.net\/wp-content\/uploads\/2014\/09\/gasolinasos-LUIS-XAVIER-2438-420x323.jpg 420w, https:\/\/www.diarioimagen.net\/wp-content\/uploads\/2014\/09\/gasolinasos-LUIS-XAVIER-2438.jpg 1200w\" sizes=\"auto, (max-width: 240px) 100vw, 240px\" \/><\/a><p id=\"caption-attachment-188537\" class=\"wp-caption-text\">Gasolina$o$ | Luis Xavier<\/p><\/div>\n<p>En lo que parece ser\u00e1 un estilo de trabajo durante este fin de a\u00f1o, en San L\u00e1zaro los diputados decidieron sesionar tres veces esta semana para poder atender la comparecencia de varios secretarios de Estado que acudir\u00e1n a explicar el Segundo Informe del mandatario, y para iniciar el an\u00e1lisis del paquete econ\u00f3mico 2015.<\/p>\n<p>Este ritmo se trasladar\u00e1 sin duda hacia el Senado, donde el presidente Miguel Barbosa ya adelant\u00f3 que buscar\u00e1 al presidente de los diputados, al perredista michoacano Silvano Aureoles para proponerle fijar una agenda \u00fanica legislativa que optime tiempos y esfuerzos en el Congreso.<\/p>\n<p>En esta sinton\u00eda al parecer est\u00e1n los coordinadores parlamentarios, quienes seg\u00fan lo indic\u00f3 Manlio Fabio Beltrones, l\u00edder de la bancada del tricolor en la C\u00e1mara baja, le entrar\u00e1n de lleno apenas comiencen a aparecer hoy senadores y diputados en sus respectivos recintos, a debatir la Ley de Ingresos y el Presupuesto de Egresos de la Federaci\u00f3n.<\/p>\n<p>En medio de eso analizar\u00e1n tambi\u00e9n los Criterios Generales de Pol\u00edtica Econ\u00f3mica que, dijo el sonorense, \u201cson los principales instrumentos para la conducci\u00f3n econ\u00f3mica del pa\u00eds y la plataforma indispensable para la buena marcha de las reformas recientemente concluidas\u201d.<\/p>\n<p>Todo eso sin descuidar, agreg\u00f3 el presidente de la Junta de Coordinaci\u00f3n Pol\u00edtica en San L\u00e1zaro, el rol de comparecencias que iniciar\u00e1 el mi\u00e9rcoles con la asistencia del secretario de Hacienda, Luis Videgaray, ante el pleno de San L\u00e1zaro.<\/p>\n<p>El sonorense explic\u00f3 que el paquete econ\u00f3mico se abordar\u00e1 bajo el principio de tres ejes fundamentales, que son:<\/p>\n<p>1) Que el Presupuesto de Egresos prev\u00e9 la aplicaci\u00f3n de un monto de 4.6 billones, no s\u00f3lo para enfrentar los gastos y proyectos tradicionales del gobierno, sino para \u00a0garantizar que las reformas econ\u00f3micas comiencen a rendir frutos de inmediato y dinamicen el crecimiento del pa\u00eds;<\/p>\n<p>2) Que el gasto previsto para aplicarse en los programas sociales prioritarios, incluyendo la iniciativa denominada Prospera, realmente aseguren el aumento del bienestar de las familias, y;<\/p>\n<p>3) Que el gasto del gobierno se aplicar\u00e1\u00a0 con total transparencia. Todo ello en un contexto de responsabilidad fiscal y finanzas p\u00fablicas sanas, sin modificar el r\u00e9gimen tributario vigente y en un marco de estabilidad macroecon\u00f3mica.<\/p>\n<p>Beltrones afirm\u00f3 que su grupo &#8211;el m\u00e1s numeroso en esta legislatura&#8211;, buscar\u00e1 que el presupuesto de 2015 garantice los recursos necesarios hacer realidad las obras de infraestructura prometidas por el presidente Pe\u00f1a Nieto.<\/p>\n<p>Eso incluye, agreg\u00f3, recursos para la expansi\u00f3n de 2 l\u00edneas del Metro en el DF; el inicio de la construcci\u00f3n del nuevo Aeropuerto Internacional de la Ciudad de M\u00e9xico y el extenso plan de construcci\u00f3n y modernizaci\u00f3n de las autopistas del pa\u00eds.<\/p>\n<p>El coordinador de los legisladores del PRI consider\u00f3 que el paquete econ\u00f3mico de 2015, representa una gran oportunidad de dinamizar el crecimiento de M\u00e9xico ya que dota al Estado de las herramientas necesarias para ejercer un gasto p\u00fablico responsable, con sensibilidad social y con transparencia.<\/p>\n<p>Beltrones dijo que sobre todo lo referente a la transparencia es una de las demandas sociales m\u00e1s fuertes en este momento.<\/p>\n<p>De ah\u00ed que la C\u00e1mara de Diputados, indic\u00f3, comenzar\u00e1 a operar una nueva p\u00e1gina en Internet en la que todos los ciudadanos podr\u00e1n acceder libremente a toda la informaci\u00f3n sobre el manejo financiero en San L\u00e1zaro.<\/p>\n<p style=\"text-align: center;\">\u00a0<strong>TRANSPARENCIA Y AUSTERIDAD<\/strong><\/p>\n<p>En este mismo sentido, el presidente del Senado, el perredista poblano Miguel Barbosa indic\u00f3 que en la c\u00e1mara alta se buscar\u00e1 cumplir con tres objetivos: productividad, transparencia y austeridad.<\/p>\n<p>Explic\u00f3 que frente a una sociedad cada vez m\u00e1s diversa, plural e informada, los poderes p\u00fablicos requieren responder con mayores niveles de eficacia y transparencia dentro de los cuales nadie puede ser la excepci\u00f3n.<\/p>\n<p style=\"text-align: center;\">\u00a0<strong>NO HEMOS TERMINADO<\/strong><\/p>\n<p>A su vez, el coordinador de los senadores del PRI, el yucateco Emilio Gamboa indic\u00f3 que aunque pareciera que con la aprobaci\u00f3n de 11 reformas estructurales el trabajo legislativo del Congreso ya termin\u00f3, la verdad es que las tareas contin\u00faan.<\/p>\n<p>\u201cEn los pr\u00f3ximos d\u00edas nombraremos a los consejeros de la Judicatura Federal y tramitaremos la iniciativa preferente para la protecci\u00f3n de nuestros infantes y adolescentes\u2026 adem\u00e1s de atender la Glosa del Segundo Informe del presidente Enrique Pe\u00f1a Nieto y de los nombramientos en los \u00f3rganos reguladores y del comit\u00e9 t\u00e9cnico del Fondo Mexicano del Petr\u00f3leo.<\/p>\n<p>\u201cLos senadores del PRI sabemos que con las reformas estructurales no hemos concluido nuestra labor\u201d, dijo al comprometerse a redoblar el esfuerzo.<\/p>\n<p style=\"text-align: center;\"><strong>CAPACITACI\u00d3N vs CORRUPCI\u00d3N<\/strong><\/p>\n<p>Frente a una ola creciente de reclamos para transparentar gastos y aplicaci\u00f3n de recursos gubernamentales en todas las \u00e1reas de la administraci\u00f3n p\u00fablica, el titular de la Funci\u00f3n P\u00fablica, Juli\u00e1n Olivas Ugalde, asegur\u00f3 que la capacitaci\u00f3n de los servidores p\u00fablicos es fundamental en la labor preventiva contra la corrupci\u00f3n.<\/p>\n<p>Consider\u00f3 que hoy simplemente ya no se pueden improvisar servidores p\u00fablicos, \u201cpues se requiere de funcionarios preparados, competentes, que ejerzan su trabajo con seriedad y responsabilidad\u201d, advirti\u00f3.<\/p>\n<p>Olivas Ugalde, quien clausur\u00f3 el Curso de Capacitaci\u00f3n: \u201cContrataci\u00f3n de Adquisiciones, Arrendamientos y Servicios\u201d, impartido por miembros de la Comisi\u00f3n Federal para la Protecci\u00f3n Contra Riesgos Sanitarios dijo que frente a una sociedad m\u00e1s informada y demandante, resulta indispensable tener conocimiento profundo de la ley, los reglamentos y de todas las normas dirigidas a la transparencia y rendici\u00f3n de cuentas.<\/p>\n<p style=\"text-align: center;\"><strong>\u00a1VAYA, UNA BUENA!<\/strong><\/p>\n<p>Sin ninguna duda casi todas las actividades delictivas tienen como fin la obtenci\u00f3n de dinero.<\/p>\n<p>De ah\u00ed que una de las primeras medidas del combate a los malos de la sociedad sea precisamente cortarles sus fuentes de financiamiento. Si no hay dinero no hay raz\u00f3n para seguir dentro de la actividad delictiva. As\u00ed de f\u00e1cil.<\/p>\n<p>Por eso, el anuncio hecho dentro del Marco de la Estrategia Nacional Antisecuestro &#8211;incluida la Coordinaci\u00f3n Nacional Antisecuestro&#8211;, de que la Comisi\u00f3n Nacional Bancaria y de Valores inici\u00f3 la capacitaci\u00f3n de personal operativo y de inteligencia financiera para que puedan conocer el destino de los recursos que un grupo delictivo obtiene por liberar a una v\u00edctima de secuestro, sea uno de los m\u00e1s importantes.<\/p>\n<p>De entrada el \u201cTaller para la Instalaci\u00f3n y Operaci\u00f3n del Programa Inform\u00e1tico Sistema de Atenci\u00f3n de Requerimientos de Autoridad\u201d, incluy\u00f3 a los titulares de las Unidades Especializadas Contra el Secuestro, y a funcionarios designados por las Procuradur\u00edas y Fiscal\u00edas de Campeche, Chiapas, Oaxaca, Quintana Roo, Tabasco, Veracruz y Yucat\u00e1n, quienes a partir de esta capacitaci\u00f3n podr\u00e1n identificar operaciones con recursos de procedencia il\u00edcita.<\/p>\n<p>El coordinador nacional antisecuestro, Renato Sales Heredia, consider\u00f3 que esta capacitaci\u00f3n dar\u00e1 las herramientas tecnol\u00f3gicas para solicitar a la CNBV informaci\u00f3n y documentaci\u00f3n de clientes y usuarios de las instituciones financieras que pudieran estar relacionados con el delito de secuestro.<\/p>\n<p>Esta capacitaci\u00f3n permitir\u00e1\u00a0 a agentes y autoridades judiciales en el pa\u00eds a obtener\u00a0 de un transmisor de dinero o centro cambiario, la informaci\u00f3n inmediata de sus usuarios y cerrar la ruta del dinero producto de secuestros y otros delitos, clave para disminuir la prevalencia de los grupos de delincuencia organizada, indic\u00f3 Sales.<\/p>\n<p>\u201cMuchas veces\u00a0 los secuestradores utilizan el dinero para comprar ranchos o inmuebles\u2026 de pronto compran bienes en grandes cantidades\u201d, apunt\u00f3 Sales Heredia y eso permite su localizaci\u00f3n.<\/p>\n<p><em><a href=\"mailto:rvizcainoa@gmail.com\">rvizcainoa@gmail.com<\/a><\/em><\/p>\n","protected":false},"excerpt":{"rendered":"<p><span style=\"color: #005497;\"><strong>Roberto Vizca\u00edno<\/strong><\/span><br \/>\n<br \/>\nEn lo que parece ser\u00e1 un estilo de trabajo durante este fin de a\u00f1o, en San L\u00e1zaro los diputados decidieron sesionar tres veces esta semana para poder atender la comparecencia de varios secretarios de Estado que acudir\u00e1n a explicar el Segundo Informe del mandatario, y para iniciar el an\u00e1lisis del paquete econ\u00f3mico 2015.<\/p>\n","protected":false},"author":3,"featured_media":188537,"comment_status":"open","ping_status":"open","sticky":false,"template":"","format":"standard","meta":{"_monsterinsights_skip_tracking":false,"_monsterinsights_sitenote_active":false,"_monsterinsights_sitenote_note":"","_monsterinsights_sitenote_category":0,"footnotes":""},"categories":[136],"tags":[20663,43674,93,94],"class_list":["post-188462","post","type-post","status-publish","format-standard","has-post-thumbnail","hentry","category-roberto-vizcaino-opinion","tag-morena","tag-opinion","tag-roberto-vizcaino","tag-tras-la-puerta-del-poder"],"_links":{"self":[{"href":"https:\/\/www.diarioimagen.net\/index.php?rest_route=\/wp\/v2\/posts\/188462","targetHints":{"allow":["GET"]}}],"collection":[{"href":"https:\/\/www.diarioimagen.net\/index.php?rest_route=\/wp\/v2\/posts"}],"about":[{"href":"https:\/\/www.diarioimagen.net\/index.php?rest_route=\/wp\/v2\/types\/post"}],"author":[{"embeddable":true,"href":"https:\/\/www.diarioimagen.net\/index.php?rest_route=\/wp\/v2\/users\/3"}],"replies":[{"embeddable":true,"href":"https:\/\/www.diarioimagen.net\/index.php?rest_route=%2Fwp%2Fv2%2Fcomments&post=188462"}],"version-history":[{"count":0,"href":"https:\/\/www.diarioimagen.net\/index.php?rest_route=\/wp\/v2\/posts\/188462\/revisions"}],"wp:featuredmedia":[{"embeddable":true,"href":"https:\/\/www.diarioimagen.net\/index.php?rest_route=\/wp\/v2\/media\/188537"}],"wp:attachment":[{"href":"https:\/\/www.diarioimagen.net\/index.php?rest_route=%2Fwp%2Fv2%2Fmedia&parent=188462"}],"wp:term":[{"taxonomy":"category","embeddable":true,"href":"https:\/\/www.diarioimagen.net\/index.php?rest_route=%2Fwp%2Fv2%2Fcategories&post=188462"},{"taxonomy":"post_tag","embeddable":true,"href":"https:\/\/www.diarioimagen.net\/index.php?rest_route=%2Fwp%2Fv2%2Ftags&post=188462"}],"curies":[{"name":"wp","href":"https:\/\/api.w.org\/{rel}","templated":true}]}}