{"id":188480,"date":"2014-09-08T00:08:21","date_gmt":"2014-09-08T05:08:21","guid":{"rendered":"http:\/\/www.diarioimagen.net\/?p=188480"},"modified":"2014-09-08T02:57:57","modified_gmt":"2014-09-08T07:57:57","slug":"diputados-acuden-a-reunion-sobre-el-nuevo-aeropuerto","status":"publish","type":"post","link":"https:\/\/www.diarioimagen.net\/?p=188480","title":{"rendered":"Diputados acuden a reuni\u00f3n sobre el nuevo aeropuerto"},"content":{"rendered":"<ul>\n<li><strong><em>Explican los beneficios para el Edomex<\/em><\/strong><\/li>\n<\/ul>\n<div id=\"attachment_188522\" style=\"width: 250px\" class=\"wp-caption alignleft\"><a href=\"http:\/\/www.diarioimagen.net\/wp-content\/uploads\/2014\/09\/legislatura-2438.jpg\"><img loading=\"lazy\" decoding=\"async\" aria-describedby=\"caption-attachment-188522\" class=\"size-medium wp-image-188522\" src=\"http:\/\/www.diarioimagen.net\/wp-content\/uploads\/2014\/09\/legislatura-2438-240x135.jpg\" alt=\"Los diputados mexiquenses hicieron una recapitulaci\u00f3n de los beneficios que generar\u00e1 el nuevo aeropuerto.\" width=\"240\" height=\"135\" srcset=\"https:\/\/www.diarioimagen.net\/wp-content\/uploads\/2014\/09\/legislatura-2438-240x135.jpg 240w, https:\/\/www.diarioimagen.net\/wp-content\/uploads\/2014\/09\/legislatura-2438-420x236.jpg 420w, https:\/\/www.diarioimagen.net\/wp-content\/uploads\/2014\/09\/legislatura-2438-235x132.jpg 235w, https:\/\/www.diarioimagen.net\/wp-content\/uploads\/2014\/09\/legislatura-2438-202x114.jpg 202w, https:\/\/www.diarioimagen.net\/wp-content\/uploads\/2014\/09\/legislatura-2438-350x196.jpg 350w, https:\/\/www.diarioimagen.net\/wp-content\/uploads\/2014\/09\/legislatura-2438-220x123.jpg 220w, https:\/\/www.diarioimagen.net\/wp-content\/uploads\/2014\/09\/legislatura-2438-237x132.jpg 237w, https:\/\/www.diarioimagen.net\/wp-content\/uploads\/2014\/09\/legislatura-2438.jpg 480w\" sizes=\"auto, (max-width: 240px) 100vw, 240px\" \/><\/a><p id=\"caption-attachment-188522\" class=\"wp-caption-text\">Los diputados mexiquenses hicieron una recapitulaci\u00f3n de los beneficios que generar\u00e1 el nuevo aeropuerto.<\/p><\/div>\n<p><strong>Toluca, Estado de M\u00e9xico<\/strong>.- Diputados locales de diversos partidos pol\u00edticos, entre ellos, Aar\u00f3n Urbina Bedolla, presidente de la Junta de Coordinaci\u00f3n Pol\u00edtica (JCP), acudieron a la sesi\u00f3n informativa sobre infraestructura de impacto en el Estado de M\u00e9xico, especialmente sobre el proyecto de nuevo aeropuerto de la ciudad de M\u00e9xico que se ubicar\u00e1 en el territorio mexiquense, encabezada por el gobernador Eruviel \u00c1vila Villegas y Gerardo Ruiz Esparza, secretario de Comunicaciones y Transportes del gobierno federal.<\/p>\n<p>Durante la reuni\u00f3n, en presencia de los diputados Alonso Adri\u00e1n Ju\u00e1rez Jim\u00e9nez, presidente de la mesa directiva; Ulises Ram\u00edrez N\u00fa\u00f1ez, V\u00edctor Estrada Garibay, Higinio Mart\u00ednez Miranda y \u00d3scar Gonz\u00e1lez Y\u00e1\u00f1ez, vicepresidente, secretario y vocales de la JCP, respectivamente, adem\u00e1s de otros legisladores locales y federales, alcaldes, l\u00edderes sociales, sindicales y empresariales, as\u00ed como rectores de universidades y acad\u00e9micos recibieron informaci\u00f3n de los funcionarios federales sobre los beneficios de este proyecto, adem\u00e1s de que participaron en una sesi\u00f3n de preguntas y comentarios del p\u00fablico.<\/p>\n<p>El gobernador Eruviel \u00c1vila coincidi\u00f3 con la propuesta del secretario Gerardo Ruiz respecto a la integraci\u00f3n de una mesa de trabajo, para que se incorpore una representaci\u00f3n de diputados locales y de presidentes municipales, adem\u00e1s de que pidi\u00f3 que, en una pr\u00f3xima reuni\u00f3n, el titular de la Secretar\u00eda de Desarrollo Agrario, Territorial y Urbano, Jorge Carlos Ram\u00edrez Mar\u00edn, abunde sobre el plan en materia de desarrollo para la regi\u00f3n.<\/p>\n","protected":false},"excerpt":{"rendered":"<p>Diputados locales de diversos partidos pol\u00edticos, entre ellos, Aar\u00f3n Urbina Bedolla, presidente de la Junta de Coordinaci\u00f3n Pol\u00edtica (JCP), acudieron a la sesi\u00f3n informativa sobre infraestructura de impacto en el Estado de M\u00e9xico, especialmente sobre el proyecto de nuevo aeropuerto de la ciudad de M\u00e9xico que se ubicar\u00e1 en el territorio mexiquense, encabezada por el gobernador Eruviel \u00c1vila Villegas y Gerardo Ruiz Esparza, secretario de Comunicaciones y Transportes del gobierno federal.<\/p>\n","protected":false},"author":3,"featured_media":188522,"comment_status":"open","ping_status":"open","sticky":false,"template":"","format":"standard","meta":{"_monsterinsights_skip_tracking":false,"_monsterinsights_sitenote_active":false,"_monsterinsights_sitenote_note":"","_monsterinsights_sitenote_category":0,"footnotes":""},"categories":[5],"tags":[5736,43675,452],"class_list":["post-188480","post","type-post","status-publish","format-standard","has-post-thumbnail","hentry","category-estado-de-mexico","tag-aeropuerto-internacional-de-la-ciudad-de-mexico","tag-estado-de-mexico","tag-toluca"],"_links":{"self":[{"href":"https:\/\/www.diarioimagen.net\/index.php?rest_route=\/wp\/v2\/posts\/188480","targetHints":{"allow":["GET"]}}],"collection":[{"href":"https:\/\/www.diarioimagen.net\/index.php?rest_route=\/wp\/v2\/posts"}],"about":[{"href":"https:\/\/www.diarioimagen.net\/index.php?rest_route=\/wp\/v2\/types\/post"}],"author":[{"embeddable":true,"href":"https:\/\/www.diarioimagen.net\/index.php?rest_route=\/wp\/v2\/users\/3"}],"replies":[{"embeddable":true,"href":"https:\/\/www.diarioimagen.net\/index.php?rest_route=%2Fwp%2Fv2%2Fcomments&post=188480"}],"version-history":[{"count":0,"href":"https:\/\/www.diarioimagen.net\/index.php?rest_route=\/wp\/v2\/posts\/188480\/revisions"}],"wp:featuredmedia":[{"embeddable":true,"href":"https:\/\/www.diarioimagen.net\/index.php?rest_route=\/wp\/v2\/media\/188522"}],"wp:attachment":[{"href":"https:\/\/www.diarioimagen.net\/index.php?rest_route=%2Fwp%2Fv2%2Fmedia&parent=188480"}],"wp:term":[{"taxonomy":"category","embeddable":true,"href":"https:\/\/www.diarioimagen.net\/index.php?rest_route=%2Fwp%2Fv2%2Fcategories&post=188480"},{"taxonomy":"post_tag","embeddable":true,"href":"https:\/\/www.diarioimagen.net\/index.php?rest_route=%2Fwp%2Fv2%2Ftags&post=188480"}],"curies":[{"name":"wp","href":"https:\/\/api.w.org\/{rel}","templated":true}]}}