{"id":188608,"date":"2014-09-09T00:06:01","date_gmt":"2014-09-09T05:06:01","guid":{"rendered":"http:\/\/www.diarioimagen.net\/?p=188608"},"modified":"2014-09-10T04:10:19","modified_gmt":"2014-09-10T09:10:19","slug":"eav-propone-agenda-bilateral-de-conago-con-gobernadores-de-eu","status":"publish","type":"post","link":"https:\/\/www.diarioimagen.net\/?p=188608","title":{"rendered":"EAV propone agenda bilateral de Conago con gobernadores de EU"},"content":{"rendered":"<ul>\n<li><strong><em>Se\u00f1ala que el objetivo es establecer una agenda de trabajo que permita fortalecer el desarrollo y la econom\u00eda de Am\u00e9rica del Norte<\/em><\/strong><\/li>\n<\/ul>\n<div id=\"attachment_188670\" style=\"width: 250px\" class=\"wp-caption alignleft\"><a href=\"http:\/\/www.diarioimagen.net\/wp-content\/uploads\/2014\/09\/eruviel-2439.jpg\"><img loading=\"lazy\" decoding=\"async\" aria-describedby=\"caption-attachment-188670\" class=\"size-medium wp-image-188670\" src=\"http:\/\/www.diarioimagen.net\/wp-content\/uploads\/2014\/09\/eruviel-2439-240x144.jpg\" alt=\"El gobernador Eruviel \u00c1vila Villegas se reuni\u00f3 con su hom\u00f3logo estadounidense de Nueva Jersey, Chris Christie, y en su calidad de coordinador de la Comisi\u00f3n de Asuntos Internacionales de la Conago, propuso realizar un encuentro entre los mandatarios estatales de ambos pa\u00edses, con el prop\u00f3sito de establecer una agenda de trabajo que permita fortalecer el desarrollo y la econom\u00eda de Am\u00e9rica del Norte.\" width=\"240\" height=\"144\" srcset=\"https:\/\/www.diarioimagen.net\/wp-content\/uploads\/2014\/09\/eruviel-2439-240x144.jpg 240w, https:\/\/www.diarioimagen.net\/wp-content\/uploads\/2014\/09\/eruviel-2439-420x252.jpg 420w, https:\/\/www.diarioimagen.net\/wp-content\/uploads\/2014\/09\/eruviel-2439.jpg 1109w\" sizes=\"auto, (max-width: 240px) 100vw, 240px\" \/><\/a><p id=\"caption-attachment-188670\" class=\"wp-caption-text\">El gobernador Eruviel \u00c1vila Villegas se reuni\u00f3 con su hom\u00f3logo estadounidense de Nueva Jersey, Chris Christie, y en su calidad de coordinador de la Comisi\u00f3n de Asuntos Internacionales de la Conago, propuso realizar un encuentro entre los mandatarios estatales de ambos pa\u00edses, con el prop\u00f3sito de establecer una agenda de trabajo que permita fortalecer el desarrollo y la econom\u00eda de Am\u00e9rica del Norte.<\/p><\/div>\n<p><strong>Huixquilucan, Estado de M\u00e9xico<\/strong>.- Durante una reuni\u00f3n con su hom\u00f3logo estadounidense de Nueva Jersey, Chris Christie, el gobernador Eruviel \u00c1vila Villegas, en su calidad de coordinador de la Comisi\u00f3n de Asuntos Internacionales de la Conferencia Nacional de Gobernadores (Conago), propuso la realizaci\u00f3n de un encuentro entre los mandatarios estatales de M\u00e9xico y Estados Unidos, con la finalidad de establecer una agenda de trabajo que permita fortalecer el desarrollo y la econom\u00eda de Am\u00e9rica del Norte.<\/p>\n<p>\u201cLe expreso en nombre de la Comisi\u00f3n de Asuntos Internacionales de la Conago, la disposici\u00f3n de los gobernadores del pa\u00eds para poder estrechar lazos, en lo particular con su gobierno, y tambi\u00e9n con la Asociaci\u00f3n de Gobernadores de los Estados Unidos; tenemos fe y yo s\u00e9 que usted nos podr\u00eda apoyar, se\u00f1or gobernador, para que podamos tener un encuentro con una agenda muy concreta, los gobernadores de Estados Unidos y los gobernadores de nuestro pa\u00eds, para fortalecer los lazos y hacer que crezca a\u00fan m\u00e1s la regi\u00f3n de Am\u00e9rica del Norte\u201d, indic\u00f3.<\/p>\n<p>Ante el embajador de Estados Unidos en M\u00e9xico, Anthony Wayne, y el gobernador de Quintana Roo, Roberto Borge Angulo, Eruviel Avila destac\u00f3 que a trav\u00e9s de este tipo de reuniones se fortalecen los lazos culturales, acad\u00e9micos, comerciales y de amistad.<\/p>\n<p>Adem\u00e1s, dijo, se da seguimiento, desde el \u00e1mbito estatal, a los acuerdos que se tomaron en la Cumbre de L\u00edderes de Am\u00e9rica del Norte, que se llev\u00f3 a cabo en febrero de este a\u00f1o en la ciudad de Toluca, donde participaron los presidentes de M\u00e9xico y Estados Unidos, Enrique Pe\u00f1a Nieto y Barack Obama, respectivamente, as\u00ed como el primer ministro de Canad\u00e1, Stephen Harper.<\/p>\n<p>Eruviel \u00c1vila agradeci\u00f3 tambi\u00e9n a su hom\u00f3logo de Nueva Jersey la solidaridad que su gobierno da a los migrantes mexicanos y latinoamericanos, apoy\u00e1ndoles en materia educativa, al permitir que los hijos de aquellos que no cuenten con documentos legales de residencia, puedan continuar sus estudios, motivo por el cual, le otorg\u00f3 el nombramiento de visitante distinguido del Estado de M\u00e9xico.<\/p>\n<p>Por su parte, Chris Christie indic\u00f3 que las reformas estructurales recientemente aprobadas en el pa\u00eds son una oportunidad para que la regi\u00f3n de Am\u00e9rica del Norte sea m\u00e1s fuerte en su econom\u00eda. Asimismo, destac\u00f3 algunas de las similitudes que M\u00e9xico tiene con Estados Unidos, como el sistema democr\u00e1tico y el libre comercio, lo que genera una sociedad m\u00e1s\u00a0 equitativa.<\/p>\n","protected":false},"excerpt":{"rendered":"<p>Durante una reuni\u00f3n con su hom\u00f3logo estadounidense de Nueva Jersey, Chris Christie, el gobernador Eruviel \u00c1vila Villegas, en su calidad de coordinador de la Comisi\u00f3n de Asuntos Internacionales de la Conferencia Nacional de Gobernadores (Conago), propuso la realizaci\u00f3n de un encuentro entre los mandatarios estatales de M\u00e9xico y Estados Unidos, con la finalidad de establecer una agenda de trabajo que permita fortalecer el desarrollo y la econom\u00eda de Am\u00e9rica del Norte.<\/p>\n","protected":false},"author":3,"featured_media":188670,"comment_status":"open","ping_status":"open","sticky":false,"template":"","format":"standard","meta":{"_monsterinsights_skip_tracking":false,"_monsterinsights_sitenote_active":false,"_monsterinsights_sitenote_note":"","_monsterinsights_sitenote_category":0,"footnotes":""},"categories":[5],"tags":[4277,5828,43675,1097],"class_list":["post-188608","post","type-post","status-publish","format-standard","has-post-thumbnail","hentry","category-estado-de-mexico","tag-conago","tag-eruviel-avila-villegas","tag-estado-de-mexico","tag-huixquilucan"],"_links":{"self":[{"href":"https:\/\/www.diarioimagen.net\/index.php?rest_route=\/wp\/v2\/posts\/188608","targetHints":{"allow":["GET"]}}],"collection":[{"href":"https:\/\/www.diarioimagen.net\/index.php?rest_route=\/wp\/v2\/posts"}],"about":[{"href":"https:\/\/www.diarioimagen.net\/index.php?rest_route=\/wp\/v2\/types\/post"}],"author":[{"embeddable":true,"href":"https:\/\/www.diarioimagen.net\/index.php?rest_route=\/wp\/v2\/users\/3"}],"replies":[{"embeddable":true,"href":"https:\/\/www.diarioimagen.net\/index.php?rest_route=%2Fwp%2Fv2%2Fcomments&post=188608"}],"version-history":[{"count":0,"href":"https:\/\/www.diarioimagen.net\/index.php?rest_route=\/wp\/v2\/posts\/188608\/revisions"}],"wp:featuredmedia":[{"embeddable":true,"href":"https:\/\/www.diarioimagen.net\/index.php?rest_route=\/wp\/v2\/media\/188670"}],"wp:attachment":[{"href":"https:\/\/www.diarioimagen.net\/index.php?rest_route=%2Fwp%2Fv2%2Fmedia&parent=188608"}],"wp:term":[{"taxonomy":"category","embeddable":true,"href":"https:\/\/www.diarioimagen.net\/index.php?rest_route=%2Fwp%2Fv2%2Fcategories&post=188608"},{"taxonomy":"post_tag","embeddable":true,"href":"https:\/\/www.diarioimagen.net\/index.php?rest_route=%2Fwp%2Fv2%2Ftags&post=188608"}],"curies":[{"name":"wp","href":"https:\/\/api.w.org\/{rel}","templated":true}]}}