{"id":188624,"date":"2014-09-09T00:08:45","date_gmt":"2014-09-09T05:08:45","guid":{"rendered":"http:\/\/www.diarioimagen.net\/?p=188624"},"modified":"2014-09-09T02:56:47","modified_gmt":"2014-09-09T07:56:47","slug":"inicia-edificacion-de-centro-hospitalario-en-naucalpan","status":"publish","type":"post","link":"https:\/\/www.diarioimagen.net\/?p=188624","title":{"rendered":"Inicia edificaci\u00f3n de centro hospitalario en Naucalpan"},"content":{"rendered":"<ul>\n<li><strong><em>Colocan la primera piedra<\/em><\/strong><\/li>\n<\/ul>\n<div id=\"attachment_188689\" style=\"width: 250px\" class=\"wp-caption alignleft\"><a href=\"http:\/\/www.diarioimagen.net\/wp-content\/uploads\/2014\/09\/naucalpan-2439.jpg\"><img loading=\"lazy\" decoding=\"async\" aria-describedby=\"caption-attachment-188689\" class=\"size-medium wp-image-188689\" src=\"http:\/\/www.diarioimagen.net\/wp-content\/uploads\/2014\/09\/naucalpan-2439-240x135.jpg\" alt=\"Arrancaron las obras de lo que ser\u00e1 el Centro de Atenci\u00f3n a Personas con Discapacidad Visual, que tendr\u00e1 como anexo el Hospital Geri\u00e1trico. C\u00e9sar G\u00f3mez Monge coloc\u00f3 la primera piedra.\" width=\"240\" height=\"135\" srcset=\"https:\/\/www.diarioimagen.net\/wp-content\/uploads\/2014\/09\/naucalpan-2439-240x135.jpg 240w, https:\/\/www.diarioimagen.net\/wp-content\/uploads\/2014\/09\/naucalpan-2439-420x236.jpg 420w, https:\/\/www.diarioimagen.net\/wp-content\/uploads\/2014\/09\/naucalpan-2439-235x132.jpg 235w, https:\/\/www.diarioimagen.net\/wp-content\/uploads\/2014\/09\/naucalpan-2439-202x114.jpg 202w, https:\/\/www.diarioimagen.net\/wp-content\/uploads\/2014\/09\/naucalpan-2439-350x196.jpg 350w, https:\/\/www.diarioimagen.net\/wp-content\/uploads\/2014\/09\/naucalpan-2439-220x123.jpg 220w, https:\/\/www.diarioimagen.net\/wp-content\/uploads\/2014\/09\/naucalpan-2439-237x132.jpg 237w, https:\/\/www.diarioimagen.net\/wp-content\/uploads\/2014\/09\/naucalpan-2439.jpg 480w\" sizes=\"auto, (max-width: 240px) 100vw, 240px\" \/><\/a><p id=\"caption-attachment-188689\" class=\"wp-caption-text\">Arrancaron las obras de lo que ser\u00e1 el Centro de Atenci\u00f3n a Personas con Discapacidad Visual, que tendr\u00e1 como anexo el Hospital Geri\u00e1trico. C\u00e9sar G\u00f3mez Monge coloc\u00f3 la primera piedra.<\/p><\/div>\n<p><strong>Naucalpan, Estado de M\u00e9xico<\/strong>.- El presidente municipal, David S\u00e1nchez Guevara; el secretario de Salud del Edomex, C\u00e9sar Nomar G\u00f3mez Monge y el diputado por el XXIX distrito, David Parra S\u00e1nchez, acompa\u00f1ados por la titular del DIF municipal \u00c9rika Peralta Lazo, colocaron la primera piedra de lo que ser\u00e1 el Centro de Atenci\u00f3n a Personas con Discapacidad Visual y el Hospital Geri\u00e1trico.<\/p>\n<p>\u201cHoy estamos haciendo historia de progreso y modernidad para nuestro municipio\u00a0 colocando la primera piedra de una nueva etapa de m\u00e1s y mejores oportunidades de salud para todos los naucalpenses\u201d, dijo S\u00e1nchez Guevara ante m\u00e1s de 3 mil personas que se dieron cita para atestiguar el hecho.<\/p>\n<p>Se\u00f1al\u00f3 que cuando el trabajo realizado logra trascender al tiempo, se convierte en legado y patrimonio de un pueblo que clama resultados y con el apoyo del Presidente Enrique Pe\u00f1a\u00a0 Nieto y del Gobernador del Eruviel \u00c1vila Villegas en Naucalpan se est\u00e1 dejando de legado dos hospitales que garantizaran servicio de salud a la poblaci\u00f3n.<\/p>\n<p>\u201cEn este espacio (Predio La Victoria) se construir\u00e1n estos hospitales que garantizar\u00e1n que nuestros adultos mayores sigan gozando de una vida plena y saludable, adem\u00e1s de contar con\u00a0 las instalaciones m\u00e1s modernas para la atenci\u00f3n de enfermedades de la vista en todo el pa\u00eds\u201d, reiter\u00f3 el Presidente Municipal.<\/p>\n<p>El nosocomio, que es compromiso firmado por el Presidente de la Rep\u00fablica Enrique Pe\u00f1a Nieto, es muestra del cari\u00f1o que el mandatario tiene por el Estado de M\u00e9xico y por Naucalpan, pues fue aqu\u00ed donde decidi\u00f3 edificarlo.<\/p>\n<p>\u201cEl hospital tendr\u00e1 una inversi\u00f3n de 50 millones de pesos, y contar\u00e1 con especialidades para atender problemas de glaucoma, cataratas, estrabismo, trasplantes de c\u00f3rnea y una innovaci\u00f3n muy importante que no se tiene en ning\u00fan hospital p\u00fablico del pa\u00eds: cirug\u00edas l\u00e1ser de manera gratuita\u201d, afirm\u00f3 G\u00f3mez Monge.<\/p>\n<p>El proyecto contempla 6 quir\u00f3fanos, 7 camas de hospitalizaci\u00f3n, 8 camas de recuperaci\u00f3n, 10 consultorios de oftalmolog\u00eda, control oftalmol\u00f3gico, consultorio de optometr\u00eda, salas de rehabilitaci\u00f3n y consultorio de medicina interna, adem\u00e1s de consultorios de estrabismo, glaucoma, retina, \u00f3rbita, c\u00f3rnea, cirug\u00eda refractiva, \u00e1rea de estudios especiales, \u00e1rea de l\u00e1ser y anatom\u00eda patol\u00f3gica.<\/p>\n<p style=\"text-align: center;\"><strong>ANUNCIAN REORDENAMIENTO<\/strong><\/p>\n<p>Durante la presentaci\u00f3n del proyecto, el alcalde S\u00e1nchez Guevara y el secretario G\u00f3mez Monge anunciaron que se contempla, en el mismo predio La Victoria, la reubicaci\u00f3n del comercio ambulante del centro del municipio, as\u00ed como la edificaci\u00f3n de lanzaderas para el transporte p\u00fablico.<\/p>\n","protected":false},"excerpt":{"rendered":"<p>El presidente municipal, David S\u00e1nchez Guevara; el secretario de Salud del Edomex, C\u00e9sar Nomar G\u00f3mez Monge y el diputado por el XXIX distrito, David Parra S\u00e1nchez, acompa\u00f1ados por la titular del DIF municipal \u00c9rika Peralta Lazo, colocaron la primera piedra de lo que ser\u00e1 el Centro de Atenci\u00f3n a Personas con Discapacidad Visual y el Hospital Geri\u00e1trico.<\/p>\n","protected":false},"author":3,"featured_media":188689,"comment_status":"open","ping_status":"open","sticky":false,"template":"","format":"standard","meta":{"_monsterinsights_skip_tracking":false,"_monsterinsights_sitenote_active":false,"_monsterinsights_sitenote_note":"","_monsterinsights_sitenote_category":0,"footnotes":""},"categories":[5],"tags":[29035,43675,5476,970],"class_list":["post-188624","post","type-post","status-publish","format-standard","has-post-thumbnail","hentry","category-estado-de-mexico","tag-david-parra-sanchez","tag-estado-de-mexico","tag-hospital","tag-naucalpan"],"_links":{"self":[{"href":"https:\/\/www.diarioimagen.net\/index.php?rest_route=\/wp\/v2\/posts\/188624","targetHints":{"allow":["GET"]}}],"collection":[{"href":"https:\/\/www.diarioimagen.net\/index.php?rest_route=\/wp\/v2\/posts"}],"about":[{"href":"https:\/\/www.diarioimagen.net\/index.php?rest_route=\/wp\/v2\/types\/post"}],"author":[{"embeddable":true,"href":"https:\/\/www.diarioimagen.net\/index.php?rest_route=\/wp\/v2\/users\/3"}],"replies":[{"embeddable":true,"href":"https:\/\/www.diarioimagen.net\/index.php?rest_route=%2Fwp%2Fv2%2Fcomments&post=188624"}],"version-history":[{"count":0,"href":"https:\/\/www.diarioimagen.net\/index.php?rest_route=\/wp\/v2\/posts\/188624\/revisions"}],"wp:featuredmedia":[{"embeddable":true,"href":"https:\/\/www.diarioimagen.net\/index.php?rest_route=\/wp\/v2\/media\/188689"}],"wp:attachment":[{"href":"https:\/\/www.diarioimagen.net\/index.php?rest_route=%2Fwp%2Fv2%2Fmedia&parent=188624"}],"wp:term":[{"taxonomy":"category","embeddable":true,"href":"https:\/\/www.diarioimagen.net\/index.php?rest_route=%2Fwp%2Fv2%2Fcategories&post=188624"},{"taxonomy":"post_tag","embeddable":true,"href":"https:\/\/www.diarioimagen.net\/index.php?rest_route=%2Fwp%2Fv2%2Ftags&post=188624"}],"curies":[{"name":"wp","href":"https:\/\/api.w.org\/{rel}","templated":true}]}}