{"id":188648,"date":"2014-09-09T00:03:50","date_gmt":"2014-09-09T05:03:50","guid":{"rendered":"http:\/\/www.diarioimagen.net\/?p=188648"},"modified":"2014-09-09T02:59:53","modified_gmt":"2014-09-09T07:59:53","slug":"la-imagen-del-pan","status":"publish","type":"post","link":"https:\/\/www.diarioimagen.net\/?p=188648","title":{"rendered":"La imagen del PAN"},"content":{"rendered":"<h2>Detr\u00e1s del Poder<\/h2>\n<h5>Jos\u00e9 Antonio L\u00f3pez Sosa<\/h5>\n<p>&nbsp;<\/p>\n<p>Mucha hilaridad causan las declaraciones del presidente nacional del Partido Acci\u00f3n Nacional (PAN), Gustavo Madero, cuando se\u00f1ala a los medios de comunicaci\u00f3n como constructores de una imagen negativa de su parodiado pol\u00edtico.<\/p>\n<p>En primer lugar, el se\u00f1or Madero pretende confundir a sus militantes y a la ciudadan\u00eda haciendo creer que son los medios y no sus militantes, quienes generan puntos negativos.<\/p>\n<p>Tal vez olvida el se\u00f1or Madero que fue el propio Felipe Calder\u00f3n quien desde la Presidencia de la Rep\u00fablica, comenz\u00f3 la gran debacle de Acci\u00f3n Nacional en las elecciones intermedias de 2009.<\/p>\n<p>Quiz\u00e1 tambi\u00e9n olvida Madero que decisiones tan erradas como la \u201cguerra contra el narco\u201d o el cierre de Luz y Fuerza del Centro, generaron problemas que hasta el d\u00eda de hoy no se logran resolver.<\/p>\n<p>Habr\u00eda que recordarle a Madero que personas con p\u00e9sima reputaci\u00f3n como Javier Lozano, Ernesto Cordero, Gabriela Cuevas, Mariana G\u00f3mez del Campo, Luisa Mar\u00eda Calder\u00f3n est\u00e1n en una curul en el Senado por voluntad del ex presidente Calder\u00f3n y, los esc\u00e1ndalos generados son por la confrontaci\u00f3n con su grupo, nada que tenga que ver el periodismo o los medios de comunicaci\u00f3n.<\/p>\n<p>La fiesta del diputado Villarreal y amigos, no fue organizada por ning\u00fan medio de comunicaci\u00f3n, las \u201cteiboleras\u201d no fueron contratadas por ning\u00fan periodista y la grotesca escena fue grabada quiz\u00e1 por uno de ellos mismos.<\/p>\n<p>Ahora que si la molestia de Madero es que los medios de comunicaci\u00f3n difundan la verdad, entonces pertenece Gustavo a otra \u00e9poca de M\u00e9xico, aquella de la censura y del aplauso permanente.<\/p>\n<p>Si as\u00ed mira el dirigente de un partido la realidad, \u00bfqu\u00e9 nos esperamos de su militancia?<\/p>\n<p><em><a href=\"mailto:lopez.sosa@mexico.com\" target=\"_blank\">lopez.sosa@mexico.com<\/a><\/em><br \/>\n<em><a href=\"http:\/\/twitter.com\/#%21\/joseantonio1977\" target=\"_blank\">@joseantonio1977<br \/>\n<\/a><a href=\"http:\/\/www.formulaconfidencial.com.mx\/\" target=\"_blank\">www.formulaconfidencial.com.mx<\/a><\/em><\/p>\n","protected":false},"excerpt":{"rendered":"<p><span style=\"color: #005497;\"><strong>Jos\u00e9 Antonio L\u00f3pez Sosa<\/strong><\/span><\/p>\n","protected":false},"author":3,"featured_media":0,"comment_status":"open","ping_status":"open","sticky":false,"template":"","format":"standard","meta":{"_monsterinsights_skip_tracking":false,"_monsterinsights_sitenote_active":false,"_monsterinsights_sitenote_note":"","_monsterinsights_sitenote_category":0,"footnotes":""},"categories":[637],"tags":[638,43690,43674],"class_list":["post-188648","post","type-post","status-publish","format-standard","hentry","category-jose-antonio-lopez-sosa","tag-detras-del-poder","tag-jose-antonio-lopez-sosa","tag-opinion"],"_links":{"self":[{"href":"https:\/\/www.diarioimagen.net\/index.php?rest_route=\/wp\/v2\/posts\/188648","targetHints":{"allow":["GET"]}}],"collection":[{"href":"https:\/\/www.diarioimagen.net\/index.php?rest_route=\/wp\/v2\/posts"}],"about":[{"href":"https:\/\/www.diarioimagen.net\/index.php?rest_route=\/wp\/v2\/types\/post"}],"author":[{"embeddable":true,"href":"https:\/\/www.diarioimagen.net\/index.php?rest_route=\/wp\/v2\/users\/3"}],"replies":[{"embeddable":true,"href":"https:\/\/www.diarioimagen.net\/index.php?rest_route=%2Fwp%2Fv2%2Fcomments&post=188648"}],"version-history":[{"count":0,"href":"https:\/\/www.diarioimagen.net\/index.php?rest_route=\/wp\/v2\/posts\/188648\/revisions"}],"wp:attachment":[{"href":"https:\/\/www.diarioimagen.net\/index.php?rest_route=%2Fwp%2Fv2%2Fmedia&parent=188648"}],"wp:term":[{"taxonomy":"category","embeddable":true,"href":"https:\/\/www.diarioimagen.net\/index.php?rest_route=%2Fwp%2Fv2%2Fcategories&post=188648"},{"taxonomy":"post_tag","embeddable":true,"href":"https:\/\/www.diarioimagen.net\/index.php?rest_route=%2Fwp%2Fv2%2Ftags&post=188648"}],"curies":[{"name":"wp","href":"https:\/\/api.w.org\/{rel}","templated":true}]}}