{"id":188669,"date":"2014-09-09T00:01:02","date_gmt":"2014-09-09T05:01:02","guid":{"rendered":"http:\/\/www.diarioimagen.net\/?p=188669"},"modified":"2014-09-09T03:25:32","modified_gmt":"2014-09-09T08:25:32","slug":"ring-rock-staaars-se-realizara-los-dias-13-y-14-de-septiembre-en-las-instalaciones-del-hard-rock-hotel-riviera-maya","status":"publish","type":"post","link":"https:\/\/www.diarioimagen.net\/?p=188669","title":{"rendered":"<em>Ring &amp; Rock StAAArs<\/em> se realizar\u00e1 los d\u00edas 13 y 14 de septiembre en las instalaciones del <em>Hard Rock Hotel Riviera Maya<\/em>"},"content":{"rendered":"<h2>De cinco estrellas<\/h2>\n<h5>Victoria Gonz\u00e1lez Prado<\/h5>\n<p>&nbsp;<\/p>\n<ul>\n<li><em><strong>Firman convenio <\/strong><\/em><strong>Accor<\/strong><em><strong> y <\/strong><\/em><strong>Club Premier<\/strong><em><strong> para beneficiar a los clientes frecuentes<\/strong><\/em><\/li>\n<li><strong>Boeing lanza el <\/strong><strong>737 MAX 200<\/strong><em><strong>, y <\/strong><\/em><strong>Ryanair<\/strong><em><strong> ser\u00e1 la primera aerol\u00ednea en utilizar el nuevo avi\u00f3n<\/strong><\/em><\/li>\n<\/ul>\n<div id=\"attachment_188723\" style=\"width: 250px\" class=\"wp-caption alignleft\"><a href=\"http:\/\/www.diarioimagen.net\/wp-content\/uploads\/2014\/09\/turismo-2439.jpg\"><img loading=\"lazy\" decoding=\"async\" aria-describedby=\"caption-attachment-188723\" class=\"size-medium wp-image-188723\" src=\"http:\/\/www.diarioimagen.net\/wp-content\/uploads\/2014\/09\/turismo-2439-240x135.jpg\" alt=\"La tercera versi\u00f3n de Ring &amp; Rock StAAArs, muy pronto en la Riviera Maya.\" width=\"240\" height=\"135\" srcset=\"https:\/\/www.diarioimagen.net\/wp-content\/uploads\/2014\/09\/turismo-2439-240x135.jpg 240w, https:\/\/www.diarioimagen.net\/wp-content\/uploads\/2014\/09\/turismo-2439-420x236.jpg 420w, https:\/\/www.diarioimagen.net\/wp-content\/uploads\/2014\/09\/turismo-2439-235x132.jpg 235w, https:\/\/www.diarioimagen.net\/wp-content\/uploads\/2014\/09\/turismo-2439-202x114.jpg 202w, https:\/\/www.diarioimagen.net\/wp-content\/uploads\/2014\/09\/turismo-2439-350x196.jpg 350w, https:\/\/www.diarioimagen.net\/wp-content\/uploads\/2014\/09\/turismo-2439-220x123.jpg 220w, https:\/\/www.diarioimagen.net\/wp-content\/uploads\/2014\/09\/turismo-2439-237x132.jpg 237w, https:\/\/www.diarioimagen.net\/wp-content\/uploads\/2014\/09\/turismo-2439.jpg 480w\" sizes=\"auto, (max-width: 240px) 100vw, 240px\" \/><\/a><p id=\"caption-attachment-188723\" class=\"wp-caption-text\">La tercera versi\u00f3n de Ring &amp; Rock StAAArs, muy pronto en la Riviera Maya.<\/p><\/div>\n<p>La tercera edici\u00f3n del <em>Ring<\/em> <em>&amp; Rock StAAArs<\/em> se realizar\u00e1 los d\u00edas 13 y 14 de septiembre pr\u00f3ximo en las instalaciones del <em>Hard Rock Hotel Riviera Maya, <\/em>gracias al \u00e9xito obtenido en las dos ediciones anteriores. Con una cartelera que promete arrancar los gritos y emoci\u00f3n de los aficionados <em>Ring &amp; Rock StAAArs<\/em> 3 estar\u00e1 compuesta por gente de la talla de <strong>Alberto \u201cEl Patr\u00f3n\u201d<\/strong>, quien reci\u00e9n se incorpor\u00f3 a las filas de AAA tras haber triunfado en su aventura mundial, haciendo su presentaci\u00f3n oficial en este fastuoso evento y del Rey de Reyes 2014, La <em>Parka.<\/em> Adem\u00e1s, luchadores estrellas a nivel mundial como <em>Myzteziz,<\/em> hijo del Perro Aguayo, el megacampe\u00f3n AAA, Texano Jr., <em>Psycho Clown,<\/em> <em>Chessman,<\/em> Ang\u00e9lico, El Apache, la Reina de Reinas AAA, <strong>Taya<\/strong>, <strong>Jennifer Blake<\/strong>, entre otros, engalanar\u00e1n la tercera edici\u00f3n de este espectacular acontecimiento. <em>Ring &amp; Rock StAAArs<\/em> es una original iniciativa que conjuga un espectacular escenario y lo mejor de la lucha libre en un ambiente donde la playa y la m\u00fasica son los principales protagonistas. El evento dar\u00e1 inicio el s\u00e1bado 13 de septiembre con una serie de divertidas actividades dentro del hotel que incluyen tour de <em>snorkel, aquaerobics<\/em>, polo acu\u00e1tico, <em>volleyball<\/em> y futbol playero, adem\u00e1s de un entretenido taller de lucha libre, donde los participantes podr\u00e1n experimentar la adrenalina que viven los luchadores. El domingo 14 de septiembre, la espera terminar\u00e1 a las 18:00 horas, cuando comience la funci\u00f3n de lucha libre que ser\u00e1 grabada para televisi\u00f3n.\u00a0Es bien sabido que este evento es parte de las experiencias vacacionales \u00fanicas que le ofrecemos a nuestros hu\u00e9spedes como diferenciador de marca. Estamos seguros que esta tercera edici\u00f3n ser\u00e1 exitosa y satisfactoria para todos los participantes\u201d, coment\u00f3 <strong>Bernardo Santillana<\/strong>, director corporativo de Ventas para <em>Hard Rock Hotels All Inclusive Collection.<\/em> Por su parte, <strong>Joaqu\u00edn Rold\u00e1n<\/strong>, director general de Lucha Libre AAA mencion\u00f3: \u201cNos sentimos muy complacidos de formar parte de la tercera versi\u00f3n de <em>Ring &amp; Rock Staaars,<\/em> ahora en una nueva sede tan espectacular como lo es la Riviera Maya. Definitivamente ha sido una f\u00f3rmula con excelentes resultados y como en ocasiones anteriores, ofreceremos un espect\u00e1culo de alta calidad en el que se presentar\u00e1 talento de primer\u00edsimo nivel. \u201cEn esta ocasi\u00f3n el encordado se colocar\u00e1 en la terraza <em>Woodstock<\/em> del \u00e1rea \u201cHacienda\u201d, la secci\u00f3n familiar del hotel. Al evento se espera la asistencia de alrededor de 4 mil personas entre hu\u00e9spedes y asistentes locales. Como parte de sus amenidades especiales, el hotel obsequiar\u00e1 boletos sus hu\u00e9spedes. Los interesados en asistir podr\u00e1n adquirir sus boletos en los m\u00f3dulos <em>Ticketmaster <\/em>y adem\u00e1s se instalar\u00e1 una taquilla especial en las instalaciones del hotel del 12 al 14 de septiembre. Situado en un \u00e1rea privilegiada del Caribe mexicano, el hotel cuenta con mil 264 habitaciones, seis piscinas, spa, sala de belleza, restaurantes con oferta gastron\u00f3mica internacional, adem\u00e1s de bares y <em>night club<\/em>. Abri\u00f3 sus puertas en mayo de 2014 como el primer hotel tem\u00e1tico de la zona. Sus instalaciones, servicio y habitaciones garantizan a sus visitantes una experiencia con la calidad y servicios que caracterizan a la marca. Conocido tambi\u00e9n por su arquitectura como \u201cLa Hacienda del Rock\u201d, el hotel cuenta con la infraestructura, el servicio y los procesos operativos necesarios para llevar a cabo un evento de tal relevancia.<\/p>\n<p>\u2730\u2730\u2730\u2730\u2730 <strong>Javier L\u00f3pez<\/strong>, director de Operaciones para M\u00e9xico, Centroam\u00e9rica y el Caribe de <em>Accor; <\/em><strong>Alejandro Gonz\u00e1lez<\/strong>, director Comercial de Club Premier y <strong>Jean-Philippe Claret<\/strong>, director para M\u00e9xico, Centroam\u00e9rica y el Caribe de <em>Accor, <\/em>dieron a conocer la firma del convenio entre ambas empresas con la intenci\u00f3n de que los clientes frecuentes del programa <em>Le Club Accorhotels<\/em>, puedan canjear sus puntos en cualquiera de los 2 mil 700 hoteles participantes y, adem\u00e1s con <em>Club Premier,<\/em> podr\u00e1n transferir puntos a Kil\u00f3metros Premier (KmP). Es importante recordar que los Kil\u00f3metros Premier pueden utilizarse para adquirir vuelos, noches de hotel, rentas de autos, m\u00e1s de 8 mil art\u00edculos de la tienda en l\u00ednea y miles de experiencias \u00fanicas. Las marcas de los hoteles <em>Accor<\/em> participantes alrededor del mundo donde se pueden ganar Kil\u00f3metros Premier son: <em>ibis, ibis Styles, Adagio, Mercure, Novotel, Suite Novotel, Mgallery, Thalassa Sea &amp; Spa, Pullman<\/em> y <em>Sofitel<\/em>. Para convertir los puntos a KmP deber\u00e1s pertenecer al Programa Club Premier; la inscripci\u00f3n es f\u00e1cil y gratuita en clubpremier.com Los 14.5 millones de afiliados en todo el mundo a <em>Le Club Accorhotels <\/em>que realicen sus reservaciones para estad\u00edas durante todo el a\u00f1o, podr\u00e1n intercambiar sus puntos <em>Le Club Accorhotels<\/em> y ganar Triples Kil\u00f3metros Premier. Las reservaciones pueden realizarse en l\u00ednea en accorhotels.com o en los sitios web de las marcas participantes. \u201cCon esta alianza, ofrecemos a los Socios Club Premier una manera sencilla de ganar Kil\u00f3metros Premier mientras vacacionan o realizan viajes de negocio\u201d, coment\u00f3 <strong>Alejandro Gonz\u00e1lez<\/strong>, vicepresidente Comercial de Club Premier. Por su parte, <strong>Jean-Philippe Claret<\/strong>, director para M\u00e9xico, Centro Am\u00e9rica y el Caribe de <em>Accor,<\/em> coment\u00f3: \u201cEstamos muy contentos con la alianza entre Club Premier y <em>Le Club Accorhotels<\/em>. Los miembros de ambos programas de fidelizaci\u00f3n se ver\u00e1n sumamente beneficiados. Esta alianza es \u00fanica en su tipo y cumple con el compromiso a favor de la innovaci\u00f3n\u201d.<\/p>\n<p>\u2730\u2730\u2730\u2730\u2730 Boeing ha lanzado la \u00faltima incorporaci\u00f3n a la familia <em>737 MAX<\/em> con un compromiso de <em>Ryanair<\/em> por un total de 100 aviones. La aerol\u00ednea de bajo costo l\u00edder en Europa ser\u00e1 la primera compa\u00f1\u00eda que utilice el <em>737 MAX 200<\/em>, una variante basada en el exitoso <em>737 MAX 8<\/em> que puede acomodar hasta 200 asientos, con lo que se incrementan los ingresos potenciales, y que es un 20% m\u00e1s eficiente en consumo de combustible que los aviones de pasillo \u00fanico m\u00e1s eficientes actualmente. Adem\u00e1s de este compromiso, valorado en 11 mil millones de d\u00f3lares a precios de cat\u00e1logo, <em>Ryanair<\/em> ha firmado opciones para comprar otras 100 unidades del <em>737 MAX 200. <\/em>\u201cPara Ryanair, es un orgullo y un honor ser la primera compa\u00f1\u00eda que volar\u00e1 con el revolucionario <em>737 MAX 200,<\/em> un modelo que ampliar\u00e1 nuestra flota hasta 520 aparatos en 2024, crear\u00e1 otros 3 mil nuevos puestos de trabajo para pilotos, tripulantes e ingenieros en Europa, y tambi\u00e9n nos permitir\u00e1 aumentar nuestro tr\u00e1fico desde los 82 millones de personas del pasado a\u00f1o hasta m\u00e1s de 150 millones anualmente en 2024\u201d, dijo <strong>Michael O\u2019Leary<\/strong>, consejero delegado de <em>Ryanair. Boeing<\/em> desarroll\u00f3 el <em>737 MAX 200<\/em> en respuesta a las necesidades del pujante sector de los vuelos de bajo costo, que seg\u00fan las previsiones representar\u00e1 el 35% de la capacidad de los vuelos en aviones de pasillo \u00fanico en 2033. Aunque la base del mercado de pasillo \u00fanico seguir\u00e1 estando en los 160 asientos, el <em>737 MAX 200<\/em> dar\u00e1 a los operadores como <em>Ryanair<\/em> hasta 11 asientos m\u00e1s de ingresos potenciales y unos costos operativos hasta un 5% m\u00e1s bajos que el <em>737 MAX 8<\/em>, lo que impulsar\u00e1 el crecimiento econ\u00f3mico y facilitar\u00e1 el acceso a los viajes en avi\u00f3n. Con la incorporaci\u00f3n del <em>737 MAX 200<\/em>, la familia <em>737 MAX<\/em> ofrece la capacidad id\u00f3nea para satisfacer las necesidades en todo el mercado de pasillo \u00fanico. El avi\u00f3n, mejora la eficiencia, reduce las emisiones un 20%, aumenta los ingresos y ofrece un alto grado de comodidad al pasajero. Esta nueva variante tendr\u00e1 un papel protagonista a la hora de permitir a la aerol\u00ednea seguir ampliando sus operaciones, y dar\u00e1 unos excelentes niveles de satisfacci\u00f3n a los pasajeros en toda Europa. Para todos los que formamos <em>Boeing<\/em>, es un honor lanzar el <em>737 MAX 200<\/em> con <em>Ryanair,<\/em> uno de los operadores que s\u00f3lo usan <em>Boeing<\/em> m\u00e1s exitosos del mundo\u201d, se\u00f1al\u00f3 <strong>Ray Conner<\/strong>, presidente y consejero delegado de <em>Boeing Commercial Airplanes<\/em>. El fuselaje es 2.2 metros m\u00e1s largo que el del <em>A320neo,<\/em> lo que da a los clientes m\u00e1s flexibilidad y espacio en la cabina y ofrece una mejor soluci\u00f3n en la configuraci\u00f3n base del mercado de pasillo \u00fanico (160 asientos) y en las configuraciones con el n\u00famero m\u00e1ximo de pasajeros. Los <em>737 MAX 200<\/em> de <em>Ryanair <\/em>estar\u00e1n equipados con el <em>Boeing Sky Interior<\/em> inspirado por los pasajeros (una opci\u00f3n de serie en la familia <em>737 MAX<\/em>), que se caracteriza por sus nuevos paneles laterales y ventanas con una forma moderna, su iluminaci\u00f3n LED que acent\u00faa la sensaci\u00f3n de amplitud y unos compartimentos superiores para el equipaje m\u00e1s grandes y que giran sobre s\u00ed mismos. Con 2 mil 239 pedidos de 46 clientes de todo el mundo, la familia <em>737 MAX<\/em> ofrece las m\u00e1s altas cuotas de eficiencia en consumo de combustible, rendimiento y comodidad del pasajero en el mercado de pasillo \u00fanico. Con sede en la capital de Irlanda, <em>Ryanair<\/em> realiza m\u00e1s de mil 600 vuelos diarios desde 69 bases que conectan 186 destinos en 30 pa\u00edses. Con m\u00e1s de 300 aviones <em>737-800<\/em> Nueva Generaci\u00f3n operativos, <em>Ryanair<\/em> recibi\u00f3 su primera entrega en 1999, y ahora opera la mayor flota de aviones <em>Boeing<\/em> de Europa. La compa\u00f1\u00eda prev\u00e9 transportar a m\u00e1s de 86 millones de pasajeros este a\u00f1o con un equipo de m\u00e1s de 9 mil 500 profesionales altamente cualificados.<\/p>\n<p><em><i><a href=\"mailto:victoriagprado@gmail.com\" target=\"_blank\">victoriagprado@gmail.com<\/a><\/i><\/em><\/p>\n","protected":false},"excerpt":{"rendered":"<p>La tercera edici\u00f3n del <em>Ring<\/em> <em>&amp; Rock StAAArs<\/em> se realizar\u00e1 los d\u00edas 13 y 14 de septiembre pr\u00f3ximo en las instalaciones del <em>Hard Rock Hotel Riviera Maya, <\/em>gracias al \u00e9xito obtenido en las dos ediciones anteriores.<\/p>\n","protected":false},"author":3,"featured_media":188723,"comment_status":"open","ping_status":"open","sticky":false,"template":"","format":"standard","meta":{"_monsterinsights_skip_tracking":false,"_monsterinsights_sitenote_active":false,"_monsterinsights_sitenote_note":"","_monsterinsights_sitenote_category":0,"footnotes":""},"categories":[11],"tags":[107,43681,106],"class_list":["post-188669","post","type-post","status-publish","format-standard","has-post-thumbnail","hentry","category-turismo","tag-de-cinco-estrellas","tag-turismo","tag-victoria-gonzalez-prado"],"_links":{"self":[{"href":"https:\/\/www.diarioimagen.net\/index.php?rest_route=\/wp\/v2\/posts\/188669","targetHints":{"allow":["GET"]}}],"collection":[{"href":"https:\/\/www.diarioimagen.net\/index.php?rest_route=\/wp\/v2\/posts"}],"about":[{"href":"https:\/\/www.diarioimagen.net\/index.php?rest_route=\/wp\/v2\/types\/post"}],"author":[{"embeddable":true,"href":"https:\/\/www.diarioimagen.net\/index.php?rest_route=\/wp\/v2\/users\/3"}],"replies":[{"embeddable":true,"href":"https:\/\/www.diarioimagen.net\/index.php?rest_route=%2Fwp%2Fv2%2Fcomments&post=188669"}],"version-history":[{"count":0,"href":"https:\/\/www.diarioimagen.net\/index.php?rest_route=\/wp\/v2\/posts\/188669\/revisions"}],"wp:featuredmedia":[{"embeddable":true,"href":"https:\/\/www.diarioimagen.net\/index.php?rest_route=\/wp\/v2\/media\/188723"}],"wp:attachment":[{"href":"https:\/\/www.diarioimagen.net\/index.php?rest_route=%2Fwp%2Fv2%2Fmedia&parent=188669"}],"wp:term":[{"taxonomy":"category","embeddable":true,"href":"https:\/\/www.diarioimagen.net\/index.php?rest_route=%2Fwp%2Fv2%2Fcategories&post=188669"},{"taxonomy":"post_tag","embeddable":true,"href":"https:\/\/www.diarioimagen.net\/index.php?rest_route=%2Fwp%2Fv2%2Ftags&post=188669"}],"curies":[{"name":"wp","href":"https:\/\/api.w.org\/{rel}","templated":true}]}}