{"id":188744,"date":"2014-09-09T17:45:49","date_gmt":"2014-09-09T22:45:49","guid":{"rendered":"http:\/\/www.diarioimagen.net\/?p=188744"},"modified":"2014-09-10T04:11:06","modified_gmt":"2014-09-10T09:11:06","slug":"frente-de-izquierdas-no-descarta-candidatura-de-unidad-en-el-prd","status":"publish","type":"post","link":"https:\/\/www.diarioimagen.net\/?p=188744","title":{"rendered":"Frente de Izquierdas no descarta candidatura de unidad en el PRD"},"content":{"rendered":"<ul>\n<li><em><strong>Tomar\u00e1 su tiempo para definir el siguiente paso a seguir para la elecci\u00f3n de su nuevo dirigente<\/strong><\/em><\/li>\n<\/ul>\n<div id=\"attachment_188745\" style=\"width: 250px\" class=\"wp-caption alignleft\"><img loading=\"lazy\" decoding=\"async\" aria-describedby=\"caption-attachment-188745\" class=\"size-medium wp-image-188745\" src=\"http:\/\/www.diarioimagen.net\/wp-content\/uploads\/2014\/09\/prd-portal-240x135.jpg\" alt=\"Nos referimos a las denuncias sobre la intervenci\u00f3n de los gobiernos municipales, estatales y el gobierno federal a favor de algunas planillas; la entrega de dinero a cambio de votos; la distribuci\u00f3n de despensas; el condicionamiento de programas sociales, la intimidaci\u00f3n a los votantes. \" width=\"240\" height=\"135\" srcset=\"https:\/\/www.diarioimagen.net\/wp-content\/uploads\/2014\/09\/prd-portal-240x135.jpg 240w, https:\/\/www.diarioimagen.net\/wp-content\/uploads\/2014\/09\/prd-portal-420x236.jpg 420w, https:\/\/www.diarioimagen.net\/wp-content\/uploads\/2014\/09\/prd-portal-235x132.jpg 235w, https:\/\/www.diarioimagen.net\/wp-content\/uploads\/2014\/09\/prd-portal-202x114.jpg 202w, https:\/\/www.diarioimagen.net\/wp-content\/uploads\/2014\/09\/prd-portal-350x196.jpg 350w, https:\/\/www.diarioimagen.net\/wp-content\/uploads\/2014\/09\/prd-portal-220x123.jpg 220w, https:\/\/www.diarioimagen.net\/wp-content\/uploads\/2014\/09\/prd-portal-237x132.jpg 237w, https:\/\/www.diarioimagen.net\/wp-content\/uploads\/2014\/09\/prd-portal.jpg 480w\" sizes=\"auto, (max-width: 240px) 100vw, 240px\" \/><p id=\"caption-attachment-188745\" class=\"wp-caption-text\">Nos referimos a las denuncias sobre la intervenci\u00f3n de los gobiernos municipales, estatales y el gobierno federal a favor de algunas planillas; la entrega de dinero a cambio de votos; la distribuci\u00f3n de despensas; el condicionamiento de programas sociales, la intimidaci\u00f3n a los votantes.<\/p><\/div>\n<p>El Frente Amplio de Izquierdas, que agrupa a varias corrientes del PRD, anunci\u00f3 que despu\u00e9s del c\u00f3mputo de la elecci\u00f3n interna del pasado domingo determinar\u00e1 cu\u00e1l ser\u00e1 su estrategia para buscar la dirigencia nacional del partido en octubre pr\u00f3ximo.<\/p>\n<p>Al hacer un balance del proceso comicial para renovar Congreso nacional y consejos municipales y estatales, reconoci\u00f3 el trabajo del Instituto Nacional Electoral (INE) en la organizaci\u00f3n del proceso, el cual, tuvo mayores condiciones de equidad y legalidad, pero tambi\u00e9n irregularidades \u201cque ponen en dudad la legitimidad del mismo\u201d.<\/p>\n<p>A nombre del frente, Marcelo Ebrard, explic\u00f3 que se tomar\u00e1n su tiempo para definir el siguiente paso a seguir para la elecci\u00f3n de su nuevo dirigente nacional. \u201cLo que nos une aqu\u00ed adem\u00e1s de una candidatura, es una causa, es una idea, que es que el PRD debe de encabezar una oposici\u00f3n y no ser un partido tan cercano al poder que cada vez se distancia m\u00e1s de su militancia\u201d, se\u00f1al\u00f3.<\/p>\n<p>Ebrard no descart\u00f3 que se busque una candidatura de unidad que encabeza Cuauht\u00e9moc C\u00e1rdenas u alg\u00fan otro liderazgo, sin descartarse el propio Ebrard Casaubon.<\/p>\n<p>En conferencia de prensa a la que acudieron; la senadora Dolores Padierna y el secretario general del PRD, Alejandro S\u00e1nchez Camacho, entre otros, los perredistas se\u00f1alaron que la contienda no fue democr\u00e1tica y mucho menos equitativa.<\/p>\n","protected":false},"excerpt":{"rendered":"<p>El Frente Amplio de Izquierdas, que agrupa a varias corrientes del PRD, anunci\u00f3 que despu\u00e9s del c\u00f3mputo de la elecci\u00f3n interna del pasado domingo determinar\u00e1 cu\u00e1l ser\u00e1 su estrategia para buscar la dirigencia nacional del partido en octubre pr\u00f3ximo.<\/p>\n","protected":false},"author":5,"featured_media":188745,"comment_status":"open","ping_status":"open","sticky":false,"template":"","format":"standard","meta":{"_monsterinsights_skip_tracking":false,"_monsterinsights_sitenote_active":false,"_monsterinsights_sitenote_note":"","_monsterinsights_sitenote_category":0,"footnotes":""},"categories":[17,25512],"tags":[211],"class_list":["post-188744","post","type-post","status-publish","format-standard","has-post-thumbnail","hentry","category-especiales","category-nacional-nacional","tag-prd"],"_links":{"self":[{"href":"https:\/\/www.diarioimagen.net\/index.php?rest_route=\/wp\/v2\/posts\/188744","targetHints":{"allow":["GET"]}}],"collection":[{"href":"https:\/\/www.diarioimagen.net\/index.php?rest_route=\/wp\/v2\/posts"}],"about":[{"href":"https:\/\/www.diarioimagen.net\/index.php?rest_route=\/wp\/v2\/types\/post"}],"author":[{"embeddable":true,"href":"https:\/\/www.diarioimagen.net\/index.php?rest_route=\/wp\/v2\/users\/5"}],"replies":[{"embeddable":true,"href":"https:\/\/www.diarioimagen.net\/index.php?rest_route=%2Fwp%2Fv2%2Fcomments&post=188744"}],"version-history":[{"count":0,"href":"https:\/\/www.diarioimagen.net\/index.php?rest_route=\/wp\/v2\/posts\/188744\/revisions"}],"wp:featuredmedia":[{"embeddable":true,"href":"https:\/\/www.diarioimagen.net\/index.php?rest_route=\/wp\/v2\/media\/188745"}],"wp:attachment":[{"href":"https:\/\/www.diarioimagen.net\/index.php?rest_route=%2Fwp%2Fv2%2Fmedia&parent=188744"}],"wp:term":[{"taxonomy":"category","embeddable":true,"href":"https:\/\/www.diarioimagen.net\/index.php?rest_route=%2Fwp%2Fv2%2Fcategories&post=188744"},{"taxonomy":"post_tag","embeddable":true,"href":"https:\/\/www.diarioimagen.net\/index.php?rest_route=%2Fwp%2Fv2%2Ftags&post=188744"}],"curies":[{"name":"wp","href":"https:\/\/api.w.org\/{rel}","templated":true}]}}