{"id":188782,"date":"2014-09-10T00:13:55","date_gmt":"2014-09-10T05:13:55","guid":{"rendered":"http:\/\/www.diarioimagen.net\/?p=188782"},"modified":"2014-09-10T04:05:23","modified_gmt":"2014-09-10T09:05:23","slug":"prevalece-la-civilidad-en-el-edomex","status":"publish","type":"post","link":"https:\/\/www.diarioimagen.net\/?p=188782","title":{"rendered":"Prevalece la civilidad en el Edomex"},"content":{"rendered":"<h2>Arco Norte<\/h2>\n<h5>Jos\u00e9 Luis Monta\u00f1ez Aguilar<\/h5>\n<p>&nbsp;<\/p>\n<div id=\"attachment_188853\" style=\"width: 250px\" class=\"wp-caption alignleft\"><a href=\"http:\/\/www.diarioimagen.net\/wp-content\/uploads\/2014\/09\/arco-2440.jpg\"><img loading=\"lazy\" decoding=\"async\" aria-describedby=\"caption-attachment-188853\" class=\"size-medium wp-image-188853\" src=\"http:\/\/www.diarioimagen.net\/wp-content\/uploads\/2014\/09\/arco-2440-240x159.jpg\" alt=\"El trabajo en equipo entre los poderes p\u00fablicos del Estado de M\u00e9xico ha permitido que la entidad crezca y registre indicadores positivos en diversos rubros, tal es el caso del econ\u00f3mico y seguridad.\" width=\"240\" height=\"159\" srcset=\"https:\/\/www.diarioimagen.net\/wp-content\/uploads\/2014\/09\/arco-2440-240x159.jpg 240w, https:\/\/www.diarioimagen.net\/wp-content\/uploads\/2014\/09\/arco-2440-420x279.jpg 420w, https:\/\/www.diarioimagen.net\/wp-content\/uploads\/2014\/09\/arco-2440.jpg 1345w\" sizes=\"auto, (max-width: 240px) 100vw, 240px\" \/><\/a><p id=\"caption-attachment-188853\" class=\"wp-caption-text\">El trabajo en equipo entre los poderes p\u00fablicos del Estado de M\u00e9xico ha permitido que la entidad crezca y registre indicadores positivos en diversos rubros, tal es el caso del econ\u00f3mico y seguridad.<\/p><\/div>\n<p>Entre los poderes p\u00fablicos del Estado de M\u00e9xico existe coordinaci\u00f3n y trabajo en equipo, lo que le ha permitido crecer y registrar indicadores positivos en distintos rubros, como en la econom\u00eda y la seguridad, y ejemplo de ello es el avance registrado en la reciente medici\u00f3n del Doing Business del Banco Mundial y los resultados positivos en la reducci\u00f3n de delitos de alto impacto, se\u00f1al\u00f3 el gobernador mexiquense Eruviel \u00c1vila Villegas al inaugurar el edificio administrativo y el Archivo General del Poder Judicial. \u201cLe reitero el \u00e1nimo de colaboraci\u00f3n del gobernador del estado, me permito hacerlo tambi\u00e9n en nombre del poder Legislativo, porque me consta tambi\u00e9n la disposici\u00f3n del presidente de la mesa directiva, del presidente de la Junta de Coordinaci\u00f3n Pol\u00edtica, de los coordinadores parlamentarios, esa es la v\u00eda, amigas, amigos, trabajar en equipo, todos haciendo la parte que nos toca, trabajando en equipo para que las reformas transformadoras que el presidente Enrique Pe\u00f1a ha impulsado y que hoy son una realidad. Habr\u00e1, como bien lo dice \u00e9l, que ponerlas en acci\u00f3n, hay que concretarlas, materializarlas, cristalizarlas, para que sus efectos, sus beneficios se vean, se sientan y se palpen en la mesa de los trabajadores y en la vida cotidiana de todos los mexicanos\u201d, expres\u00f3. Al develar, junto con Baruch Delgado Carbajal, presidente del Tribunal Superior de Justicia del Estado de M\u00e9xico, las placas inaugurales de ambos inmuebles Eruviel \u00c1vila subray\u00f3 que respetando la vida interna de cada poder p\u00fablico, en la entidad se ha logrado trabajar y alcanzar logros conjuntos en bien de los mexiquenses.<\/p>\n<p><em><a href=\"mailto:montanezaguilar@gmail.com\" target=\"_blank\">montanezaguilar@gmail.com<\/a><\/em><\/p>\n","protected":false},"excerpt":{"rendered":"<p><span style=\"color: #005497;\"><strong>Jos\u00e9 Luis Monta\u00f1ez Aguilar<\/strong><\/span><br \/>\n<br \/>\nEntre los poderes p\u00fablicos del Estado de M\u00e9xico existe coordinaci\u00f3n y trabajo en equipo, lo que le ha permitido crecer y registrar indicadores positivos en distintos rubros, como en la econom\u00eda y la seguridad, y ejemplo de ello es el avance registrado en la reciente medici\u00f3n del Doing Business del Banco Mundial y los resultados positivos en la reducci\u00f3n de delitos de alto impacto, se\u00f1al\u00f3 el gobernador mexiquense Eruviel \u00c1vila Villegas al inaugurar el edificio administrativo y el Archivo General del Poder Judicial.<\/p>\n","protected":false},"author":3,"featured_media":188853,"comment_status":"open","ping_status":"open","sticky":false,"template":"","format":"standard","meta":{"_monsterinsights_skip_tracking":false,"_monsterinsights_sitenote_active":false,"_monsterinsights_sitenote_note":"","_monsterinsights_sitenote_category":0,"footnotes":""},"categories":[5],"tags":[13284,43675,43704,43674],"class_list":["post-188782","post","type-post","status-publish","format-standard","has-post-thumbnail","hentry","category-estado-de-mexico","tag-arco-norte","tag-estado-de-mexico","tag-jose-luis-montanez-aguilar","tag-opinion"],"_links":{"self":[{"href":"https:\/\/www.diarioimagen.net\/index.php?rest_route=\/wp\/v2\/posts\/188782","targetHints":{"allow":["GET"]}}],"collection":[{"href":"https:\/\/www.diarioimagen.net\/index.php?rest_route=\/wp\/v2\/posts"}],"about":[{"href":"https:\/\/www.diarioimagen.net\/index.php?rest_route=\/wp\/v2\/types\/post"}],"author":[{"embeddable":true,"href":"https:\/\/www.diarioimagen.net\/index.php?rest_route=\/wp\/v2\/users\/3"}],"replies":[{"embeddable":true,"href":"https:\/\/www.diarioimagen.net\/index.php?rest_route=%2Fwp%2Fv2%2Fcomments&post=188782"}],"version-history":[{"count":0,"href":"https:\/\/www.diarioimagen.net\/index.php?rest_route=\/wp\/v2\/posts\/188782\/revisions"}],"wp:featuredmedia":[{"embeddable":true,"href":"https:\/\/www.diarioimagen.net\/index.php?rest_route=\/wp\/v2\/media\/188853"}],"wp:attachment":[{"href":"https:\/\/www.diarioimagen.net\/index.php?rest_route=%2Fwp%2Fv2%2Fmedia&parent=188782"}],"wp:term":[{"taxonomy":"category","embeddable":true,"href":"https:\/\/www.diarioimagen.net\/index.php?rest_route=%2Fwp%2Fv2%2Fcategories&post=188782"},{"taxonomy":"post_tag","embeddable":true,"href":"https:\/\/www.diarioimagen.net\/index.php?rest_route=%2Fwp%2Fv2%2Ftags&post=188782"}],"curies":[{"name":"wp","href":"https:\/\/api.w.org\/{rel}","templated":true}]}}