{"id":188831,"date":"2014-09-10T00:08:35","date_gmt":"2014-09-10T05:08:35","guid":{"rendered":"http:\/\/www.diarioimagen.net\/?p=188831"},"modified":"2014-09-10T03:36:19","modified_gmt":"2014-09-10T08:36:19","slug":"academicos-de-uaem-reciben-25-mil-implementos-de-trabajo","status":"publish","type":"post","link":"https:\/\/www.diarioimagen.net\/?p=188831","title":{"rendered":"Acad\u00e9micos de UAEM reciben 25 mil implementos de trabajo"},"content":{"rendered":"<ul>\n<li><strong><em>El rector Jorge Olvera Garc\u00eda destaca que su administraci\u00f3n no escatimar\u00e1 recursos para apoyar a docentes e investigadores<\/em><\/strong><\/li>\n<\/ul>\n<div id=\"attachment_188855\" style=\"width: 250px\" class=\"wp-caption alignleft\"><a href=\"http:\/\/www.diarioimagen.net\/wp-content\/uploads\/2014\/09\/UAEM-2440.jpg\"><img loading=\"lazy\" decoding=\"async\" aria-describedby=\"caption-attachment-188855\" class=\"size-medium wp-image-188855\" src=\"http:\/\/www.diarioimagen.net\/wp-content\/uploads\/2014\/09\/UAEM-2440-240x160.jpg\" alt=\"El rector de la UAEM, Jorge Olvera Garc\u00eda, entreg\u00f3 m\u00e1s de 25 mil implementos de trabajo, con una inversi\u00f3n cercana a los 4.2 millones de pesos, en beneficio de los seis mil 324\u00a0acad\u00e9micos universitarios que conforman la FAAPAUAEM.\" width=\"240\" height=\"160\" srcset=\"https:\/\/www.diarioimagen.net\/wp-content\/uploads\/2014\/09\/UAEM-2440-240x160.jpg 240w, https:\/\/www.diarioimagen.net\/wp-content\/uploads\/2014\/09\/UAEM-2440-420x280.jpg 420w, https:\/\/www.diarioimagen.net\/wp-content\/uploads\/2014\/09\/UAEM-2440.jpg 700w\" sizes=\"auto, (max-width: 240px) 100vw, 240px\" \/><\/a><p id=\"caption-attachment-188855\" class=\"wp-caption-text\">El rector de la UAEM, Jorge Olvera Garc\u00eda, entreg\u00f3 m\u00e1s de 25 mil implementos de trabajo, con una inversi\u00f3n cercana a los 4.2 millones de pesos, en beneficio de los seis mil 324\u00a0acad\u00e9micos universitarios que conforman la FAAPAUAEM.<\/p><\/div>\n<p><strong>Toluca, Estado de M\u00e9xico<\/strong>.- El rector de la Universidad Aut\u00f3noma del Estado de M\u00e9xico, Jorge Olvera Garc\u00eda, entreg\u00f3 a presidentes de Asociaci\u00f3n, integrantes de la Federaci\u00f3n de Asociaciones Aut\u00f3nomas de Personal Acad\u00e9mico de la instituci\u00f3n (FAAPAUAEM), as\u00ed como a directores de espacios universitarios, m\u00e1s de 25 mil implementos de trabajo, con una inversi\u00f3n cercana a los 4.2 millones de pesos, en beneficio de los seis mil 324\u00a0 acad\u00e9micos universitarios que conforman este gremio, \u201cpara que sigan desplegando de manera admirable, como hasta ahora, su obra educativa\u201d.<\/p>\n<p>Durante la ceremonia de entrega de estos implementos, acompa\u00f1ado por el secretario general de la FAAPAUAEM,V\u00edctor Manuel Pineda Guti\u00e9rrez, manifest\u00f3 que la Administraci\u00f3n 2013-2017 no escatimar\u00e1 recursos y esfuerzos para seguir apoyando a su claustro docente en el proyecto de cultivar las mentes j\u00f3venes, \u201cya que somos conscientes de que la academia es la ra\u00edz del saber y de la raz\u00f3n, que es un orgullo servir a ella\u201d.<\/p>\n<p>Sostuvo que la labor de los acad\u00e9micos universitarios permite que la m\u00e1xima casa de estudios mexiquense sea reconocida por la sociedad y los empleadores de la entidad, principalmente, como grandes formadores de profesionistas calificados.<\/p>\n<p>Acompa\u00f1ado por el secretario de Administraci\u00f3n, Javier Gonz\u00e1lez Mart\u00ednez; la directora de Recursos Humanos, Martha Olivia Cano Nava, y la secretaria de Asuntos Acad\u00e9micos de la FAAPAUAEM, Armida Barrios Galv\u00e1n, agreg\u00f3 que la enorme capacidad t\u00e9cnica y cient\u00edfica de los profesores de la UAEM les permite difundir el conocimiento con vocaci\u00f3n y compromiso de servicio a la sociedad y a la educaci\u00f3n; la suma de estas cualidades, dijo, posiciona a la Aut\u00f3noma mexiquense como un referente nacional de calidad acad\u00e9mica.<\/p>\n","protected":false},"excerpt":{"rendered":"<p>El rector de la Universidad Aut\u00f3noma del Estado de M\u00e9xico, Jorge Olvera Garc\u00eda, entreg\u00f3 a presidentes de Asociaci\u00f3n, integrantes de la Federaci\u00f3n de Asociaciones Aut\u00f3nomas de Personal Acad\u00e9mico de la instituci\u00f3n (FAAPAUAEM), as\u00ed como a directores de espacios universitarios, m\u00e1s de 25 mil implementos de trabajo, con una inversi\u00f3n cercana a los 4.2 millones de pesos, en beneficio de los seis mil 324  acad\u00e9micos universitarios que conforman este gremio, \u201cpara que sigan desplegando de manera admirable, como hasta ahora, su obra educativa\u201d.<\/p>\n","protected":false},"author":3,"featured_media":188855,"comment_status":"open","ping_status":"open","sticky":false,"template":"","format":"standard","meta":{"_monsterinsights_skip_tracking":false,"_monsterinsights_sitenote_active":false,"_monsterinsights_sitenote_note":"","_monsterinsights_sitenote_category":0,"footnotes":""},"categories":[5],"tags":[43675,27015,452,1491],"class_list":["post-188831","post","type-post","status-publish","format-standard","has-post-thumbnail","hentry","category-estado-de-mexico","tag-estado-de-mexico","tag-jorge-olvera-garcia","tag-toluca","tag-uaem"],"_links":{"self":[{"href":"https:\/\/www.diarioimagen.net\/index.php?rest_route=\/wp\/v2\/posts\/188831","targetHints":{"allow":["GET"]}}],"collection":[{"href":"https:\/\/www.diarioimagen.net\/index.php?rest_route=\/wp\/v2\/posts"}],"about":[{"href":"https:\/\/www.diarioimagen.net\/index.php?rest_route=\/wp\/v2\/types\/post"}],"author":[{"embeddable":true,"href":"https:\/\/www.diarioimagen.net\/index.php?rest_route=\/wp\/v2\/users\/3"}],"replies":[{"embeddable":true,"href":"https:\/\/www.diarioimagen.net\/index.php?rest_route=%2Fwp%2Fv2%2Fcomments&post=188831"}],"version-history":[{"count":0,"href":"https:\/\/www.diarioimagen.net\/index.php?rest_route=\/wp\/v2\/posts\/188831\/revisions"}],"wp:featuredmedia":[{"embeddable":true,"href":"https:\/\/www.diarioimagen.net\/index.php?rest_route=\/wp\/v2\/media\/188855"}],"wp:attachment":[{"href":"https:\/\/www.diarioimagen.net\/index.php?rest_route=%2Fwp%2Fv2%2Fmedia&parent=188831"}],"wp:term":[{"taxonomy":"category","embeddable":true,"href":"https:\/\/www.diarioimagen.net\/index.php?rest_route=%2Fwp%2Fv2%2Fcategories&post=188831"},{"taxonomy":"post_tag","embeddable":true,"href":"https:\/\/www.diarioimagen.net\/index.php?rest_route=%2Fwp%2Fv2%2Ftags&post=188831"}],"curies":[{"name":"wp","href":"https:\/\/api.w.org\/{rel}","templated":true}]}}