{"id":188837,"date":"2014-09-10T00:07:25","date_gmt":"2014-09-10T05:07:25","guid":{"rendered":"http:\/\/www.diarioimagen.net\/?p=188837"},"modified":"2014-09-10T03:47:32","modified_gmt":"2014-09-10T08:47:32","slug":"generara-empleo-el-nuevo-aeropueto-david-parra","status":"publish","type":"post","link":"https:\/\/www.diarioimagen.net\/?p=188837","title":{"rendered":"Generar\u00e1 empleo el nuevo aeropueto: David Parra"},"content":{"rendered":"<p><a href=\"http:\/\/www.diarioimagen.net\/wp-content\/uploads\/2014\/09\/parra-2440.jpg\"><img loading=\"lazy\" decoding=\"async\" class=\"alignleft size-medium wp-image-188866\" src=\"http:\/\/www.diarioimagen.net\/wp-content\/uploads\/2014\/09\/parra-2440-240x161.jpg\" alt=\"parra-2440\" width=\"240\" height=\"161\" srcset=\"https:\/\/www.diarioimagen.net\/wp-content\/uploads\/2014\/09\/parra-2440-240x161.jpg 240w, https:\/\/www.diarioimagen.net\/wp-content\/uploads\/2014\/09\/parra-2440-420x282.jpg 420w, https:\/\/www.diarioimagen.net\/wp-content\/uploads\/2014\/09\/parra-2440.jpg 700w\" sizes=\"auto, (max-width: 240px) 100vw, 240px\" \/><\/a>La construcci\u00f3n del nuevo aeropuerto internacional en terrenos federales en los l\u00edmites entre el Distrito Federal y del Estado de M\u00e9xico, conforme al anuncio del presidente Enrique Pe\u00f1a Nieto, ser\u00e1 ben\u00e9fica porque permitir\u00e1 crear 160 mil nuevos empleos adem\u00e1s de generar una importante derrama econ\u00f3mica, afirm\u00f3 el diputado David Parra S\u00e1nchez (PRI), durante la entrega de apoyos alimenticios en la colonia Altamira del municipio de Naucalpan.<\/p>\n","protected":false},"excerpt":{"rendered":"<p>La construcci\u00f3n del nuevo aeropuerto internacional en terrenos federales en los l\u00edmites entre el Distrito Federal y del Estado de M\u00e9xico, conforme al anuncio del presidente Enrique Pe\u00f1a Nieto, ser\u00e1 ben\u00e9fica porque permitir\u00e1 crear 160 mil nuevos empleos adem\u00e1s de generar una importante derrama econ\u00f3mica, afirm\u00f3 el diputado David Parra S\u00e1nchez (PRI), durante la entrega de apoyos alimenticios en la colonia Altamira del municipio de Naucalpan.<\/p>\n","protected":false},"author":3,"featured_media":188866,"comment_status":"open","ping_status":"open","sticky":false,"template":"","format":"standard","meta":{"_monsterinsights_skip_tracking":false,"_monsterinsights_sitenote_active":false,"_monsterinsights_sitenote_note":"","_monsterinsights_sitenote_category":0,"footnotes":""},"categories":[35155],"tags":[29035,43675,970],"class_list":["post-188837","post","type-post","status-publish","format-standard","has-post-thumbnail","hentry","category-estado-de-mexico-estado-de-mexico","tag-david-parra-sanchez","tag-estado-de-mexico","tag-naucalpan"],"_links":{"self":[{"href":"https:\/\/www.diarioimagen.net\/index.php?rest_route=\/wp\/v2\/posts\/188837","targetHints":{"allow":["GET"]}}],"collection":[{"href":"https:\/\/www.diarioimagen.net\/index.php?rest_route=\/wp\/v2\/posts"}],"about":[{"href":"https:\/\/www.diarioimagen.net\/index.php?rest_route=\/wp\/v2\/types\/post"}],"author":[{"embeddable":true,"href":"https:\/\/www.diarioimagen.net\/index.php?rest_route=\/wp\/v2\/users\/3"}],"replies":[{"embeddable":true,"href":"https:\/\/www.diarioimagen.net\/index.php?rest_route=%2Fwp%2Fv2%2Fcomments&post=188837"}],"version-history":[{"count":0,"href":"https:\/\/www.diarioimagen.net\/index.php?rest_route=\/wp\/v2\/posts\/188837\/revisions"}],"wp:featuredmedia":[{"embeddable":true,"href":"https:\/\/www.diarioimagen.net\/index.php?rest_route=\/wp\/v2\/media\/188866"}],"wp:attachment":[{"href":"https:\/\/www.diarioimagen.net\/index.php?rest_route=%2Fwp%2Fv2%2Fmedia&parent=188837"}],"wp:term":[{"taxonomy":"category","embeddable":true,"href":"https:\/\/www.diarioimagen.net\/index.php?rest_route=%2Fwp%2Fv2%2Fcategories&post=188837"},{"taxonomy":"post_tag","embeddable":true,"href":"https:\/\/www.diarioimagen.net\/index.php?rest_route=%2Fwp%2Fv2%2Ftags&post=188837"}],"curies":[{"name":"wp","href":"https:\/\/api.w.org\/{rel}","templated":true}]}}