{"id":188956,"date":"2014-09-11T00:04:55","date_gmt":"2014-09-11T05:04:55","guid":{"rendered":"http:\/\/www.diarioimagen.net\/?p=188956"},"modified":"2014-09-11T03:51:03","modified_gmt":"2014-09-11T08:51:03","slug":"golpiza-a-periodista","status":"publish","type":"post","link":"https:\/\/www.diarioimagen.net\/?p=188956","title":{"rendered":"Golpiza a periodista"},"content":{"rendered":"<h2>Punto por punto<\/h2>\n<h5>Augusto Corro<\/h5>\n<p>&nbsp;<\/p>\n<p>A la periodista Karla Silva Guerreroal, de 24 a\u00f1os, la golpearon brutalmente tres sujetos que irrumpieron en las oficinas de \u201cEl Heraldo de Le\u00f3n\u201d, en Silao, Guanajuato. Durante la agresi\u00f3n, los delincuentes exclamaron: \u201c\u00a1B\u00e1jale de huevos a tus notas!\u201d. En tanto, le pateaban la cabeza, los brazos y las piernas. En las fotos de internet, la joven aparece con el rostro ba\u00f1ado en sangre.<\/p>\n<p>\u00bfQui\u00e9n envi\u00f3 a los golpeadores? Se supone que el presidente municipal de Silao, Benjam\u00edn Sol\u00eds Arzola. En d\u00edas previos al ataque, \u201cdesde las oficinas de la presidencia se hicieron las amenazas a la reportera por haber escrito sobre el desempe\u00f1o del alcalde\u201d.<\/p>\n<p>Karla, corresponsal de \u201cEl Heraldo de Le\u00f3n\u201d, solamente cubr\u00eda la fuente (el sector) del gobierno municipal. Entonces, el afectado directamente por las notas periodistas, no podr\u00eda ser otro que Sol\u00eds Arzola. En fin, ser\u00e1n las autoridades, si es que se dignan en esclarecer el asunto, las que investiguen el origen de la agresi\u00f3n a la comunicadora. Mientras reporteros, fot\u00f3grafos, camar\u00f3grafos, corresponsales y empleados de medios en la entidad marcharon por las calles de Silao, en repudio al ataque a Karla.<\/p>\n<p>Los manifestantes gritaban: \u201cSol\u00eds Arzola, Karla no est\u00e1 sola\u201d y \u201cTodos somos Karla Silva\u201d.<\/p>\n<p>Los periodistas llegaron a la presidencia municipal y se enfrentaron al alcalde a quien le expresaron su indignaci\u00f3n por la golpiza que le propinaron a la reportera.<\/p>\n<p>Le informaron a Sol\u00eds Arzola que le mandaron un escrito al gobernador de la entidad para que se realice una investigaci\u00f3n puntual que lleve al castigo de los culpables materiales e intelectuales de la golpiza a Karla.<\/p>\n<p>La Comisi\u00f3n Interamericana de Derechos Humanos (CIDH) exigi\u00f3 al gobierno mexicano investigar la agresi\u00f3n a la comunicadora de \u201cEl Heraldo de Le\u00f3n\u201d.<\/p>\n<p>Adem\u00e1s conden\u00f3 el ataque, ocurrido el 4 de septiembre. \u00bfQu\u00e9 sigue? Nada. El expediente ser\u00e1 llevado al archivo\u2026 del olvido.<\/p>\n<p>Una vez m\u00e1s, los caciques de pueblo, los enemigos de los periodistas, se apuntaron otra victoria, tras golpear y patear (los animales patean) a una mujer indefensa.<\/p>\n<p style=\"text-align: center;\"><strong>URGE QUE ALGUIEN PONGA ORDEN EN SONORA<\/strong><\/p>\n<p>Por el momento nadie se preocupa por resolver el desastre ecol\u00f3gico provocado por la contaminaci\u00f3n de los r\u00edos Bacanuchi y Sonora.<\/p>\n<p>Un derrame de sustancias t\u00f3xicas de cobre lleg\u00f3 a los afluentes y a los pozos y se prohibi\u00f3 el uso del agua.<\/p>\n<p>La minera Buenavista del Cobre, de Grupo M\u00e9xico, acept\u00f3 su irresponsabilidad y se comprometi\u00f3 a reparar el da\u00f1o.<\/p>\n<p>Solo que indemnizar a los m\u00e1s de 23 mil sonorenses afectados le costar\u00e1 miles de millones de pesos y no se ve por donde empezar\u00e1 a saldar su compromiso.<\/p>\n<p>El ecocidio, as\u00ed considerado por ambientalistas, sigue presente y sin soluci\u00f3n a la vista, pues las autoridades federales y el gobernador de Sonora, Guillermo Padr\u00e9s, optaron por pelearse.<\/p>\n<p>El mandatario desconoci\u00f3 la autoridad del titular de la Profepa, Guillermo Haro; y de los delegados de la Conagua, la Semarnat y la procuradur\u00eda ambiental, encargados de resolver la problem\u00e1tica ecol\u00f3gica. Expuls\u00f3 a estos representantes del gobierno federal del Comit\u00e9 de Operaci\u00f3n de Emergencias. En este espacio comentamos que el gobernador tiene una presa para uso exclusivo de su rancho \u201cEl Pozo Nuevo\u201d con 330 hect\u00e1reas de nogal. Claro, el funcionario riega sus tierras sin el permiso oficial de las autoridades ambientales.<\/p>\n<p>Se dio a conocer el abuso del gobernador, quien, posiblemente molesto por lo publicado en los medios, y porque los representantes gubernamentales no lo apoyaron, sino que atizaron el fuego, decidi\u00f3 enemistarse con ellos y rompi\u00f3 relaciones.<\/p>\n<p>Sin ninguna salida al conflicto, el mandatario promovi\u00f3 un desplegado en los medios, en el que solicita la ayuda directa del presidente Enrique Pe\u00f1a Nieto para enfrentar uno de los peores desastres ecol\u00f3gicos de M\u00e9xico.<\/p>\n<p>El panista Padr\u00e9s no se anduvo con rodeos y denunci\u00f3 que los funcionarios federales encargados de prevenir y corregir el derrame t\u00f3xico \u201cfallaron y le siguen fallando a los m\u00e1s de 23 mil sonorenses\u201d que viven en las m\u00e1rgenes del rio Sonora. La historia del ecocidio continuar\u00e1\u2026<\/p>\n<p style=\"text-align: center;\"><strong>CUMPLEA\u00d1OS PANISTA<\/strong><\/p>\n<p>El pr\u00f3ximo mi\u00e9rcoles se cumplir\u00e1n 75 a\u00f1os de vida del Partido Acci\u00f3n Nacional (PAN) que se encuentra en situaciones deplorables, luego del cero en conducta de sus legisladores. No olvidar el revent\u00f3n de los diputados blanquiazules en las playas tapat\u00edas.<\/p>\n<p>No se sabe qu\u00e9 se tiene organizado para la fiesta del cumplea\u00f1ero blanquiazul, que en sus dos sexenios en el poder le sirvieron para incrementar la pobreza en nuestro pa\u00eds y dejar un saldo de violencia y muerte que no se le ve un final.<\/p>\n<p>En el interior del PAN se vive divisionismo que no le envidian los perredistas. Y se da por descontado que en la partida del pastel no estar\u00e1n presentes las figuras m\u00e1s importantes del panismo.<\/p>\n<p>\u00bfHar\u00e1 acto de presencia el ex presidente Felipe Calder\u00f3n Hinojosa? Es posible, pues busca un inter\u00e9s, digno de mejor causa, su reincorporaci\u00f3n a los quehaceres pol\u00edticos. \u00bfY Fox tendr\u00e1 la desfachatez de acudir a la reuni\u00f3n? No tiene por qu\u00e9 hacerlo. Nunca fue panista. Que se aprovech\u00f3 de los panistas, ese es otro asunto. Ya veremos qu\u00e9 sorpresa nos depara el l\u00edder Gustavo Madero que debe saber que la unidad panista no se recuperar\u00e1 de la noche a la ma\u00f1ana.<\/p>\n<p><em><a href=\"mailto:aco2742@hotmail.com\" target=\"_blank\">aco2742@hotmail.com<\/a><\/em><\/p>\n","protected":false},"excerpt":{"rendered":"<p><span style=\"color: #005497;\"><strong>Augusto Corro<\/strong><\/span><\/p>\n","protected":false},"author":3,"featured_media":0,"comment_status":"open","ping_status":"open","sticky":false,"template":"","format":"standard","meta":{"_monsterinsights_skip_tracking":false,"_monsterinsights_sitenote_active":false,"_monsterinsights_sitenote_note":"","_monsterinsights_sitenote_category":0,"footnotes":""},"categories":[157],"tags":[43686,43674,11515],"class_list":["post-188956","post","type-post","status-publish","format-standard","hentry","category-augusto-corro","tag-augusto-corro","tag-opinion","tag-punto-por-punto"],"_links":{"self":[{"href":"https:\/\/www.diarioimagen.net\/index.php?rest_route=\/wp\/v2\/posts\/188956","targetHints":{"allow":["GET"]}}],"collection":[{"href":"https:\/\/www.diarioimagen.net\/index.php?rest_route=\/wp\/v2\/posts"}],"about":[{"href":"https:\/\/www.diarioimagen.net\/index.php?rest_route=\/wp\/v2\/types\/post"}],"author":[{"embeddable":true,"href":"https:\/\/www.diarioimagen.net\/index.php?rest_route=\/wp\/v2\/users\/3"}],"replies":[{"embeddable":true,"href":"https:\/\/www.diarioimagen.net\/index.php?rest_route=%2Fwp%2Fv2%2Fcomments&post=188956"}],"version-history":[{"count":0,"href":"https:\/\/www.diarioimagen.net\/index.php?rest_route=\/wp\/v2\/posts\/188956\/revisions"}],"wp:attachment":[{"href":"https:\/\/www.diarioimagen.net\/index.php?rest_route=%2Fwp%2Fv2%2Fmedia&parent=188956"}],"wp:term":[{"taxonomy":"category","embeddable":true,"href":"https:\/\/www.diarioimagen.net\/index.php?rest_route=%2Fwp%2Fv2%2Fcategories&post=188956"},{"taxonomy":"post_tag","embeddable":true,"href":"https:\/\/www.diarioimagen.net\/index.php?rest_route=%2Fwp%2Fv2%2Ftags&post=188956"}],"curies":[{"name":"wp","href":"https:\/\/api.w.org\/{rel}","templated":true}]}}