{"id":188961,"date":"2014-09-11T00:08:18","date_gmt":"2014-09-11T05:08:18","guid":{"rendered":"http:\/\/www.diarioimagen.net\/?p=188961"},"modified":"2014-09-11T03:34:52","modified_gmt":"2014-09-11T08:34:52","slug":"uaem-capacitara-a-1620-elementos-de-la-pgjem","status":"publish","type":"post","link":"https:\/\/www.diarioimagen.net\/?p=188961","title":{"rendered":"UAEM capacitar\u00e1 a 1,620 elementos de la PGJEM"},"content":{"rendered":"<ul>\n<li><strong><em>Agentes del MP, peritos y polic\u00edas<\/em><\/strong><\/li>\n<\/ul>\n<div id=\"attachment_189017\" style=\"width: 250px\" class=\"wp-caption alignleft\"><a href=\"http:\/\/www.diarioimagen.net\/wp-content\/uploads\/2014\/09\/UAEM-2441.jpg\"><img loading=\"lazy\" decoding=\"async\" aria-describedby=\"caption-attachment-189017\" class=\"size-medium wp-image-189017\" src=\"http:\/\/www.diarioimagen.net\/wp-content\/uploads\/2014\/09\/UAEM-2441-240x135.jpg\" alt=\"El rector Jorge Olvera Garc\u00eda y el titular de la PGJEM, Alejandro Jaime G\u00f3mez S\u00e1nchez, al firmar el convenio general de colaboraci\u00f3n acad\u00e9mica.\" width=\"240\" height=\"135\" srcset=\"https:\/\/www.diarioimagen.net\/wp-content\/uploads\/2014\/09\/UAEM-2441-240x135.jpg 240w, https:\/\/www.diarioimagen.net\/wp-content\/uploads\/2014\/09\/UAEM-2441-420x236.jpg 420w, https:\/\/www.diarioimagen.net\/wp-content\/uploads\/2014\/09\/UAEM-2441-235x132.jpg 235w, https:\/\/www.diarioimagen.net\/wp-content\/uploads\/2014\/09\/UAEM-2441-202x114.jpg 202w, https:\/\/www.diarioimagen.net\/wp-content\/uploads\/2014\/09\/UAEM-2441-350x196.jpg 350w, https:\/\/www.diarioimagen.net\/wp-content\/uploads\/2014\/09\/UAEM-2441-220x123.jpg 220w, https:\/\/www.diarioimagen.net\/wp-content\/uploads\/2014\/09\/UAEM-2441-237x132.jpg 237w, https:\/\/www.diarioimagen.net\/wp-content\/uploads\/2014\/09\/UAEM-2441.jpg 480w\" sizes=\"auto, (max-width: 240px) 100vw, 240px\" \/><\/a><p id=\"caption-attachment-189017\" class=\"wp-caption-text\">El rector Jorge Olvera Garc\u00eda y el titular de la PGJEM, Alejandro Jaime G\u00f3mez S\u00e1nchez, al firmar el convenio general de colaboraci\u00f3n acad\u00e9mica.<\/p><\/div>\n<p><strong>Toluca, Estado de M\u00e9xico<\/strong>.- Mediante 54 cursos de 100 horas cada uno, la Universidad Aut\u00f3noma del Estado de M\u00e9xico capacitar\u00e1 a mil 620 elementos de la Procuradur\u00eda General de Justicia de la entidad -agentes del ministerio p\u00fablico, peritos y polic\u00edas ministeriales-, quienes representan cerca de 40 por ciento de la fuerza operativa de la instituci\u00f3n.<\/p>\n<p>Lo anterior, resultado del Convenio General de Colaboraci\u00f3n Acad\u00e9mica que signaron el rector Jorge Olvera Garc\u00eda y el procurador Alejandro Jaime G\u00f3mez S\u00e1nchez, quien subray\u00f3 que el esfuerzo de ambas instituciones permitir\u00e1 fortalecer las capacidades operativas y procesales de los servidores p\u00fablicos.<\/p>\n<p>En la Sala \u201cLic. Benito Ju\u00e1rez Garc\u00eda\u201d del Edificio de Rector\u00eda, Jorge Olvera Garc\u00eda destac\u00f3 que con este tipo de actividades conjuntas, la Aut\u00f3noma mexiquense se consolida como una instituci\u00f3n que colabora con los organismos p\u00fablicos para alcanzar un \u00f3ptimo desarrollo del Estado, a partir del conocimiento, el trabajo, la formaci\u00f3n continua, la \u00e9tica y la justicia.<\/p>\n<p>Ante el subprocurador de Asuntos Jur\u00eddicos, Germ\u00e1n Adolfo Castillo Baunet, y el director general del Servicio de Carrera de la PGJEM, Guillermo Eduardo Gonz\u00e1lez Medina, as\u00ed como miembros del gabinete universitario, Olvera Garc\u00eda enfatiz\u00f3 que resulta indispensable que las instancias judiciales se encuentren en continua actualizaci\u00f3n para que sirvan a los ciudadanos de forma efectiva.<\/p>\n","protected":false},"excerpt":{"rendered":"<p>Mediante 54 cursos de 100 horas cada uno, la Universidad Aut\u00f3noma del Estado de M\u00e9xico capacitar\u00e1 a mil 620 elementos de la Procuradur\u00eda General de Justicia de la entidad -agentes del ministerio p\u00fablico, peritos y polic\u00edas ministeriales-, quienes representan cerca de 40 por ciento de la fuerza operativa de la instituci\u00f3n.<\/p>\n","protected":false},"author":3,"featured_media":189017,"comment_status":"open","ping_status":"open","sticky":false,"template":"","format":"standard","meta":{"_monsterinsights_skip_tracking":false,"_monsterinsights_sitenote_active":false,"_monsterinsights_sitenote_note":"","_monsterinsights_sitenote_category":0,"footnotes":""},"categories":[5],"tags":[43675,2019,27656,452],"class_list":["post-188961","post","type-post","status-publish","format-standard","has-post-thumbnail","hentry","category-estado-de-mexico","tag-estado-de-mexico","tag-pgjem","tag-procuraduria-general-de-justicia","tag-toluca"],"_links":{"self":[{"href":"https:\/\/www.diarioimagen.net\/index.php?rest_route=\/wp\/v2\/posts\/188961","targetHints":{"allow":["GET"]}}],"collection":[{"href":"https:\/\/www.diarioimagen.net\/index.php?rest_route=\/wp\/v2\/posts"}],"about":[{"href":"https:\/\/www.diarioimagen.net\/index.php?rest_route=\/wp\/v2\/types\/post"}],"author":[{"embeddable":true,"href":"https:\/\/www.diarioimagen.net\/index.php?rest_route=\/wp\/v2\/users\/3"}],"replies":[{"embeddable":true,"href":"https:\/\/www.diarioimagen.net\/index.php?rest_route=%2Fwp%2Fv2%2Fcomments&post=188961"}],"version-history":[{"count":0,"href":"https:\/\/www.diarioimagen.net\/index.php?rest_route=\/wp\/v2\/posts\/188961\/revisions"}],"wp:featuredmedia":[{"embeddable":true,"href":"https:\/\/www.diarioimagen.net\/index.php?rest_route=\/wp\/v2\/media\/189017"}],"wp:attachment":[{"href":"https:\/\/www.diarioimagen.net\/index.php?rest_route=%2Fwp%2Fv2%2Fmedia&parent=188961"}],"wp:term":[{"taxonomy":"category","embeddable":true,"href":"https:\/\/www.diarioimagen.net\/index.php?rest_route=%2Fwp%2Fv2%2Fcategories&post=188961"},{"taxonomy":"post_tag","embeddable":true,"href":"https:\/\/www.diarioimagen.net\/index.php?rest_route=%2Fwp%2Fv2%2Ftags&post=188961"}],"curies":[{"name":"wp","href":"https:\/\/api.w.org\/{rel}","templated":true}]}}