{"id":189106,"date":"2014-09-12T00:06:34","date_gmt":"2014-09-12T05:06:34","guid":{"rendered":"http:\/\/www.diarioimagen.net\/?p=189106"},"modified":"2014-09-15T04:52:12","modified_gmt":"2014-09-15T09:52:12","slug":"en-edomex-hay-condiciones-para-disfrutar-fiestas-patrias-eruviel-avila","status":"publish","type":"post","link":"https:\/\/www.diarioimagen.net\/?p=189106","title":{"rendered":"En Edomex hay condiciones para disfrutar fiestas patrias: Eruviel \u00c1vila"},"content":{"rendered":"<ul>\n<li><strong><em>El gobierno estatal y el Turissste acuerdan colaborar para ofertar los atractivos de la entidad entre los derechohabientes de la instituci\u00f3n<\/em><\/strong><\/li>\n<\/ul>\n<div id=\"attachment_189166\" style=\"width: 250px\" class=\"wp-caption alignleft\"><a href=\"http:\/\/www.diarioimagen.net\/wp-content\/uploads\/2014\/09\/eruviel-2442.jpg\"><img loading=\"lazy\" decoding=\"async\" aria-describedby=\"caption-attachment-189166\" class=\"size-medium wp-image-189166\" src=\"http:\/\/www.diarioimagen.net\/wp-content\/uploads\/2014\/09\/eruviel-2442-240x135.jpg\" alt=\"El gobernador Eruviel \u00c1vila Villegas, y la titular de la Secretar\u00eda de Turismo federal, Claudia Ruiz Massieu, atestiguaron la firma de un convenio de colaboraci\u00f3n entre el Turissste y el gobierno del Estado de M\u00e9xico.\" width=\"240\" height=\"135\" srcset=\"https:\/\/www.diarioimagen.net\/wp-content\/uploads\/2014\/09\/eruviel-2442-240x135.jpg 240w, https:\/\/www.diarioimagen.net\/wp-content\/uploads\/2014\/09\/eruviel-2442-420x236.jpg 420w, https:\/\/www.diarioimagen.net\/wp-content\/uploads\/2014\/09\/eruviel-2442-235x132.jpg 235w, https:\/\/www.diarioimagen.net\/wp-content\/uploads\/2014\/09\/eruviel-2442-202x114.jpg 202w, https:\/\/www.diarioimagen.net\/wp-content\/uploads\/2014\/09\/eruviel-2442-350x196.jpg 350w, https:\/\/www.diarioimagen.net\/wp-content\/uploads\/2014\/09\/eruviel-2442-220x123.jpg 220w, https:\/\/www.diarioimagen.net\/wp-content\/uploads\/2014\/09\/eruviel-2442-237x132.jpg 237w, https:\/\/www.diarioimagen.net\/wp-content\/uploads\/2014\/09\/eruviel-2442.jpg 480w\" sizes=\"auto, (max-width: 240px) 100vw, 240px\" \/><\/a><p id=\"caption-attachment-189166\" class=\"wp-caption-text\">El gobernador Eruviel \u00c1vila Villegas, y la titular de la Secretar\u00eda de Turismo federal, Claudia Ruiz Massieu, atestiguaron la firma de un convenio de colaboraci\u00f3n entre el Turissste y el gobierno del Estado de M\u00e9xico.<\/p><\/div>\n<p><strong>Valle de Bravo, Estado de M\u00e9xico<\/strong>.- Al firmar como testigo de honor el convenio de colaboraci\u00f3n entre el gobierno del Estado de M\u00e9xico y Turissste, con el que se abre la oferta tur\u00edstica mexiquense a los m\u00e1s de 12.5 millones de derechohabientes del Instituto de Seguridad y Servicios Sociales de los Trabajadores del Estado (ISSSTE), el gobernador Eruviel \u00c1vila Villegas asegur\u00f3 que existen condiciones de seguridad para que las personas que deseen visitar Valle de Bravo y todos los destinos de la entidad durante el puente con motivo de las fiestas patrias, lo hagan con tranquilidad y en armon\u00eda.<\/p>\n<p>\u201cHoy le puedo decir a los prestadores de servicios tur\u00edsticos de aqu\u00ed de Valle de Bravo, a la opini\u00f3n p\u00fablica, a los medios de comunicaci\u00f3n, que hay condiciones para poder recibir y atender como se merecen a nuestros vacacionistas, a los visitantes, a quienes deseen pasar este fin de semana patrio aqu\u00ed en Valle de Bravo, es un lugar ideal, un clima extraordinario. Est\u00e1n dadas las condiciones para que tengamos miles y miles de visitantes aqu\u00ed en Valle de Bravo este pr\u00f3ximo fin de semana y el resto del a\u00f1o y los pr\u00f3ximos a\u00f1os, por eso estamos trabajando en esta materia\u201d, expres\u00f3.<\/p>\n<p>Acompa\u00f1ado por la secretaria de Turismo federal, Claudia Ruiz Massieu, Eruviel \u00c1vila destac\u00f3 que el gobierno del estado, en coordinaci\u00f3n con el Ej\u00e9rcito Mexicano, la Secretar\u00eda de Marina, la Polic\u00eda Federal y la Gendarmer\u00eda, actu\u00f3 con prontitud para resolver los\u00a0 problemas de inseguridad en Valle de Bravo, por lo que afirm\u00f3 que en este Pueblo M\u00e1gico se vive en paz, y que se continuar\u00e1 actuando con mano firme en contra de la delincuencia.<\/p>\n<p>Dijo que para seguir garantizando el bienestar de los habitantes y de los turistas que lleguen a esta regi\u00f3n mexiquense, el gobierno estatal brinda facilidades a la Secretar\u00eda de Marina, como el acondicionamiento del hotel Colorines, para asentar una base permanente de operaciones; la donaci\u00f3n de un terreno de 80 hect\u00e1reas para establecer un centro de adiestramiento para esta misma instituci\u00f3n, y la instalaci\u00f3n de Bases de Operaci\u00f3n Mixta (BOM) que se llevan a cabo con el Ej\u00e9rcito, la Polic\u00eda Federal y la Marina, as\u00ed como operativos de vigilancia en toda esta zona.<\/p>\n<p>Por otro lado, el gobernador refiri\u00f3 que la firma de este convenio responde al compromiso de los gobiernos municipal, estatal y federal, para que Valle de Bravo y el Estado de M\u00e9xico sigan creciendo en su vocaci\u00f3n tur\u00edstica a nivel local, nacional e\u00a0 internacional, ya que plantea que Turissste promueva paquetes con pernocta en los destinos de inter\u00e9s dentro de la entidad, para que los turistas conozcan los atractivos hist\u00f3ricos, gastron\u00f3micos, naturales y culturales con los que cuenta el estado, as\u00ed como sus cinco Pueblos M\u00e1gicos y 24 Pueblos con Encanto.<\/p>\n<p>Este convenio, firmado por la secretaria estatal de Turismo, Rosalinda Elizabeth Ben\u00edtez Gonz\u00e1lez y por el director general de Turissste, Juan Calos Arnau, incluye paquetes para jubilados, estudiantes, trabajadores, j\u00f3venes, deportistas, familias de escasos recursos y personas con alguna discapacidad, los cuales se adecuan a sus tiempos, econom\u00eda\u00a0 y necesidades. Tambi\u00e9n plantea la capacitaci\u00f3n de personal de Turissste, as\u00ed como de sus agencias para promocionar los destinos mexiquenses por parte de la Secretar\u00eda de Turismo estatal, y la ubicaci\u00f3n de m\u00f3dulos de informaci\u00f3n en instalaciones del gobierno del estado y municipales.<\/p>\n<p>Eruviel \u00c1vila se\u00f1al\u00f3 que se trabajar\u00e1 para vincular este proyecto con el Sindicato \u00danico de Trabajadores de los Poderes, Municipios e Instituciones Descentralizados del Estado de M\u00e9xico (SUTEyM) y el Sindicato de Maestros al Servicio del Estado de M\u00e9xico (SMSEM), adem\u00e1s de analizar el brindar cr\u00e9ditos para turismo a los trabajadores del gobierno estatal.<\/p>\n<p>Por su parte, Claudia Ruiz Massieu se\u00f1al\u00f3 que para el Gobierno de la Rep\u00fablica es prioritario impulsar el turismo, por lo que se ha lanzado una campa\u00f1a para promover los atractivos\u00a0 nacionales en todo el mundo y hacer de M\u00e9xico un destino de clase mundial, adem\u00e1s que dentro del pa\u00eds se facilite la movilidad de las personas para que los mexicanos conozcan otros estados.<\/p>\n<p>Por ello, agreg\u00f3, se destinan recursos para mejorar y ampliar la infraestructura en esta materia, como es el caso del nuevo Aeropuerto de la Ciudad de M\u00e9xico que atraer\u00e1 m\u00e1s turismo y m\u00e1s recursos para los mexicanos, ya que tan s\u00f3lo en su primera etapa podr\u00e1 recibir a cerca de 40 millones de personas al a\u00f1o.<\/p>\n","protected":false},"excerpt":{"rendered":"<p>Al firmar como testigo de honor el convenio de colaboraci\u00f3n entre el gobierno del Estado de M\u00e9xico y Turissste, con el que se abre la oferta tur\u00edstica mexiquense a los m\u00e1s de 12.5 millones de derechohabientes del Instituto de Seguridad y Servicios Sociales de los Trabajadores del Estado (ISSSTE), el gobernador Eruviel \u00c1vila Villegas asegur\u00f3 que existen condiciones de seguridad para que las personas que deseen visitar Valle de Bravo y todos los destinos de la entidad durante el puente con motivo de las fiestas patrias, lo hagan con tranquilidad y en armon\u00eda.<\/p>\n","protected":false},"author":3,"featured_media":189166,"comment_status":"open","ping_status":"open","sticky":false,"template":"","format":"standard","meta":{"_monsterinsights_skip_tracking":false,"_monsterinsights_sitenote_active":false,"_monsterinsights_sitenote_note":"","_monsterinsights_sitenote_category":0,"footnotes":""},"categories":[5],"tags":[5828,43675,954,1458],"class_list":["post-189106","post","type-post","status-publish","format-standard","has-post-thumbnail","hentry","category-estado-de-mexico","tag-eruviel-avila-villegas","tag-estado-de-mexico","tag-instituto-de-seguridad-y-servicios-sociales-de-los-trabajadores-del-estado","tag-valle-de-bravo"],"_links":{"self":[{"href":"https:\/\/www.diarioimagen.net\/index.php?rest_route=\/wp\/v2\/posts\/189106","targetHints":{"allow":["GET"]}}],"collection":[{"href":"https:\/\/www.diarioimagen.net\/index.php?rest_route=\/wp\/v2\/posts"}],"about":[{"href":"https:\/\/www.diarioimagen.net\/index.php?rest_route=\/wp\/v2\/types\/post"}],"author":[{"embeddable":true,"href":"https:\/\/www.diarioimagen.net\/index.php?rest_route=\/wp\/v2\/users\/3"}],"replies":[{"embeddable":true,"href":"https:\/\/www.diarioimagen.net\/index.php?rest_route=%2Fwp%2Fv2%2Fcomments&post=189106"}],"version-history":[{"count":0,"href":"https:\/\/www.diarioimagen.net\/index.php?rest_route=\/wp\/v2\/posts\/189106\/revisions"}],"wp:featuredmedia":[{"embeddable":true,"href":"https:\/\/www.diarioimagen.net\/index.php?rest_route=\/wp\/v2\/media\/189166"}],"wp:attachment":[{"href":"https:\/\/www.diarioimagen.net\/index.php?rest_route=%2Fwp%2Fv2%2Fmedia&parent=189106"}],"wp:term":[{"taxonomy":"category","embeddable":true,"href":"https:\/\/www.diarioimagen.net\/index.php?rest_route=%2Fwp%2Fv2%2Fcategories&post=189106"},{"taxonomy":"post_tag","embeddable":true,"href":"https:\/\/www.diarioimagen.net\/index.php?rest_route=%2Fwp%2Fv2%2Ftags&post=189106"}],"curies":[{"name":"wp","href":"https:\/\/api.w.org\/{rel}","templated":true}]}}