{"id":189130,"date":"2014-09-12T00:09:53","date_gmt":"2014-09-12T05:09:53","guid":{"rendered":"http:\/\/www.diarioimagen.net\/?p=189130"},"modified":"2014-09-12T03:42:04","modified_gmt":"2014-09-12T08:42:04","slug":"costara-casi-500-millones-rehabilitar-linea-12-del-metro","status":"publish","type":"post","link":"https:\/\/www.diarioimagen.net\/?p=189130","title":{"rendered":"Costar\u00e1 casi $500 millones rehabilitar L\u00ednea 12 del Metro"},"content":{"rendered":"<ul>\n<li><strong><em>Edgar Amador Zamora, titular de Finanzas del gobierno capitalino, afirma que hay condiciones para cubrir dicho monto<\/em><\/strong><\/li>\n<\/ul>\n<div id=\"attachment_189205\" style=\"width: 250px\" class=\"wp-caption alignleft\"><a href=\"http:\/\/www.diarioimagen.net\/wp-content\/uploads\/2014\/09\/LINEA-12-2442.jpg\"><img loading=\"lazy\" decoding=\"async\" aria-describedby=\"caption-attachment-189205\" class=\"size-medium wp-image-189205\" src=\"http:\/\/www.diarioimagen.net\/wp-content\/uploads\/2014\/09\/LINEA-12-2442-240x159.jpg\" alt=\"El costo de reparaci\u00f3n de la L\u00ednea 12 del Metro ser\u00e1 absorbido por las autoridades de la capital.\" width=\"240\" height=\"159\" srcset=\"https:\/\/www.diarioimagen.net\/wp-content\/uploads\/2014\/09\/LINEA-12-2442-240x159.jpg 240w, https:\/\/www.diarioimagen.net\/wp-content\/uploads\/2014\/09\/LINEA-12-2442-420x279.jpg 420w, https:\/\/www.diarioimagen.net\/wp-content\/uploads\/2014\/09\/LINEA-12-2442.jpg 500w\" sizes=\"auto, (max-width: 240px) 100vw, 240px\" \/><\/a><p id=\"caption-attachment-189205\" class=\"wp-caption-text\">El costo de reparaci\u00f3n de la L\u00ednea 12 del Metro ser\u00e1 absorbido por las autoridades de la capital.<\/p><\/div>\n<p>La rehabilitaci\u00f3n de la L\u00ednea 12 del Metro costar\u00e1 al gobierno del Distrito Federal alrededor de 500 millones de pesos, se\u00f1al\u00f3 el secretario de Finanzas capitalino, Edgar Amador Zamora.<\/p>\n<p>Explic\u00f3 que existen las condiciones presupuestales para cubrir dicho monto, sin embargo, en 2015 se tendr\u00e1 que echar mano del gasto corriente de diferentes entes del gobierno de la ciudad.<\/p>\n<p>Pero dej\u00f3 en claro que los programas sociales y seguridad permanecer\u00e1n intocables.<\/p>\n<p>\u201c\u00c9sta es una emergencia que no estaba prevista, por lo cual no existen recursos. Tenemos que costear en cu\u00e1nto sale la atenci\u00f3n de la l\u00ednea y a partir de ah\u00ed veremos. Sabemos muy bien qu\u00e9 es lo que no vamos a afectar, no vamos a afectar programas sociales, no vamos a afectar seguridad, pero fuera de eso&#8230;. gasto corriente de los entes, de la Secretar\u00eda de Finanzas, de todas partes\u201d, puntualiz\u00f3.<\/p>\n<p>Amador Zamora coment\u00f3 que en 2014 para la supervisi\u00f3n y el diagn\u00f3stico el gobierno del DF ha gastado entre 60 y 70 millones de pesos.<\/p>\n<p>Dijo que una vez que el Metro y la Secretar\u00eda de Obras informen qu\u00e9 se necesita para rehabilitar la L\u00ednea se tendr\u00e1 la cantidad exacta a invertir \u201ctenemos alguna idea de \u00f3rdenes de magnitud, tiene que ser arriba de 500 millones algo as\u00ed\u201d<\/p>\n<p>\u201cDepende mucho del diagn\u00f3stico que se haga al respecto de la v\u00eda y de las ruedas. Tenemos que tener el n\u00famero muy preciso\u201d, agreg\u00f3 el Secretario de Finanzas.<\/p>\n<p>El funcionario mencion\u00f3 que se tienen que generar las condiciones para pagar la rehabilitaci\u00f3n porque la prioridad de la capital es que la L\u00ednea 12 vuelva a servir a los ciudadanos.<\/p>\n","protected":false},"excerpt":{"rendered":"<p>La rehabilitaci\u00f3n de la L\u00ednea 12 del Metro costar\u00e1 al gobierno del Distrito Federal alrededor de 500 millones de pesos, se\u00f1al\u00f3 el secretario de Finanzas capitalino, Edgar Amador Zamora.<\/p>\n","protected":false},"author":3,"featured_media":189205,"comment_status":"open","ping_status":"open","sticky":false,"template":"","format":"standard","meta":{"_monsterinsights_skip_tracking":false,"_monsterinsights_sitenote_active":false,"_monsterinsights_sitenote_note":"","_monsterinsights_sitenote_category":0,"footnotes":""},"categories":[6],"tags":[204,25723,33290,8433],"class_list":["post-189130","post","type-post","status-publish","format-standard","has-post-thumbnail","hentry","category-cd-de-mexico","tag-ciudad-de-mexico","tag-edgar-amador-zamora","tag-l-12","tag-linea-12"],"_links":{"self":[{"href":"https:\/\/www.diarioimagen.net\/index.php?rest_route=\/wp\/v2\/posts\/189130","targetHints":{"allow":["GET"]}}],"collection":[{"href":"https:\/\/www.diarioimagen.net\/index.php?rest_route=\/wp\/v2\/posts"}],"about":[{"href":"https:\/\/www.diarioimagen.net\/index.php?rest_route=\/wp\/v2\/types\/post"}],"author":[{"embeddable":true,"href":"https:\/\/www.diarioimagen.net\/index.php?rest_route=\/wp\/v2\/users\/3"}],"replies":[{"embeddable":true,"href":"https:\/\/www.diarioimagen.net\/index.php?rest_route=%2Fwp%2Fv2%2Fcomments&post=189130"}],"version-history":[{"count":0,"href":"https:\/\/www.diarioimagen.net\/index.php?rest_route=\/wp\/v2\/posts\/189130\/revisions"}],"wp:featuredmedia":[{"embeddable":true,"href":"https:\/\/www.diarioimagen.net\/index.php?rest_route=\/wp\/v2\/media\/189205"}],"wp:attachment":[{"href":"https:\/\/www.diarioimagen.net\/index.php?rest_route=%2Fwp%2Fv2%2Fmedia&parent=189130"}],"wp:term":[{"taxonomy":"category","embeddable":true,"href":"https:\/\/www.diarioimagen.net\/index.php?rest_route=%2Fwp%2Fv2%2Fcategories&post=189130"},{"taxonomy":"post_tag","embeddable":true,"href":"https:\/\/www.diarioimagen.net\/index.php?rest_route=%2Fwp%2Fv2%2Ftags&post=189130"}],"curies":[{"name":"wp","href":"https:\/\/api.w.org\/{rel}","templated":true}]}}