{"id":189139,"date":"2014-09-12T00:01:57","date_gmt":"2014-09-12T05:01:57","guid":{"rendered":"http:\/\/www.diarioimagen.net\/?p=189139"},"modified":"2014-09-12T03:50:39","modified_gmt":"2014-09-12T08:50:39","slug":"estamos-todos-arrestados","status":"publish","type":"post","link":"https:\/\/www.diarioimagen.net\/?p=189139","title":{"rendered":"Estamos todos arrestados"},"content":{"rendered":"<h2>Pol\u00edtica Spot<\/h2>\n<h5>Juan Manuel Maga\u00f1a<\/h5>\n<p>&nbsp;<\/p>\n<p>El mi\u00e9rcoles dijimos aqu\u00ed que el gobernador de Sonora, el panista Guillermo Padr\u00e9s El\u00edas, hab\u00eda soltado una aut\u00e9ntica bomba declarativa. Pero por lo visto le contestaron con otra.<\/p>\n<p>Hab\u00eda afirmado sin rodeos, el d\u00eda anterior, que los delegados federales de la Procuradur\u00eda Federal de Protecci\u00f3n al Ambiente (Profepa), de la Secretar\u00eda de Medio Ambiente y Recursos Naturales (Semarnat) y de la Comisi\u00f3n Nacional del Agua (Conagua) sab\u00edan desde antes del 6 de agosto de las irregularidades en el manejo de contaminantes en la mina Buenavista del Cobre, del Grupo M\u00e9xico, y por \u201comisi\u00f3n o encubrimiento\u201d no actuaron para evitar el desastre ecol\u00f3gico en el r\u00edo Sonora.<\/p>\n<p>Y es m\u00e1s, el mandatario estatal hab\u00eda exigido la renuncia del titular federal de la Profepa, en tanto que asegur\u00f3 que los delegados de esa dependencia \u201cya no ser\u00e1n aceptados en las reuniones del Comit\u00e9 de Atenci\u00f3n a Emergencias\u201d, que cada semana analiza la emergencia en el r\u00edo Sonora.<\/p>\n<p>Quienes vieron en ese hecho simples bravatas contra el gobierno federal dicen que Padr\u00e9s no calcul\u00f3 la respuesta de este mi\u00e9rcoles en la que el vocero presidencial Eduardo S\u00e1nchez le dijo que es facultad del Presidente nombrar y remover delegados federales y no del gobernador de Sonora.<\/p>\n<p>Y no s\u00f3lo eso. Ese mismo d\u00eda David Korenfeld, titular de Conagua, dej\u00f3 en claro que se investigar\u00e1 a fondo la presa del rancho Pozo Nuevo y si est\u00e1 ilegal, la van a demoler. Y se investigar\u00e1 tambi\u00e9n a los funcionarios anteriores que permitieron su construcci\u00f3n. Para colmo, Guillermo Haro, titular de Profepa, estipul\u00f3 que se iba a actuar a fondo contra la minera. La confrontaci\u00f3n era clara: iban por Germ\u00e1n Larrea y por Guillermo Padr\u00e9s.<\/p>\n<p>El gobernador tiene un flanco muy d\u00e9bil. Esta misma semana se denunci\u00f3 que la presa que el gobernador Guillermo Padr\u00e9s mand\u00f3 construir en su rancho Pozo Nuevo \u2013en el municipio de Arizpe\u2013 almacena en este momento 10 millones de metros c\u00fabicos de agua, suficientes para dotar del l\u00edquido durante dos meses y medio a Hermosillo, y que la construcci\u00f3n de una cortina de esas dimensiones habr\u00eda costado m\u00e1s de 170 millones de pesos, cuando el mandatario declar\u00f3 \u2013en documentos patrimoniales\u2013 que la propiedad ten\u00eda un valor de 5 millones de pesos.<\/p>\n<p>Un diario vio con sencillez la siguiente ecuaci\u00f3n en el cuadro sonorense: a la entidad el Grupo M\u00e9xico la envenena y el panista gobernador Padr\u00e9s acapara su agua.<\/p>\n<p>Peor a\u00fan, una comisi\u00f3n legislativa investigar\u00e1 si el gobernador Guillermo Padr\u00e9s y su hermano Miguel utilizan a sus hijos menores de edad para lavar dinero o en su caso demuestren fiscalmente c\u00f3mo el rancho de su propiedad pas\u00f3 del 5 de julio de 2011 de tener un valor de 5 millones 9 mil 828.97 pesos, a contar con una cortina de presa hidr\u00e1ulica de 170 millones de pesos de ilegal construcci\u00f3n y una siembra establecida de 350 hect\u00e1reas de nogal con un valor aproximado de 262 millones 500 mil pesos, que suman en total 432 millones 500 mil pesos.<\/p>\n<p>Dec\u00edamos en una entrega anterior que \u201cel problema es inmenso y es hora que no ha rodado ninguna cabeza importante en el asunto. Lo que denuncia el gobernador Padr\u00e9s simple y sencillamente apunta al sistema de corrupci\u00f3n, encubrimiento e impunidad de siempre. Tendr\u00e1 que probarlo, pero de entrada su revelaci\u00f3n descorre un velo que, como todo mundo supone, oculta la verdad de lo ocurrido all\u00e1\u201d.<\/p>\n<p>Claro que al acusar, Padr\u00e9s tambi\u00e9n puede estar intentando poner otro velo pero para tapar su propia irregularidad. En realidad, el desastre en Sonora est\u00e1 mostrando que no se puede meter las manos al fuego por nadie. Que es muy posible que todos sean responsables de lo ocurrido.<\/p>\n<p>Que todos, para variar, est\u00e9n fuera de lugar, pues s\u00f3lo as\u00ed se explica un desastre de ese tama\u00f1o, junto con la corrupci\u00f3n y la impunidad que tiene de envoltura. All\u00e1, como en tantas otras partes del pa\u00eds, aplica la expresi\u00f3n \u201cestamos todos arrestados\u201d.<\/p>\n<p><em><a href=\"mailto:%20maganapalace@yahoo.com.mx\" target=\"_blank\">maganapalace@yahoo.com.mx<\/a><\/em><\/p>\n","protected":false},"excerpt":{"rendered":"<p><span style=\"color: #005497;\"><strong>Juan Manuel Maga\u00f1a<\/strong><\/span><\/p>\n","protected":false},"author":3,"featured_media":0,"comment_status":"open","ping_status":"open","sticky":false,"template":"","format":"standard","meta":{"_monsterinsights_skip_tracking":false,"_monsterinsights_sitenote_active":false,"_monsterinsights_sitenote_note":"","_monsterinsights_sitenote_category":0,"footnotes":""},"categories":[22905],"tags":[43709,43674,22904,49],"class_list":["post-189139","post","type-post","status-publish","format-standard","hentry","category-juan-manuel-magana","tag-juan-manuel-magana","tag-opinion","tag-politica-spot","tag-sonora"],"_links":{"self":[{"href":"https:\/\/www.diarioimagen.net\/index.php?rest_route=\/wp\/v2\/posts\/189139","targetHints":{"allow":["GET"]}}],"collection":[{"href":"https:\/\/www.diarioimagen.net\/index.php?rest_route=\/wp\/v2\/posts"}],"about":[{"href":"https:\/\/www.diarioimagen.net\/index.php?rest_route=\/wp\/v2\/types\/post"}],"author":[{"embeddable":true,"href":"https:\/\/www.diarioimagen.net\/index.php?rest_route=\/wp\/v2\/users\/3"}],"replies":[{"embeddable":true,"href":"https:\/\/www.diarioimagen.net\/index.php?rest_route=%2Fwp%2Fv2%2Fcomments&post=189139"}],"version-history":[{"count":0,"href":"https:\/\/www.diarioimagen.net\/index.php?rest_route=\/wp\/v2\/posts\/189139\/revisions"}],"wp:attachment":[{"href":"https:\/\/www.diarioimagen.net\/index.php?rest_route=%2Fwp%2Fv2%2Fmedia&parent=189139"}],"wp:term":[{"taxonomy":"category","embeddable":true,"href":"https:\/\/www.diarioimagen.net\/index.php?rest_route=%2Fwp%2Fv2%2Fcategories&post=189139"},{"taxonomy":"post_tag","embeddable":true,"href":"https:\/\/www.diarioimagen.net\/index.php?rest_route=%2Fwp%2Fv2%2Ftags&post=189139"}],"curies":[{"name":"wp","href":"https:\/\/api.w.org\/{rel}","templated":true}]}}